{"id":15567,"date":"2024-07-11T16:52:27","date_gmt":"2024-07-11T21:52:27","guid":{"rendered":"https:\/\/teegro.gob.mx\/sitio2023\/?p=15567"},"modified":"2024-07-12T14:34:02","modified_gmt":"2024-07-12T19:34:02","slug":"quincuagesima-quinta-sesion-12-de-julio","status":"publish","type":"post","link":"https:\/\/teegro.gob.mx\/sitio2025\/quincuagesima-quinta-sesion-12-de-julio\/","title":{"rendered":"Quincuag\u00e9sima Quinta Sesi\u00f3n &#8211; 12 de Julio"},"content":{"rendered":"<p><!-- VideographyWP Plugin Message: Automatic video embedding prevented by plugin options. --><\/p>\n<ul>\n<li><a href=\"https:\/\/teegro.gob.mx\/sitio2023\/wp-content\/uploads\/2024\/07\/Lista120724.pdf\">Orden del d\u00eda<\/a><\/li>\n<li><a href=\"https:\/\/youtu.be\/1qujY0d6qnc\">V\u00eddeo de la Sesi\u00f3n<\/a><\/li>\n<\/ul>\n<h3>Contenido<\/h3>\n<ul>\n<li>TEE\/JIN\/007\/2024 &#8211; MORENA<\/li>\n<li>TEE\/JEC\/201\/2024 &#8211; Jes\u00fas Rosario Ben\u00edtez<\/li>\n<li>TEE\/RAP\/051\/2024 &#8211; Representante del PRI, ante el Consejo Distrital Electoral 12, del IEPC<\/li>\n<li>TEE\/JEC\/180\/2024 &#8211; Guadalupe Castillo Alonso<\/li>\n<li>TEE\/JEC\/183\/2024 &#8211; Joel Navarro Flores<br \/>\n<!--more--><\/li>\n<\/ul>\n<h3><strong>TEE\/JIN\/007\/2024<\/strong><\/h3>\n<p><strong>Actor:<\/strong> MORENA<\/p>\n<p><strong>Autoridad responsable:<\/strong> Consejo Distrital Electoral 15, del IEPC<\/p>\n<p><strong>Descarga:<\/strong> <a href=\"https:\/\/teegro.gob.mx\/sitio2023\/wp-content\/uploads\/2024\/07\/TEE-JIN-007-2024.pdf\">Descarga<\/a><\/p>\n<h3><strong>TEE\/JEC\/201\/2024<\/strong><\/h3>\n<p><strong>Actor:<\/strong> Jes\u00fas Rosario Ben\u00edtez<\/p>\n<p><strong>Autoridad responsable:<\/strong> Consejo Distrital Electoral 15, del IEPC<\/p>\n<p><strong>Descarga:<\/strong> <a href=\"https:\/\/teegro.gob.mx\/sitio2023\/wp-content\/uploads\/2024\/07\/TEE-JEC-201-2024.pdf\">Descarga<\/a><\/p>\n<h3><strong>TEE\/RAP\/051\/2024<\/strong><\/h3>\n<p><strong>Actor:<\/strong> Representante del PRI, ante el Consejo Distrital Electoral 12, del IEPC<\/p>\n<p><strong>Autoridad responsable:<\/strong> TEEGRO<\/p>\n<p><strong>Descarga:<\/strong> <a href=\"https:\/\/teegro.gob.mx\/sitio2023\/wp-content\/uploads\/2024\/07\/TEE-RAP-051-2024.pdf\">Descarga<\/a><\/p>\n<h3><strong>TEE\/JEC\/180\/2024<\/strong><\/h3>\n<p><strong>Actor:<\/strong> Guadalupe Castillo Alonso<\/p>\n<p><strong>Autoridad responsable:<\/strong> Consejo Distrital Electoral 19, del IEPC<\/p>\n<p><strong>Descarga:<\/strong> <a href=\"https:\/\/teegro.gob.mx\/sitio2023\/wp-content\/uploads\/2024\/07\/TEE-JEC-180-2024.pdf\">Descarga<\/a><\/p>\n<h3><strong>TEE\/JEC\/183\/2024<\/strong><\/h3>\n<p><strong>Actor:<\/strong> Joel Navarro Flores<\/p>\n<p><strong>Autoridad responsable:<\/strong> Consejo Distrital Electoral 14, del IEPC<\/p>\n<p><strong>Descarga:<\/strong> <a href=\"https:\/\/teegro.gob.mx\/sitio2023\/wp-content\/uploads\/2024\/07\/TEE-JEC-183-2024.pdf\">Descarga<\/a><\/p>\n","protected":false},"excerpt":{"rendered":"<p>Orden del d\u00eda V\u00eddeo de la Sesi\u00f3n Contenido TEE\/JIN\/007\/2024 &#8211; MORENA TEE\/JEC\/201\/2024 &#8211; Jes\u00fas Rosario Ben\u00edtez TEE\/RAP\/051\/2024 &#8211; Representante del PRI, ante el Consejo Distrital Electoral 12, del IEPC TEE\/JEC\/180\/2024 &#8211; Guadalupe Castillo Alonso TEE\/JEC\/183\/2024 &#8211; Joel Navarro Flores<\/p>\n","protected":false},"author":1,"featured_media":0,"comment_status":"open","ping_status":"open","sticky":false,"template":"","format":"standard","meta":{"_acf_changed":false,"footnotes":""},"categories":[210],"tags":[],"class_list":["post-15567","post","type-post","status-publish","format-standard","hentry","category-gaceta"],"acf":[],"_links":{"self":[{"href":"https:\/\/teegro.gob.mx\/sitio2025\/wp-json\/wp\/v2\/posts\/15567","targetHints":{"allow":["GET"]}}],"collection":[{"href":"https:\/\/teegro.gob.mx\/sitio2025\/wp-json\/wp\/v2\/posts"}],"about":[{"href":"https:\/\/teegro.gob.mx\/sitio2025\/wp-json\/wp\/v2\/types\/post"}],"author":[{"embeddable":true,"href":"https:\/\/teegro.gob.mx\/sitio2025\/wp-json\/wp\/v2\/users\/1"}],"replies":[{"embeddable":true,"href":"https:\/\/teegro.gob.mx\/sitio2025\/wp-json\/wp\/v2\/comments?post=15567"}],"version-history":[{"count":13,"href":"https:\/\/teegro.gob.mx\/sitio2025\/wp-json\/wp\/v2\/posts\/15567\/revisions"}],"predecessor-version":[{"id":15586,"href":"https:\/\/teegro.gob.mx\/sitio2025\/wp-json\/wp\/v2\/posts\/15567\/revisions\/15586"}],"wp:attachment":[{"href":"https:\/\/teegro.gob.mx\/sitio2025\/wp-json\/wp\/v2\/media?parent=15567"}],"wp:term":[{"taxonomy":"category","embeddable":true,"href":"https:\/\/teegro.gob.mx\/sitio2025\/wp-json\/wp\/v2\/categories?post=15567"},{"taxonomy":"post_tag","embeddable":true,"href":"https:\/\/teegro.gob.mx\/sitio2025\/wp-json\/wp\/v2\/tags?post=15567"}],"curies":[{"name":"wp","href":"https:\/\/api.w.org\/{rel}","templated":true}]}}