{"id":15842,"date":"2024-07-26T15:57:10","date_gmt":"2024-07-26T20:57:10","guid":{"rendered":"https:\/\/teegro.gob.mx\/sitio2023\/?p=15842"},"modified":"2024-07-27T10:38:09","modified_gmt":"2024-07-27T15:38:09","slug":"sexagesima-primera-sesion-27-de-julio","status":"publish","type":"post","link":"https:\/\/teegro.gob.mx\/sitio2025\/sexagesima-primera-sesion-27-de-julio\/","title":{"rendered":"Sexag\u00e9sima Primera Sesi\u00f3n &#8211; 27 de Julio"},"content":{"rendered":"<p><!-- VideographyWP Plugin Message: Automatic video embedding prevented by plugin options. --><\/p>\n<ul>\n<li><a href=\"https:\/\/teegro.gob.mx\/sitio2023\/wp-content\/uploads\/2024\/07\/Lista270724.pdf\">Orden del d\u00eda<\/a><\/li>\n<li><a href=\"https:\/\/youtu.be\/nyghgQ7yOpA\">V\u00eddeo de la Sesi\u00f3n<\/a><\/li>\n<\/ul>\n<h3>Contenido<\/h3>\n<ul>\n<li>TEE\/AG\/001\/2024 y TEE\/JEC\/230\/2024, acumulados&nbsp; &#8211; Gloria Sierra Garc\u00eda, Viviana Vidal Le\u00f3n y Juan Ricardo Guti\u00e9rrez Morales<br \/>\n<!--more--><\/li>\n<\/ul>\n<h3><strong>TEE\/AG\/001\/2024 y TEE\/JEC\/230\/2024, acumulados<\/strong><\/h3>\n<p><strong>Compareciente\/Actor:<\/strong> Gloria Sierra Garc\u00eda, Viviana Vidal Le\u00f3n y Juan Ricardo Guti\u00e9rrez Morales<\/p>\n<p><strong>Autoridad responsable:<\/strong> Comisi\u00f3n de Elecciones de Ayutla de los Libres, Guerrero e IEPC<\/p>\n<p><strong>Descarga:<\/strong> <a href=\"https:\/\/teegro.gob.mx\/sitio2023\/wp-content\/uploads\/2024\/07\/TEE-JEC-230-2024-AG-001-Acumulados.pdf\">Descarga<\/a><\/p>\n","protected":false},"excerpt":{"rendered":"<p>Orden del d\u00eda V\u00eddeo de la Sesi\u00f3n Contenido TEE\/AG\/001\/2024 y TEE\/JEC\/230\/2024, acumulados&nbsp; &#8211; Gloria Sierra Garc\u00eda, Viviana Vidal Le\u00f3n y Juan Ricardo Guti\u00e9rrez Morales<\/p>\n","protected":false},"author":1,"featured_media":0,"comment_status":"open","ping_status":"open","sticky":false,"template":"","format":"standard","meta":{"_acf_changed":false,"footnotes":""},"categories":[210],"tags":[],"class_list":["post-15842","post","type-post","status-publish","format-standard","hentry","category-gaceta"],"acf":[],"_links":{"self":[{"href":"https:\/\/teegro.gob.mx\/sitio2025\/wp-json\/wp\/v2\/posts\/15842","targetHints":{"allow":["GET"]}}],"collection":[{"href":"https:\/\/teegro.gob.mx\/sitio2025\/wp-json\/wp\/v2\/posts"}],"about":[{"href":"https:\/\/teegro.gob.mx\/sitio2025\/wp-json\/wp\/v2\/types\/post"}],"author":[{"embeddable":true,"href":"https:\/\/teegro.gob.mx\/sitio2025\/wp-json\/wp\/v2\/users\/1"}],"replies":[{"embeddable":true,"href":"https:\/\/teegro.gob.mx\/sitio2025\/wp-json\/wp\/v2\/comments?post=15842"}],"version-history":[{"count":8,"href":"https:\/\/teegro.gob.mx\/sitio2025\/wp-json\/wp\/v2\/posts\/15842\/revisions"}],"predecessor-version":[{"id":15852,"href":"https:\/\/teegro.gob.mx\/sitio2025\/wp-json\/wp\/v2\/posts\/15842\/revisions\/15852"}],"wp:attachment":[{"href":"https:\/\/teegro.gob.mx\/sitio2025\/wp-json\/wp\/v2\/media?parent=15842"}],"wp:term":[{"taxonomy":"category","embeddable":true,"href":"https:\/\/teegro.gob.mx\/sitio2025\/wp-json\/wp\/v2\/categories?post=15842"},{"taxonomy":"post_tag","embeddable":true,"href":"https:\/\/teegro.gob.mx\/sitio2025\/wp-json\/wp\/v2\/tags?post=15842"}],"curies":[{"name":"wp","href":"https:\/\/api.w.org\/{rel}","templated":true}]}}