{"id":15853,"date":"2024-07-27T18:26:48","date_gmt":"2024-07-27T23:26:48","guid":{"rendered":"https:\/\/teegro.gob.mx\/sitio2023\/?p=15853"},"modified":"2024-07-28T14:08:44","modified_gmt":"2024-07-28T19:08:44","slug":"sexagesima-segunda-sesion-28-de-julio","status":"publish","type":"post","link":"https:\/\/teegro.gob.mx\/sitio2025\/sexagesima-segunda-sesion-28-de-julio\/","title":{"rendered":"Sexag\u00e9sima Segunda Sesi\u00f3n &#8211; 28 de Julio"},"content":{"rendered":"<p><!-- VideographyWP Plugin Message: Automatic video embedding prevented by plugin options. --><\/p>\n<ul>\n<li><a href=\"https:\/\/teegro.gob.mx\/sitio2023\/wp-content\/uploads\/2024\/07\/Lista280724.pdf\">Orden del d\u00eda<\/a><\/li>\n<li><a href=\"https:\/\/youtu.be\/UenNjJ_EhJ8\">V\u00eddeo de la Sesi\u00f3n<\/a><\/li>\n<\/ul>\n<h3>Contenido<\/h3>\n<ul>\n<li>TEE\/PES\/049\/2024 &#8211; Floritilia Mart\u00ednez Pe\u00f1abronce<\/li>\n<li>TEE\/LCI\/034\/2024 &#8211; Ad\u00e1n Salgado R\u00edos<\/li>\n<li>TEE\/JEC\/167\/2024 y TEE\/JEC\/204\/2024 acumulado &#8211; Zenaida Aguilar Garc\u00eda y Celso Alejandro V\u00e1zquez<\/li>\n<li>TEE\/PES\/048\/2024 &#8211; Dato Protegido<\/li>\n<li>&nbsp;TEE\/JEC\/195\/2024 y TEE\/JEC\/197\/2024 acumulados &#8211; Zenorina Campos Ram\u00edrez y Roberto Zapoteco Castro<br \/>\n<!--more--><\/li>\n<\/ul>\n<h3><strong>TEE\/PES\/049\/2024<\/strong><\/h3>\n<p><strong>Denunciante:<\/strong> Floritilia Mart\u00ednez Pe\u00f1abronce<\/p>\n<p><strong>Denunciado:<\/strong> Crisp\u00edn Agust\u00edn Mendoza<\/p>\n<p><strong>Descarga:<\/strong> <a href=\"https:\/\/teegro.gob.mx\/sitio2023\/wp-content\/uploads\/2024\/07\/TEE-PES-049-2024.pdf\">Descarga<\/a><\/p>\n<h3><strong>TEE\/LCI\/034\/2024<\/strong><\/h3>\n<p><strong>Compareciente:<\/strong> Ad\u00e1n Salgado R\u00edos<\/p>\n<p><strong>Autoridad responsable:<\/strong> IEPC<\/p>\n<p><strong>Descarga:<\/strong> <a href=\"https:\/\/teegro.gob.mx\/sitio2023\/wp-content\/uploads\/2024\/07\/TEE-LCI-034-2024.pdf\">Descarga<\/a><\/p>\n<h3><strong>TEE\/JEC\/167\/2024 y TEE\/JEC\/204\/2024 acumulado<\/strong><\/h3>\n<p><strong>Actor:<\/strong> Zenaida Aguilar Garc\u00eda y Celso Alejandro V\u00e1zquez<\/p>\n<p><strong>Autoridad responsable:<\/strong> Consejo Distrital Electoral 28, del IEPC<\/p>\n<p><strong>Descarga:<\/strong> <a href=\"https:\/\/teegro.gob.mx\/sitio2023\/wp-content\/uploads\/2024\/07\/TEE-JEC-167-2024.pdf\">Descarga<\/a><\/p>\n<h3><strong>TEE\/PES\/048\/2024<\/strong><\/h3>\n<p><strong>Denunciante:<\/strong> Dato Protegido<\/p>\n<p><strong>Denunciada:<\/strong> Abelina L\u00f3pez Rodr\u00edguez&nbsp;<\/p>\n<p><strong>Descarga:<\/strong> <a href=\"https:\/\/teegro.gob.mx\/sitio2023\/wp-content\/uploads\/2024\/07\/TEE-PES-048-2024-VP.pdf\">Descarga<\/a><\/p>\n<h3><strong>TEE\/<\/strong>JEC\/195\/2024 y <strong>TEE\/JEC\/197\/2024 acumulados<\/strong><\/h3>\n<p><strong>Actor:<\/strong> Zenorina Campos Ram\u00edrez y Roberto Zapoteco Castro<\/p>\n<p><strong>Autoridad responsable:<\/strong> Consejo Distrital Electoral 24, del IEPC<\/p>\n<p><strong>Descarga:<\/strong> <a href=\"https:\/\/teegro.gob.mx\/sitio2023\/wp-content\/uploads\/2024\/07\/TEE-JEC-195-2024-y-Acumulado.pdf\">Descarga<\/a><\/p>\n","protected":false},"excerpt":{"rendered":"<p>Orden del d\u00eda V\u00eddeo de la Sesi\u00f3n Contenido TEE\/PES\/049\/2024 &#8211; Floritilia Mart\u00ednez Pe\u00f1abronce TEE\/LCI\/034\/2024 &#8211; Ad\u00e1n Salgado R\u00edos TEE\/JEC\/167\/2024 y TEE\/JEC\/204\/2024 acumulado &#8211; Zenaida Aguilar Garc\u00eda y Celso Alejandro V\u00e1zquez TEE\/PES\/048\/2024 &#8211; Dato Protegido &nbsp;TEE\/JEC\/195\/2024 y TEE\/JEC\/197\/2024 acumulados &#8211; Zenorina Campos Ram\u00edrez y Roberto Zapoteco Castro<\/p>\n","protected":false},"author":1,"featured_media":0,"comment_status":"open","ping_status":"open","sticky":false,"template":"","format":"standard","meta":{"_acf_changed":false,"footnotes":""},"categories":[210],"tags":[],"class_list":["post-15853","post","type-post","status-publish","format-standard","hentry","category-gaceta"],"acf":[],"_links":{"self":[{"href":"https:\/\/teegro.gob.mx\/sitio2025\/wp-json\/wp\/v2\/posts\/15853","targetHints":{"allow":["GET"]}}],"collection":[{"href":"https:\/\/teegro.gob.mx\/sitio2025\/wp-json\/wp\/v2\/posts"}],"about":[{"href":"https:\/\/teegro.gob.mx\/sitio2025\/wp-json\/wp\/v2\/types\/post"}],"author":[{"embeddable":true,"href":"https:\/\/teegro.gob.mx\/sitio2025\/wp-json\/wp\/v2\/users\/1"}],"replies":[{"embeddable":true,"href":"https:\/\/teegro.gob.mx\/sitio2025\/wp-json\/wp\/v2\/comments?post=15853"}],"version-history":[{"count":13,"href":"https:\/\/teegro.gob.mx\/sitio2025\/wp-json\/wp\/v2\/posts\/15853\/revisions"}],"predecessor-version":[{"id":15872,"href":"https:\/\/teegro.gob.mx\/sitio2025\/wp-json\/wp\/v2\/posts\/15853\/revisions\/15872"}],"wp:attachment":[{"href":"https:\/\/teegro.gob.mx\/sitio2025\/wp-json\/wp\/v2\/media?parent=15853"}],"wp:term":[{"taxonomy":"category","embeddable":true,"href":"https:\/\/teegro.gob.mx\/sitio2025\/wp-json\/wp\/v2\/categories?post=15853"},{"taxonomy":"post_tag","embeddable":true,"href":"https:\/\/teegro.gob.mx\/sitio2025\/wp-json\/wp\/v2\/tags?post=15853"}],"curies":[{"name":"wp","href":"https:\/\/api.w.org\/{rel}","templated":true}]}}