{"id":15890,"date":"2024-07-29T19:15:55","date_gmt":"2024-07-30T00:15:55","guid":{"rendered":"https:\/\/teegro.gob.mx\/sitio2023\/?p=15890"},"modified":"2024-07-30T17:59:02","modified_gmt":"2024-07-30T22:59:02","slug":"sexagesima-tercera-sesion-30-de-julio","status":"publish","type":"post","link":"https:\/\/teegro.gob.mx\/sitio2025\/sexagesima-tercera-sesion-30-de-julio\/","title":{"rendered":"Sexag\u00e9sima Tercera Sesi\u00f3n &#8211; 30 de Julio"},"content":{"rendered":"<p><!-- VideographyWP Plugin Message: Automatic video embedding prevented by plugin options. --><\/p>\n<ul>\n<li><a href=\"https:\/\/teegro.gob.mx\/sitio2023\/wp-content\/uploads\/2024\/07\/Lista300724.pdf\">Orden del d\u00eda<\/a><\/li>\n<li><a href=\"https:\/\/youtu.be\/hSvf5ltl2A0\">V\u00eddeo de la Sesi\u00f3n<\/a><\/li>\n<\/ul>\n<h3>Contenido<\/h3>\n<ul>\n<li>TEE\/PES\/045\/2024 &#8211; Apolonio \u00c1lvarez Montes<\/li>\n<li>TEE\/RAP\/040\/2024 &#8211; PESG<\/li>\n<li>TEE\/RAP\/042\/2024 &#8211; PESG<\/li>\n<li>TEE\/RAP\/046\/2024 &#8211; PESG<\/li>\n<li>TEE\/JEC\/176\/2024 y TEE\/JEC\/186\/2024, acumulados &#8211; Omar Agama Chac\u00f3n y Nicol\u00e1s Mar\u00edn Encarnaci\u00f3n<\/li>\n<li>TEE\/RAP\/039\/2024 &#8211; PESG<\/li>\n<li>TEE\/RAP\/041\/2024 &#8211; PESG<\/li>\n<li>TEE\/RAP\/043\/2024 &#8211; PESG<br \/>\n<!--more--><\/li>\n<\/ul>\n<h3><strong>TEE\/PES\/045\/2024<\/strong><\/h3>\n<p><strong>Denunciante:<\/strong> Apolonio \u00c1lvarez Montes<\/p>\n<p><strong>Denunciado:<\/strong> Omar Gonz\u00e1lez \u00c1lvarez y Hazael Ch\u00e1vez Hesiquio<\/p>\n<p><strong>Descarga:<\/strong> <a href=\"https:\/\/teegro.gob.mx\/sitio2023\/wp-content\/uploads\/2024\/07\/TEE-PES-045-2024.pdf\">Descarga<\/a><\/p>\n<h3><strong>TEE\/RAP\/040\/2024<\/strong><\/h3>\n<p><strong>Actor:<\/strong> PESG<\/p>\n<p><strong>Autoridad responsable:<\/strong> Consejo Distrital Electoral 22, del IEPC<\/p>\n<p><strong>Descarga:<\/strong> <a href=\"https:\/\/teegro.gob.mx\/sitio2023\/wp-content\/uploads\/2024\/07\/TEE-RAP-040-2024.pdf\">Descarga<\/a><\/p>\n<h3><strong>TEE\/RAP\/042\/2024<\/strong><\/h3>\n<p><strong>Actor:<\/strong> PESG<\/p>\n<p><strong>Autoridad responsable:<\/strong> Consejo Distrital Electoral 26, del IEPC<\/p>\n<p><strong>Descarga:<\/strong> <a href=\"https:\/\/teegro.gob.mx\/sitio2023\/wp-content\/uploads\/2024\/07\/TEE-RAP-042-2024.pdf\">Descarga<\/a><\/p>\n<h3><strong>TEE\/RAP\/046\/2024<\/strong><\/h3>\n<p><strong>Actor:<\/strong> PESG<\/p>\n<p><strong>Autoridad responsable:<\/strong> Consejo Distrital Electoral 14, del IEPC<\/p>\n<p><strong>Descarga:<\/strong> <a href=\"https:\/\/teegro.gob.mx\/sitio2023\/wp-content\/uploads\/2024\/07\/TEE-RAP-046-2024.pdf\">Descarga<\/a><\/p>\n<h3><strong>TEE\/JEC\/176\/2024 y TEE\/JEC\/186\/2024, acumulados<\/strong><\/h3>\n<p><strong>Actor:<\/strong> Omar Agama Chac\u00f3n y Nicol\u00e1s Mar\u00edn Encarnaci\u00f3n<\/p>\n<p><strong>Autoridad responsable:<\/strong> Consejo Distrital Electoral 16, del IEPC<\/p>\n<p><strong>Descarga:<\/strong> <a href=\"https:\/\/teegro.gob.mx\/sitio2023\/wp-content\/uploads\/2024\/07\/TEE-JEC-176-2024-Y-Acumulado.pdf\">Descarga<\/a><\/p>\n<h3><strong>TEE\/RAP\/039\/2024<\/strong><\/h3>\n<p><strong>Actor:<\/strong> PESG<\/p>\n<p><strong>Autoridad responsable:<\/strong> Consejo Distrital Electoral 01, del IEPC<\/p>\n<p><strong>Descarga:<\/strong> <a href=\"https:\/\/teegro.gob.mx\/sitio2023\/wp-content\/uploads\/2024\/07\/TEE-RAP-039-2024.pdf\">Descarga<\/a><\/p>\n<h3><strong>TEE\/RAP\/041\/2024<\/strong><\/h3>\n<p><strong>Actor:<\/strong> PESG<\/p>\n<p><strong>Autoridad responsable:<\/strong> Consejo Distrital Electoral 24, del IEPC<\/p>\n<p><strong>Descarga:<\/strong> <a href=\"https:\/\/teegro.gob.mx\/sitio2023\/wp-content\/uploads\/2024\/07\/TEE-RAP-041-2024.pdf\">Descarga<\/a><\/p>\n<h3><strong>TEE\/RAP\/043\/2024<\/strong><\/h3>\n<p><strong>Actor:<\/strong> PESG<\/p>\n<p><strong>Autoridad responsable:<\/strong> Consejo Distrital Electoral 11, del IEPC<\/p>\n<p><strong>Descarga:<\/strong> <a href=\"https:\/\/teegro.gob.mx\/sitio2023\/wp-content\/uploads\/2024\/07\/TEE-RAP-043-2024.pdf\">Descarga<\/a><\/p>\n","protected":false},"excerpt":{"rendered":"<p>Orden del d\u00eda V\u00eddeo de la Sesi\u00f3n Contenido TEE\/PES\/045\/2024 &#8211; Apolonio \u00c1lvarez Montes TEE\/RAP\/040\/2024 &#8211; PESG TEE\/RAP\/042\/2024 &#8211; PESG TEE\/RAP\/046\/2024 &#8211; PESG TEE\/JEC\/176\/2024 y TEE\/JEC\/186\/2024, acumulados &#8211; Omar Agama Chac\u00f3n y Nicol\u00e1s Mar\u00edn Encarnaci\u00f3n TEE\/RAP\/039\/2024 &#8211; PESG TEE\/RAP\/041\/2024 &#8211; PESG TEE\/RAP\/043\/2024 &#8211; PESG<\/p>\n","protected":false},"author":1,"featured_media":0,"comment_status":"open","ping_status":"open","sticky":false,"template":"","format":"standard","meta":{"_acf_changed":false,"footnotes":""},"categories":[210],"tags":[],"class_list":["post-15890","post","type-post","status-publish","format-standard","hentry","category-gaceta"],"acf":[],"_links":{"self":[{"href":"https:\/\/teegro.gob.mx\/sitio2025\/wp-json\/wp\/v2\/posts\/15890","targetHints":{"allow":["GET"]}}],"collection":[{"href":"https:\/\/teegro.gob.mx\/sitio2025\/wp-json\/wp\/v2\/posts"}],"about":[{"href":"https:\/\/teegro.gob.mx\/sitio2025\/wp-json\/wp\/v2\/types\/post"}],"author":[{"embeddable":true,"href":"https:\/\/teegro.gob.mx\/sitio2025\/wp-json\/wp\/v2\/users\/1"}],"replies":[{"embeddable":true,"href":"https:\/\/teegro.gob.mx\/sitio2025\/wp-json\/wp\/v2\/comments?post=15890"}],"version-history":[{"count":15,"href":"https:\/\/teegro.gob.mx\/sitio2025\/wp-json\/wp\/v2\/posts\/15890\/revisions"}],"predecessor-version":[{"id":15920,"href":"https:\/\/teegro.gob.mx\/sitio2025\/wp-json\/wp\/v2\/posts\/15890\/revisions\/15920"}],"wp:attachment":[{"href":"https:\/\/teegro.gob.mx\/sitio2025\/wp-json\/wp\/v2\/media?parent=15890"}],"wp:term":[{"taxonomy":"category","embeddable":true,"href":"https:\/\/teegro.gob.mx\/sitio2025\/wp-json\/wp\/v2\/categories?post=15890"},{"taxonomy":"post_tag","embeddable":true,"href":"https:\/\/teegro.gob.mx\/sitio2025\/wp-json\/wp\/v2\/tags?post=15890"}],"curies":[{"name":"wp","href":"https:\/\/api.w.org\/{rel}","templated":true}]}}