{"id":15930,"date":"2024-07-30T18:47:00","date_gmt":"2024-07-30T23:47:00","guid":{"rendered":"https:\/\/teegro.gob.mx\/sitio2023\/?p=15930"},"modified":"2024-07-31T22:21:13","modified_gmt":"2024-08-01T03:21:13","slug":"sexagesima-quinta-sesion-31-de-julio","status":"publish","type":"post","link":"https:\/\/teegro.gob.mx\/sitio2025\/sexagesima-quinta-sesion-31-de-julio\/","title":{"rendered":"Sexag\u00e9sima Quinta Sesi\u00f3n &#8211; 31 de Julio"},"content":{"rendered":"<p><!-- VideographyWP Plugin Message: Automatic video embedding prevented by plugin options. --><\/p>\n<ul>\n<li><a href=\"https:\/\/teegro.gob.mx\/sitio2023\/wp-content\/uploads\/2024\/07\/Lista310724.pdf\">Orden del d\u00eda<\/a><\/li>\n<li><a href=\"https:\/\/youtu.be\/RyjaDIYLtrs\">V\u00eddeo de la Sesi\u00f3n<\/a><\/li>\n<\/ul>\n<h3>Contenido<\/h3>\n<ul>\n<li>TEE\/JEC\/222\/2024 <strong>Acuerdo Plenario<\/strong> &#8211; Francisco Alejandro Fabi\u00e1n Mujica<\/li>\n<li>TEE\/JEC\/187\/2024, TEE\/JEC\/216\/2024, TEE\/JEC\/217\/2024, TEE\/JEC\/218\/2024, TEE\/JEC\/219\/2024, TEE\/JEC\/220\/2024, TEE\/JEC\/221\/2024 y TEE\/JIN\/030\/2024, ACUMULADOS &#8211; Pablo Amilcar Sandoval Ballesteros y otras personas<\/li>\n<li>TEE\/JIN\/022\/2024 &#8211; Pablo Amilcar Sandoval Ballesteros y otras personas<br \/>\n<!--more--><\/li>\n<\/ul>\n<h3><strong>TEE\/JEC\/222\/2024 Acuerdo Plenario<\/strong><\/h3>\n<p><strong>Actor:<\/strong> Francisco Alejandro Fabi\u00e1n Mujica<\/p>\n<p><strong>Autoridad responsable:<\/strong> PBG<\/p>\n<p><strong>Descarga:<\/strong> <a href=\"https:\/\/teegro.gob.mx\/sitio2023\/wp-content\/uploads\/2024\/07\/TEE-JEC-222-2024-Acuerdo.pdf\">Descarga<\/a><\/p>\n<h3><strong>TEE\/JEC\/187\/2024, TEE\/JEC\/216\/2024, TEE\/JEC\/217\/2024, TEE\/JEC\/218\/2024, TEE\/JEC\/219\/2024, TEE\/JEC\/220\/2024, TEE\/JEC\/221\/2024 y TEE\/JIN\/030\/2024, ACUMULADOS<\/strong><\/h3>\n<p><strong>Actor:<\/strong> Pablo Amilcar Sandoval Ballesteros y otras personas<\/p>\n<p><strong>Autoridad responsable:<\/strong> IEPC<\/p>\n<p><strong>Descarga:<\/strong> Descarga<\/p>\n<h3><strong>TEE\/JIN\/022\/2024<\/strong><\/h3>\n<p><strong>Actor:<\/strong> PT<\/p>\n<p><strong>Autoridad responsable:<\/strong> Consejo Distrital Electoral 28, del IEPC<\/p>\n<p><strong>Descarga:<\/strong> <a href=\"https:\/\/teegro.gob.mx\/sitio2023\/wp-content\/uploads\/2024\/07\/TEE-JIN-022-2024.pdf\">Descarga<\/a><\/p>\n","protected":false},"excerpt":{"rendered":"<p>Orden del d\u00eda V\u00eddeo de la Sesi\u00f3n Contenido TEE\/JEC\/222\/2024 Acuerdo Plenario &#8211; Francisco Alejandro Fabi\u00e1n Mujica TEE\/JEC\/187\/2024, TEE\/JEC\/216\/2024, TEE\/JEC\/217\/2024, TEE\/JEC\/218\/2024, TEE\/JEC\/219\/2024, TEE\/JEC\/220\/2024, TEE\/JEC\/221\/2024 y TEE\/JIN\/030\/2024, ACUMULADOS &#8211; Pablo Amilcar Sandoval Ballesteros y otras personas TEE\/JIN\/022\/2024 &#8211; Pablo Amilcar Sandoval Ballesteros y otras personas<\/p>\n","protected":false},"author":1,"featured_media":0,"comment_status":"open","ping_status":"open","sticky":false,"template":"","format":"standard","meta":{"_acf_changed":false,"footnotes":""},"categories":[210],"tags":[],"class_list":["post-15930","post","type-post","status-publish","format-standard","hentry","category-gaceta"],"acf":[],"_links":{"self":[{"href":"https:\/\/teegro.gob.mx\/sitio2025\/wp-json\/wp\/v2\/posts\/15930","targetHints":{"allow":["GET"]}}],"collection":[{"href":"https:\/\/teegro.gob.mx\/sitio2025\/wp-json\/wp\/v2\/posts"}],"about":[{"href":"https:\/\/teegro.gob.mx\/sitio2025\/wp-json\/wp\/v2\/types\/post"}],"author":[{"embeddable":true,"href":"https:\/\/teegro.gob.mx\/sitio2025\/wp-json\/wp\/v2\/users\/1"}],"replies":[{"embeddable":true,"href":"https:\/\/teegro.gob.mx\/sitio2025\/wp-json\/wp\/v2\/comments?post=15930"}],"version-history":[{"count":11,"href":"https:\/\/teegro.gob.mx\/sitio2025\/wp-json\/wp\/v2\/posts\/15930\/revisions"}],"predecessor-version":[{"id":15955,"href":"https:\/\/teegro.gob.mx\/sitio2025\/wp-json\/wp\/v2\/posts\/15930\/revisions\/15955"}],"wp:attachment":[{"href":"https:\/\/teegro.gob.mx\/sitio2025\/wp-json\/wp\/v2\/media?parent=15930"}],"wp:term":[{"taxonomy":"category","embeddable":true,"href":"https:\/\/teegro.gob.mx\/sitio2025\/wp-json\/wp\/v2\/categories?post=15930"},{"taxonomy":"post_tag","embeddable":true,"href":"https:\/\/teegro.gob.mx\/sitio2025\/wp-json\/wp\/v2\/tags?post=15930"}],"curies":[{"name":"wp","href":"https:\/\/api.w.org\/{rel}","templated":true}]}}