{"id":15978,"date":"2024-08-06T16:13:37","date_gmt":"2024-08-06T21:13:37","guid":{"rendered":"https:\/\/teegro.gob.mx\/sitio2023\/?p=15978"},"modified":"2024-08-07T18:45:51","modified_gmt":"2024-08-07T23:45:51","slug":"sexagesima-septima-sesion-07-de-agosto","status":"publish","type":"post","link":"https:\/\/teegro.gob.mx\/sitio2025\/sexagesima-septima-sesion-07-de-agosto\/","title":{"rendered":"Sexag\u00e9sima S\u00e9ptima Sesi\u00f3n &#8211; 07 de Agosto"},"content":{"rendered":"<p><!-- VideographyWP Plugin Message: Automatic video embedding prevented by plugin options. --><\/p>\n<ul>\n<li><a href=\"https:\/\/teegro.gob.mx\/sitio2023\/wp-content\/uploads\/2024\/08\/Lista070824.pdf\">Orden del d\u00eda<\/a><\/li>\n<li><a href=\"https:\/\/youtu.be\/hHpaG5Dwnh8\">V\u00eddeo de la Sesi\u00f3n<\/a><\/li>\n<\/ul>\n<h3>Contenido<\/h3>\n<ul>\n<li>TEE\/JIN\/004\/2024,TEE\/JEC\/185\/2024 y&nbsp; TEE\/JIN\/019\/2024 &#8211; PVEM, Oscar S\u00e1nchez Luna y MC<\/li>\n<li>TEE\/LCI\/033\/2024 &#8211; Xiadani Abigail Hern\u00e1ndez Olea<\/li>\n<li>TEE\/RAP\/045\/2024 &#8211; PESG<\/li>\n<li>TEE\/RAP\/049\/2024 &#8211; PESG<\/li>\n<li>TEE\/JIN\/015\/2024 y TEE\/JEC\/224\/2024, acumulados &#8211; MC, Adoraci\u00f3n Ayala S\u00e1nchez, Francisco Vel\u00e1zquez Ad\u00e1n, Juan Jos\u00e9 Bernab\u00e9 Nava y Jos\u00e9 Magdaleno Lara Romero<\/li>\n<li>TEE\/JEC\/177\/2024 &#8211; Fredy Macario D\u00edaz<\/li>\n<li>TEE\/PES\/051\/2024 &#8211; Representante de MC, ante el Consejo Distrital Electoral 21, del IEPC<\/li>\n<li>TEE\/JIN\/009\/2024 y TEE\/JIN\/011\/2024, acumulados &#8211; TEE\/JIN\/009\/2024, PRD y TEE\/JIN\/011\/2024, Coalici\u00f3n Sigamos Haciendo en Guerrero, PT, PVEM y MORENA<\/li>\n<li>TEE\/RAP\/044\/2024 &#8211; PESG<\/li>\n<li>TEE\/JEC\/168\/2024, TEE\/JEC\/169\/2024, TEE\/JEC\/212\/2024,TEE\/\/JEC\/213\/2024, acumulados &#8211; Yovany Garc\u00eda Carmona, Yadira Elizabeth Delgado Carmona, Tranquilino Ram\u00edrez Jim\u00e9nez y Jos\u00e9 Alfredo Gonz\u00e1lez Gallardo<\/li>\n<li>TEE\/LCT\/035\/2024 &#8211; Alejandro Paul Hern\u00e1ndez Naranjo<br \/>\n<!--more--><\/li>\n<\/ul>\n<h3><strong>TEE\/<\/strong>JIN\/004\/2024, <strong>TEE\/JEC\/185\/2024 y&nbsp; TEE\/JIN\/019\/2024<br \/>\n<\/strong><\/h3>\n<p><strong>Actor:<\/strong> PVEM, Oscar S\u00e1nchez Luna y MC<\/p>\n<p><strong>Autoridad responsable:<\/strong> Consejo Distrital Electoral 13, del IEPC<\/p>\n<p><strong>Descarga:<\/strong> <a href=\"https:\/\/teegro.gob.mx\/sitio2023\/wp-content\/uploads\/2024\/08\/TEE-JIN-004-2024-y-Acumulados.pdf\">Descarga<\/a><\/p>\n<h3><strong>TEE\/LCI\/033\/2024<br \/>\n<\/strong><\/h3>\n<p><strong>Compareciente:<\/strong> Xiadani Abigail Hern\u00e1ndez Olea<\/p>\n<p><strong>Autoridad responsable:<\/strong> IEPC<\/p>\n<p><strong>Descarga:<\/strong> <a href=\"https:\/\/teegro.gob.mx\/sitio2023\/wp-content\/uploads\/2024\/08\/TEE-LCI-033-2024.pdf\">Descarga<\/a><\/p>\n<h3><strong>TEE\/RAP\/045\/2024<br \/>\n<\/strong><\/h3>\n<p><strong>Actor:<\/strong> PESG<\/p>\n<p><strong>Autoridad responsable:<\/strong> Consejo Distrital Electoral 8, del IEPC<\/p>\n<p><strong>Descarga:<\/strong> <a href=\"https:\/\/teegro.gob.mx\/sitio2023\/wp-content\/uploads\/2024\/08\/TEE-RAP-045-2024.pdf\">Descarga<\/a><\/p>\n<h3><strong>TEE\/RAP\/049\/2024<br \/>\n<\/strong><\/h3>\n<p><strong>Actor:<\/strong> PESG<\/p>\n<p><strong>Autoridad responsable:<\/strong> Consejo Distrital Electoral 20, del IEPC<\/p>\n<p><strong>Descarga:<\/strong> <a href=\"https:\/\/teegro.gob.mx\/sitio2023\/wp-content\/uploads\/2024\/08\/TEE-RAP-049-2024.pdf\">Descarga<\/a><\/p>\n<h3><strong>TEE\/JIN\/015\/2024 y TEE\/JEC\/224\/2024, acumulados<br \/>\n<\/strong><\/h3>\n<p><strong>Actor:<\/strong> MC, Adoraci\u00f3n Ayala S\u00e1nchez, Francisco Vel\u00e1zquez Ad\u00e1n, Juan Jos\u00e9 Bernab\u00e9 Nava y Jos\u00e9 Magdaleno Lara Romero<\/p>\n<p><strong>Autoridad responsable:<\/strong> Consejo Distrital Electoral 23, del IEPC<\/p>\n<p><strong>Descarga:<\/strong> <a href=\"https:\/\/teegro.gob.mx\/sitio2023\/wp-content\/uploads\/2024\/08\/TEE-JIN-015-2024-Y-Acumulado.pdf\">Descarga<\/a><\/p>\n<h3><strong>TEE\/JEC\/177\/2024<br \/>\n<\/strong><\/h3>\n<p><strong>Actor:<\/strong> Fredy Macario D\u00edaz<\/p>\n<p><strong>Autoridad responsable:<\/strong> Consejo Distrital Electoral 16, del IEPC<\/p>\n<p><strong>Descarga:<\/strong> <a href=\"https:\/\/teegro.gob.mx\/sitio2023\/wp-content\/uploads\/2024\/08\/TEE-JEC-177-2024.pdf\">Descarga<\/a><\/p>\n<h3><strong>TEE\/PES\/051\/2024<br \/>\n<\/strong><\/h3>\n<p><strong>Denunciante:<\/strong> Representante de MC, ante el Consejo Distrital Electoral 21, del IEPC<\/p>\n<p><strong>Denunciado:<\/strong> Venancio D\u00edaz Arroyo y otras personas<\/p>\n<p><strong>Descarga:<\/strong> <a href=\"https:\/\/teegro.gob.mx\/sitio2023\/wp-content\/uploads\/2024\/08\/TEE-PES-051-2024.pdf\">Descarga<\/a><\/p>\n<h3><strong>TEE\/JIN\/009\/2024 y TEE\/JIN\/011\/2024, acumulados<br \/>\n<\/strong><\/h3>\n<p><strong>Actor:<\/strong> TEE\/JIN\/009\/2024, PRD y TEE\/JIN\/011\/2024, Coalici\u00f3n Sigamos Haciendo en Guerrero, PT, PVEM y MORENA<\/p>\n<p><strong>Autoridad responsable:<\/strong> Consejo Distrital Electoral 12, del IEPC<\/p>\n<p><strong>Descarga:<\/strong> <a href=\"https:\/\/teegro.gob.mx\/sitio2023\/wp-content\/uploads\/2024\/08\/TEE-JIN-009-2024-y-Acumulado.pdf\">Descarga<\/a><\/p>\n<h3><strong>TEE\/RAP\/044\/2024<br \/>\n<\/strong><\/h3>\n<p><strong>Actor:<\/strong> PESG<\/p>\n<p><strong>Autoridad responsable:<\/strong> Consejo Distrital Electoral 27, del IEPC<\/p>\n<p><strong>Descarga:<\/strong> <a href=\"https:\/\/teegro.gob.mx\/sitio2023\/wp-content\/uploads\/2024\/08\/TEE-RAP-044-2024.pdf\">Descarga<\/a><\/p>\n<h3><strong>TEE\/<\/strong>JEC\/168\/2024, TEE\/JEC\/169\/2024, TEE\/JEC\/212\/2024, <strong>TEE\/JEC\/213\/2024, acumulados.<br \/>\n<\/strong><\/h3>\n<p><strong>Actor:<\/strong> Yovany Garc\u00eda Carmona, Yadira Elizabeth Delgado Carmona, Tranquilino Ram\u00edrez Jim\u00e9nez y Jos\u00e9 Alfredo Gonz\u00e1lez Gallardo<\/p>\n<p><strong>Autoridad responsable:<\/strong> Consejo Distrital Electoral 15, del IEPC<\/p>\n<p><strong>Descarga:<\/strong> <a href=\"https:\/\/teegro.gob.mx\/sitio2023\/wp-content\/uploads\/2024\/08\/TEE-JEC-168-2024-Y-Acumulados.pdf\">Descarga<\/a><\/p>\n<h3><strong>TEE\/LCT\/035\/2024<br \/>\n<\/strong><\/h3>\n<p><strong>Compareciente:<\/strong> Alejandro Paul Hern\u00e1ndez Naranjo<\/p>\n<p><strong>Autoridad responsable:<\/strong> TEEGRO<\/p>\n<p><strong>Descarga:<\/strong> <a href=\"https:\/\/teegro.gob.mx\/sitio2023\/wp-content\/uploads\/2024\/08\/TEE-LCT-035-2024.pdf\">Descarga<\/a><\/p>\n","protected":false},"excerpt":{"rendered":"<p>Orden del d\u00eda V\u00eddeo de la Sesi\u00f3n Contenido TEE\/JIN\/004\/2024,TEE\/JEC\/185\/2024 y&nbsp; TEE\/JIN\/019\/2024 &#8211; PVEM, Oscar S\u00e1nchez Luna y MC TEE\/LCI\/033\/2024 &#8211; Xiadani Abigail Hern\u00e1ndez Olea TEE\/RAP\/045\/2024 &#8211; PESG TEE\/RAP\/049\/2024 &#8211; PESG TEE\/JIN\/015\/2024 y TEE\/JEC\/224\/2024, acumulados &#8211; MC, Adoraci\u00f3n Ayala S\u00e1nchez, Francisco Vel\u00e1zquez Ad\u00e1n, Juan Jos\u00e9 Bernab\u00e9 Nava y Jos\u00e9 Magdaleno Lara Romero TEE\/JEC\/177\/2024 &#8211; Fredy Macario [&hellip;]<\/p>\n","protected":false},"author":1,"featured_media":0,"comment_status":"open","ping_status":"open","sticky":false,"template":"","format":"standard","meta":{"_acf_changed":false,"footnotes":""},"categories":[210],"tags":[],"class_list":["post-15978","post","type-post","status-publish","format-standard","hentry","category-gaceta"],"acf":[],"_links":{"self":[{"href":"https:\/\/teegro.gob.mx\/sitio2025\/wp-json\/wp\/v2\/posts\/15978","targetHints":{"allow":["GET"]}}],"collection":[{"href":"https:\/\/teegro.gob.mx\/sitio2025\/wp-json\/wp\/v2\/posts"}],"about":[{"href":"https:\/\/teegro.gob.mx\/sitio2025\/wp-json\/wp\/v2\/types\/post"}],"author":[{"embeddable":true,"href":"https:\/\/teegro.gob.mx\/sitio2025\/wp-json\/wp\/v2\/users\/1"}],"replies":[{"embeddable":true,"href":"https:\/\/teegro.gob.mx\/sitio2025\/wp-json\/wp\/v2\/comments?post=15978"}],"version-history":[{"count":21,"href":"https:\/\/teegro.gob.mx\/sitio2025\/wp-json\/wp\/v2\/posts\/15978\/revisions"}],"predecessor-version":[{"id":16017,"href":"https:\/\/teegro.gob.mx\/sitio2025\/wp-json\/wp\/v2\/posts\/15978\/revisions\/16017"}],"wp:attachment":[{"href":"https:\/\/teegro.gob.mx\/sitio2025\/wp-json\/wp\/v2\/media?parent=15978"}],"wp:term":[{"taxonomy":"category","embeddable":true,"href":"https:\/\/teegro.gob.mx\/sitio2025\/wp-json\/wp\/v2\/categories?post=15978"},{"taxonomy":"post_tag","embeddable":true,"href":"https:\/\/teegro.gob.mx\/sitio2025\/wp-json\/wp\/v2\/tags?post=15978"}],"curies":[{"name":"wp","href":"https:\/\/api.w.org\/{rel}","templated":true}]}}