{"id":16020,"date":"2024-08-12T15:42:02","date_gmt":"2024-08-12T20:42:02","guid":{"rendered":"https:\/\/teegro.gob.mx\/sitio2023\/?p=16020"},"modified":"2024-08-13T17:18:23","modified_gmt":"2024-08-13T22:18:23","slug":"sexagesima-octava-sesion-13-de-agosto","status":"publish","type":"post","link":"https:\/\/teegro.gob.mx\/sitio2025\/sexagesima-octava-sesion-13-de-agosto\/","title":{"rendered":"Sexag\u00e9sima Octava Sesi\u00f3n &#8211; 13 de Agosto"},"content":{"rendered":"<p><!-- VideographyWP Plugin Message: Automatic video embedding prevented by plugin options. --><\/p>\n<ul>\n<li><a href=\"https:\/\/teegro.gob.mx\/sitio2023\/wp-content\/uploads\/2024\/08\/Lista130824.pdf\">Orden del d\u00eda<\/a><\/li>\n<li><a href=\"https:\/\/youtu.be\/xOXiaW0eIsE\">V\u00eddeo de la Sesi\u00f3n<\/a><\/li>\n<\/ul>\n<h3>Contenido<\/h3>\n<ul>\n<li>TEE\/PES\/042\/2024 &#8211; MORENA<\/li>\n<li>TEE\/JEC\/231\/2024 &#8211; Guadalupe Gonz\u00e1lez Su\u00e1stegui<\/li>\n<li>TEE\/JIN\/025\/2024 &#8211; Representante de MORENA, ante el Consejo Distrital Electoral 28, del IEPC<br \/>\n<!--more--><\/li>\n<\/ul>\n<h3><strong>TEE\/PES\/042\/2024<\/strong><strong><br \/>\n<\/strong><\/h3>\n<p><strong>Actor:<\/strong> MORENA<\/p>\n<p><strong>Autoridad responsable:<\/strong> Arturo Arzeta Serna<\/p>\n<p><strong>Descarga:<\/strong> <a href=\"https:\/\/teegro.gob.mx\/sitio2023\/wp-content\/uploads\/2024\/08\/TEE-PES-042-2024.pdf\">Descarga<\/a><\/p>\n<h3><strong>TEE\/JEC\/231\/2024<br \/>\n<\/strong><\/h3>\n<p><strong>Denunciante:<\/strong> Guadalupe Gonz\u00e1lez Su\u00e1stegui<\/p>\n<p><strong>Denunciado:<\/strong> PAN<\/p>\n<p><strong>Descarga:<\/strong> <a href=\"https:\/\/teegro.gob.mx\/sitio2023\/wp-content\/uploads\/2024\/08\/TEE-JEC-231-2024.pdf\">Descarga<\/a><\/p>\n<h3><strong>TEE\/JIN\/025\/2024&nbsp;<br \/>\n<\/strong><\/h3>\n<p><strong>Actor:<\/strong> Representante de MORENA, ante el Consejo Distrital Electoral 28, del IEPC<\/p>\n<p><strong>Autoridad responsable:<\/strong> Consejo Distrital Electoral 28, del IEPC<\/p>\n<p><strong>Descarga:<\/strong> <a href=\"https:\/\/teegro.gob.mx\/sitio2023\/wp-content\/uploads\/2024\/08\/TEE-JIN-025-2024-Incidente.pdf\">Descarga<\/a><\/p>\n","protected":false},"excerpt":{"rendered":"<p>Orden del d\u00eda V\u00eddeo de la Sesi\u00f3n Contenido TEE\/PES\/042\/2024 &#8211; MORENA TEE\/JEC\/231\/2024 &#8211; Guadalupe Gonz\u00e1lez Su\u00e1stegui TEE\/JIN\/025\/2024 &#8211; Representante de MORENA, ante el Consejo Distrital Electoral 28, del IEPC<\/p>\n","protected":false},"author":1,"featured_media":0,"comment_status":"open","ping_status":"open","sticky":false,"template":"","format":"standard","meta":{"_acf_changed":false,"footnotes":""},"categories":[210],"tags":[],"class_list":["post-16020","post","type-post","status-publish","format-standard","hentry","category-gaceta"],"acf":[],"_links":{"self":[{"href":"https:\/\/teegro.gob.mx\/sitio2025\/wp-json\/wp\/v2\/posts\/16020","targetHints":{"allow":["GET"]}}],"collection":[{"href":"https:\/\/teegro.gob.mx\/sitio2025\/wp-json\/wp\/v2\/posts"}],"about":[{"href":"https:\/\/teegro.gob.mx\/sitio2025\/wp-json\/wp\/v2\/types\/post"}],"author":[{"embeddable":true,"href":"https:\/\/teegro.gob.mx\/sitio2025\/wp-json\/wp\/v2\/users\/1"}],"replies":[{"embeddable":true,"href":"https:\/\/teegro.gob.mx\/sitio2025\/wp-json\/wp\/v2\/comments?post=16020"}],"version-history":[{"count":10,"href":"https:\/\/teegro.gob.mx\/sitio2025\/wp-json\/wp\/v2\/posts\/16020\/revisions"}],"predecessor-version":[{"id":16033,"href":"https:\/\/teegro.gob.mx\/sitio2025\/wp-json\/wp\/v2\/posts\/16020\/revisions\/16033"}],"wp:attachment":[{"href":"https:\/\/teegro.gob.mx\/sitio2025\/wp-json\/wp\/v2\/media?parent=16020"}],"wp:term":[{"taxonomy":"category","embeddable":true,"href":"https:\/\/teegro.gob.mx\/sitio2025\/wp-json\/wp\/v2\/categories?post=16020"},{"taxonomy":"post_tag","embeddable":true,"href":"https:\/\/teegro.gob.mx\/sitio2025\/wp-json\/wp\/v2\/tags?post=16020"}],"curies":[{"name":"wp","href":"https:\/\/api.w.org\/{rel}","templated":true}]}}