{"id":16044,"date":"2024-08-19T16:34:13","date_gmt":"2024-08-19T21:34:13","guid":{"rendered":"https:\/\/teegro.gob.mx\/sitio2023\/?p=16044"},"modified":"2024-08-22T17:06:07","modified_gmt":"2024-08-22T22:06:07","slug":"sexagesima-novena-sesion-20-de-agosto","status":"publish","type":"post","link":"https:\/\/teegro.gob.mx\/sitio2025\/sexagesima-novena-sesion-20-de-agosto\/","title":{"rendered":"Sexag\u00e9sima Novena Sesi\u00f3n &#8211; 20 de Agosto"},"content":{"rendered":"<p><!-- VideographyWP Plugin Message: Automatic video embedding prevented by plugin options. --><\/p>\n<ul>\n<li><a href=\"https:\/\/teegro.gob.mx\/sitio2023\/wp-content\/uploads\/2024\/08\/Lista200824.pdf\">Orden del d\u00eda<\/a><\/li>\n<li><a href=\"https:\/\/youtu.be\/dI29CqdAF7E\">V\u00eddeo de la Sesi\u00f3n<\/a><\/li>\n<\/ul>\n<h3>Contenido<\/h3>\n<ul>\n<li>TEE\/RAP\/048\/2024 <strong>Acuerdo Plenario<\/strong> &#8211; Representante de MC, ante el Consejo Distrital Electoral 01, del IPEC<\/li>\n<li>TEE\/JEC\/222\/2024 <strong>Acuerdo Plenario<\/strong> &#8211; Francisco Alejandro Fabi\u00e1n Mujica<\/li>\n<li>TEE\/JIN\/014\/2024 &#8211; PRD<\/li>\n<li>TEE\/JEC\/225\/2024 &#8211; Mar\u00eda Esther de la Cruz Mar\u00edn, ind\u00edgena- Afromexicana y Comisaria Municipal de los \u201c\u00d3rganos, de Juan R. Escudero\u201d. Acapulco<\/li>\n<li>TEE\/JIN\/012\/2024 y su acumulado TEE\/JEC\/178\/2024 &#8211; PVEM Y Getulio Ram\u00edrez Chino<\/li>\n<li>TEE\/JEC\/206\/2024 &#8211; Aracely Alhel\u00ed Alvarado Gonz\u00e1lez<\/li>\n<li>TEE\/JEC\/215\/2024 y TEE\/JIN\/027\/2024, acumulado &#8211; Victoriano Wences Real y otra persona<\/li>\n<li>TEE\/JIN\/008\/2024, TEE\/JEC\/196\/2024 y TEE\/JIN\/025\/2024 Acumulados &#8211; Representante de Morena ante el Consejo Distrital 28, del IEPC y Francisco Sierra Pl\u00e1cido<\/li>\n<li>TEE\/JEC\/234\/2024 &#8211; Corina S\u00e1nchez S\u00e1nchez y otra persona<\/li>\n<li>TEE\/LCI\/036\/2024 &#8211; Ma. Eleazar Hern\u00e1ndez Ram\u00edrez<\/li>\n<li>TEE\/PES\/052\/2024 &#8211; Dato Protegido<\/li>\n<li>TEE\/JEC\/209\/2024 TEE\/JIN\/026\/2024 Acumulados &#8211; Selene Sotelo Maldonado y PRI<br \/>\n<!--more--><\/li>\n<\/ul>\n<h3><strong>TEE\/RAP\/048\/2024 Acuerdo Plenario<br \/>\n<\/strong><\/h3>\n<p><strong>Actor:<\/strong> Representante de MC, ante el Consejo Distrital Electoral 01, del IPEC<\/p>\n<p><strong>Autoridad responsable:<\/strong> IEPC<\/p>\n<p><strong>Descarga:<\/strong> <a href=\"https:\/\/teegro.gob.mx\/sitio2023\/wp-content\/uploads\/2024\/08\/TEE-RAP-048-2024.pdf\">Descarga<\/a><\/p>\n<h3><strong>TEE\/JEC\/222\/2024 Acuerdo Plenario<br \/>\n<\/strong><\/h3>\n<p><strong>Actor:<\/strong> Francisco Alejandro Fabi\u00e1n Mujica<\/p>\n<p><strong>Autoridad responsable:<\/strong> PBG<\/p>\n<p><strong>Descarga:<\/strong> <a href=\"https:\/\/teegro.gob.mx\/sitio2023\/wp-content\/uploads\/2024\/08\/TEE-JEC-222-2024.pdf\">Descarga<\/a><\/p>\n<h3><strong>TEE\/JIN\/014\/2024<\/strong><strong><br \/>\n<\/strong><\/h3>\n<p><strong>Actor:<\/strong> PRD<\/p>\n<p><strong>Autoridad responsable:<\/strong> Consejo Distrital Electoral 16, del IEPC<\/p>\n<p><strong>Descarga:<\/strong> <a href=\"https:\/\/teegro.gob.mx\/sitio2023\/wp-content\/uploads\/2024\/08\/TEE-JIN-014-2024.pdf\">Descarga<\/a><\/p>\n<h3><strong>TEE\/JEC\/225\/2024<\/strong><strong><br \/>\n<\/strong><\/h3>\n<p><strong>Actor:<\/strong> Mar\u00eda Esther de la Cruz Mar\u00edn, ind\u00edgena- Afromexicana y Comisaria Municipal de los \u201c\u00d3rganos, de Juan R. Escudero\u201d. Acapulco<\/p>\n<p><strong>Autoridad responsable:<\/strong> Presidente Municipal e integrantes del Ayuntamiento de Acapulco de Ju\u00e1rez, guerrero<\/p>\n<p><strong>Descarga:<\/strong> <a href=\"https:\/\/teegro.gob.mx\/sitio2023\/wp-content\/uploads\/2024\/08\/TEE-JEC-225-2024.pdf\">Descarga<\/a><\/p>\n<h3><strong>TEE\/JIN\/012\/2024 y su acumulado TEE\/JEC\/178\/2024<\/strong><strong><br \/>\n<\/strong><\/h3>\n<p><strong>Actor:<\/strong> PVEM Y Getulio Ram\u00edrez Chino<\/p>\n<p><strong>Autoridad responsable:<\/strong> Consejo Distrital Electoral 23, del IEPC<\/p>\n<p><strong>Descarga:<\/strong> <a href=\"https:\/\/teegro.gob.mx\/sitio2023\/wp-content\/uploads\/2024\/08\/TEE-JIN-012-2024-y-Acumulado.pdf\">Descarga<\/a><\/p>\n<h3><strong>TEE\/JEC\/206\/2024<\/strong><strong><br \/>\n<\/strong><\/h3>\n<p><strong>Actor:<\/strong> Aracely Alhel\u00ed Alvarado Gonz\u00e1lez<\/p>\n<p><strong>Autoridad responsable:<\/strong> Consejo Distrital Electoral 21, del IEPC<\/p>\n<p><strong>Descarga:<\/strong> <a href=\"https:\/\/teegro.gob.mx\/sitio2023\/wp-content\/uploads\/2024\/08\/TEE-JEC-206-2024.pdf\">Descarga<\/a><\/p>\n<h3><strong>TEE\/JEC\/215\/2024 y TEE\/JIN\/027, acumulado<\/strong><strong><br \/>\n<\/strong><\/h3>\n<p><strong>Actor:<\/strong> Victoriano Wences Real y otra persona<\/p>\n<p><strong>Autoridad responsable:<\/strong> Consejo Distrital Electoral 27, del IEPC<\/p>\n<p><strong>Descarga:<\/strong> <a href=\"https:\/\/teegro.gob.mx\/sitio2023\/wp-content\/uploads\/2024\/08\/TEE-JEC-215-2024-y-Acumulado.pdf\">Descarga<\/a><\/p>\n<h3><strong>TEE\/JIN\/008\/2024, TEE\/JEC\/196\/2024 y TEE\/JIN\/025\/2024 Acumulados<\/strong><strong><br \/>\n<\/strong><\/h3>\n<p><strong>Actor:<\/strong> Representante de Morena ante el Consejo Distrital 28, del IEPC y Francisco Sierra Pl\u00e1cido<\/p>\n<p><strong>Autoridad responsable:<\/strong> Consejo Distrital Electoral 28, del IEPC<\/p>\n<p><strong>Descarga:<\/strong> <a href=\"https:\/\/teegro.gob.mx\/sitio2023\/wp-content\/uploads\/2024\/08\/TEE-JIN-008-2024-y-Acumulados.pdf\">Descarga<\/a><\/p>\n<h3><strong>TEE\/JEC\/234\/2024<\/strong><strong><br \/>\n<\/strong><\/h3>\n<p><strong>Actor:<\/strong> Corina S\u00e1nchez S\u00e1nchez y otra persona<\/p>\n<p><strong>Autoridad responsable:<\/strong> IEPC<\/p>\n<p><strong>Descarga:<\/strong> <a href=\"https:\/\/teegro.gob.mx\/sitio2023\/wp-content\/uploads\/2024\/08\/TEE-JEC-234-2024.pdf\">Descarga<\/a><\/p>\n<h3><strong>TEE\/LCI\/036\/2024<\/strong><strong><br \/>\n<\/strong><\/h3>\n<p><strong>Compareciente:<\/strong> Ma. Eleazar Hern\u00e1ndez Ram\u00edrez<\/p>\n<p><strong>Autoridad responsable:<\/strong> IEPC<\/p>\n<p><strong>Descarga:<\/strong> <a href=\"https:\/\/teegro.gob.mx\/sitio2023\/wp-content\/uploads\/2024\/08\/TEE-LCI-036-2024.pdf\">Descarga<\/a><\/p>\n<h3><strong>TEE\/PES\/052\/2024<\/strong><strong><br \/>\n<\/strong><\/h3>\n<p><strong>Denunciante:<\/strong> Dato Protegido<\/p>\n<p><strong>Denunciado:<\/strong> Medios de Comunicaci\u00f3n \u201cAcapulco Trends\u201d y&nbsp; \u201cEl ojo de Acapulco \u201d alojados en perfiles de la red social Facebook, y Jes\u00fas Gabriel Casta\u00f1eda Arellano Director General de los medios de comunicaci\u00f3n referidos<\/p>\n<p><strong>Descarga:<\/strong> <a href=\"https:\/\/teegro.gob.mx\/sitio2023\/wp-content\/uploads\/2024\/08\/TEE-PES-052-2024-VP.pdf\">Descarga<\/a><\/p>\n<h3><strong>TEE\/JEC\/209\/2024 y TEE\/JIN\/026\/2024 Acumulados&nbsp;<\/strong><strong><br \/>\n<\/strong><\/h3>\n<p><strong>Actor:<\/strong> Selene Sotelo Maldonado y PRI<\/p>\n<p><strong>Autoridad responsable:<\/strong> Consejo Distrital Electoral 27, del IEPC<\/p>\n<p><strong>Descarga:<\/strong> <a href=\"https:\/\/teegro.gob.mx\/sitio2023\/wp-content\/uploads\/2024\/08\/TEE-JEC-209-2024-y-JIN-026.pdf\">Descarga<\/a><\/p>\n","protected":false},"excerpt":{"rendered":"<p>Orden del d\u00eda V\u00eddeo de la Sesi\u00f3n Contenido TEE\/RAP\/048\/2024 Acuerdo Plenario &#8211; Representante de MC, ante el Consejo Distrital Electoral 01, del IPEC TEE\/JEC\/222\/2024 Acuerdo Plenario &#8211; Francisco Alejandro Fabi\u00e1n Mujica TEE\/JIN\/014\/2024 &#8211; PRD TEE\/JEC\/225\/2024 &#8211; Mar\u00eda Esther de la Cruz Mar\u00edn, ind\u00edgena- Afromexicana y Comisaria Municipal de los \u201c\u00d3rganos, de Juan R. Escudero\u201d. Acapulco [&hellip;]<\/p>\n","protected":false},"author":1,"featured_media":0,"comment_status":"open","ping_status":"open","sticky":false,"template":"","format":"standard","meta":{"_acf_changed":false,"footnotes":""},"categories":[210],"tags":[],"class_list":["post-16044","post","type-post","status-publish","format-standard","hentry","category-gaceta"],"acf":[],"_links":{"self":[{"href":"https:\/\/teegro.gob.mx\/sitio2025\/wp-json\/wp\/v2\/posts\/16044","targetHints":{"allow":["GET"]}}],"collection":[{"href":"https:\/\/teegro.gob.mx\/sitio2025\/wp-json\/wp\/v2\/posts"}],"about":[{"href":"https:\/\/teegro.gob.mx\/sitio2025\/wp-json\/wp\/v2\/types\/post"}],"author":[{"embeddable":true,"href":"https:\/\/teegro.gob.mx\/sitio2025\/wp-json\/wp\/v2\/users\/1"}],"replies":[{"embeddable":true,"href":"https:\/\/teegro.gob.mx\/sitio2025\/wp-json\/wp\/v2\/comments?post=16044"}],"version-history":[{"count":30,"href":"https:\/\/teegro.gob.mx\/sitio2025\/wp-json\/wp\/v2\/posts\/16044\/revisions"}],"predecessor-version":[{"id":16111,"href":"https:\/\/teegro.gob.mx\/sitio2025\/wp-json\/wp\/v2\/posts\/16044\/revisions\/16111"}],"wp:attachment":[{"href":"https:\/\/teegro.gob.mx\/sitio2025\/wp-json\/wp\/v2\/media?parent=16044"}],"wp:term":[{"taxonomy":"category","embeddable":true,"href":"https:\/\/teegro.gob.mx\/sitio2025\/wp-json\/wp\/v2\/categories?post=16044"},{"taxonomy":"post_tag","embeddable":true,"href":"https:\/\/teegro.gob.mx\/sitio2025\/wp-json\/wp\/v2\/tags?post=16044"}],"curies":[{"name":"wp","href":"https:\/\/api.w.org\/{rel}","templated":true}]}}