{"id":16090,"date":"2024-08-21T12:43:44","date_gmt":"2024-08-21T17:43:44","guid":{"rendered":"https:\/\/teegro.gob.mx\/sitio2023\/?p=16090"},"modified":"2024-08-22T13:32:40","modified_gmt":"2024-08-22T18:32:40","slug":"septuagesima-sesion-22-de-agosto","status":"publish","type":"post","link":"https:\/\/teegro.gob.mx\/sitio2025\/septuagesima-sesion-22-de-agosto\/","title":{"rendered":"Septuag\u00e9sima Sesi\u00f3n &#8211; 22 de Agosto"},"content":{"rendered":"<p><!-- VideographyWP Plugin Message: Automatic video embedding prevented by plugin options. --><\/p>\n<ul>\n<li><a href=\"https:\/\/teegro.gob.mx\/sitio2023\/wp-content\/uploads\/2024\/08\/Lista220824.pdf\">Orden del d\u00eda<\/a><\/li>\n<li><a href=\"https:\/\/youtu.be\/OTBobjQJwv0\">V\u00eddeo de la Sesi\u00f3n<\/a><\/li>\n<\/ul>\n<h3>Contenido<!--more--><\/h3>\n<table style=\"height: 184px; width: 100%; border-collapse: collapse;\" border=\"1\">\n<tbody>\n<tr style=\"height: 24px; background-color: #068c11;\">\n<td style=\"width: 25%; height: 24px; text-align: center;\">Expediente<\/td>\n<td style=\"width: 25.3328%; height: 24px; text-align: center;\">Denunciante<\/td>\n<td style=\"width: 36.98%; height: 24px; text-align: center;\">Denunciado<\/td>\n<td style=\"width: 12.6872%; height: 24px; text-align: center;\">Descarga<\/td>\n<\/tr>\n<tr style=\"background-color: #ffffff; height: 24px;\">\n<td style=\"width: 25%; height: 24px; text-align: center;\"><strong>TEE\/PES\/053\/2024<\/strong><\/td>\n<td style=\"width: 25.3328%; height: 24px; text-align: center;\">Representante de MORENA, ante el Consejo Distrital Electoral 04, del IEPC<\/td>\n<td style=\"width: 36.98%; height: 24px; text-align: center;\">Yoshio Yvan \u00c1vila Gonz\u00e1lez Candidato a Presidente Municipal del Ayuntamiento de Acapulco de Ju\u00e1rez, Guerrero. por MC y otro<\/td>\n<td style=\"width: 12.6872%; height: 24px; text-align: center;\"><a href=\"https:\/\/teegro.gob.mx\/sitio2023\/wp-content\/uploads\/2024\/08\/TEE-PES-053-2024.pdf\"><img decoding=\"async\" src=\"https:\/\/teegro.gob.mx\/sitio2023\/wp-content\/uploads\/2023\/04\/pdf150x150-2.png\" alt=\"\" width=\"30\" height=\"30\"><\/a><\/td>\n<\/tr>\n<tr style=\"height: 136px;\">\n<td style=\"width: 25%; height: 136px;\" width=\"161\">\n<p style=\"text-align: center;\"><strong>TEE\/PES\/054\/2024<\/strong><\/p>\n<\/td>\n<td style=\"width: 25.3328%; text-align: center; height: 136px;\" width=\"180\">Representante de MORENA, ante el Consejo Distrital Electoral 04, del IEPC<\/td>\n<td style=\"width: 36.98%; text-align: center; height: 24px;\" width=\"217\">Yoshio Yvan \u00c1vila Gonz\u00e1lez Candidato a Presidente Municipal del Ayuntamiento de Acapulco de Ju\u00e1rez, Guerrero<\/td>\n<td style=\"width: 12.6872%; height: 136px; text-align: center;\"><a href=\"https:\/\/teegro.gob.mx\/sitio2023\/wp-content\/uploads\/2024\/08\/TEE-PES-054-2024-VP.pdf\"><img decoding=\"async\" src=\"https:\/\/teegro.gob.mx\/sitio2023\/wp-content\/uploads\/2023\/04\/pdf150x150-2.png\" alt=\"\" width=\"30\" height=\"30\"><\/a><\/td>\n<\/tr>\n<\/tbody>\n<\/table>\n<p><\/p>\n","protected":false},"excerpt":{"rendered":"<p>Orden del d\u00eda V\u00eddeo de la Sesi\u00f3n Contenido<\/p>\n","protected":false},"author":1,"featured_media":0,"comment_status":"open","ping_status":"open","sticky":false,"template":"","format":"standard","meta":{"_acf_changed":false,"footnotes":""},"categories":[210],"tags":[],"class_list":["post-16090","post","type-post","status-publish","format-standard","hentry","category-gaceta"],"acf":[],"_links":{"self":[{"href":"https:\/\/teegro.gob.mx\/sitio2025\/wp-json\/wp\/v2\/posts\/16090","targetHints":{"allow":["GET"]}}],"collection":[{"href":"https:\/\/teegro.gob.mx\/sitio2025\/wp-json\/wp\/v2\/posts"}],"about":[{"href":"https:\/\/teegro.gob.mx\/sitio2025\/wp-json\/wp\/v2\/types\/post"}],"author":[{"embeddable":true,"href":"https:\/\/teegro.gob.mx\/sitio2025\/wp-json\/wp\/v2\/users\/1"}],"replies":[{"embeddable":true,"href":"https:\/\/teegro.gob.mx\/sitio2025\/wp-json\/wp\/v2\/comments?post=16090"}],"version-history":[{"count":15,"href":"https:\/\/teegro.gob.mx\/sitio2025\/wp-json\/wp\/v2\/posts\/16090\/revisions"}],"predecessor-version":[{"id":16108,"href":"https:\/\/teegro.gob.mx\/sitio2025\/wp-json\/wp\/v2\/posts\/16090\/revisions\/16108"}],"wp:attachment":[{"href":"https:\/\/teegro.gob.mx\/sitio2025\/wp-json\/wp\/v2\/media?parent=16090"}],"wp:term":[{"taxonomy":"category","embeddable":true,"href":"https:\/\/teegro.gob.mx\/sitio2025\/wp-json\/wp\/v2\/categories?post=16090"},{"taxonomy":"post_tag","embeddable":true,"href":"https:\/\/teegro.gob.mx\/sitio2025\/wp-json\/wp\/v2\/tags?post=16090"}],"curies":[{"name":"wp","href":"https:\/\/api.w.org\/{rel}","templated":true}]}}