{"id":16145,"date":"2024-08-28T17:44:28","date_gmt":"2024-08-28T22:44:28","guid":{"rendered":"https:\/\/teegro.gob.mx\/sitio2023\/?p=16145"},"modified":"2024-08-29T12:54:10","modified_gmt":"2024-08-29T17:54:10","slug":"septuagesima-tercera-sesion-29-de-agosto","status":"publish","type":"post","link":"https:\/\/teegro.gob.mx\/sitio2025\/septuagesima-tercera-sesion-29-de-agosto\/","title":{"rendered":"Septuag\u00e9sima Tercera Sesi\u00f3n &#8211; 29 de Agosto"},"content":{"rendered":"<p><!-- VideographyWP Plugin Message: Automatic video embedding prevented by plugin options. --><\/p>\n<ul>\n<li><a href=\"https:\/\/teegro.gob.mx\/sitio2023\/wp-content\/uploads\/2024\/08\/Lista290824.pdf\">Orden del d\u00eda<\/a><\/li>\n<li><a href=\"https:\/\/youtu.be\/sagHW541h7Y\">V\u00eddeo de la Sesi\u00f3n<\/a><\/li>\n<\/ul>\n<h3>Contenido<!--more--><\/h3>\n<table style=\"height: 117px; width: 97.2492%; border-collapse: collapse;\" border=\"1\">\n<tbody>\n<tr style=\"height: 24px; background-color: #068c11;\">\n<td style=\"width: 26.0276%; height: 24px; text-align: center;\">Expediente<\/td>\n<td style=\"width: 29.2711%; height: 24px; text-align: center;\">Denunciante\/Parte actora<\/td>\n<td style=\"width: 32.0142%; height: 24px; text-align: center;\">Denunciado\/Autoridad responsable<\/td>\n<td style=\"width: 12.6872%; height: 24px; text-align: center;\">Descarga<\/td>\n<\/tr>\n<tr style=\"background-color: #ffffff; height: 24px;\">\n<td style=\"width: 26.0276%; height: 23px; text-align: center;\"><strong>TEE\/PES\/057\/2024<\/strong><\/td>\n<td style=\"width: 29.2711%; height: 23px; text-align: center;\">Silvio Rodr\u00edguez Garc\u00eda, Manuel Alberto Saavedra Ch\u00e1vez y Mariano Hansel Patricio Abarca<\/td>\n<td style=\"width: 32.0142%; height: 23px; text-align: center;\">Jorge Salgado Parra, MORENA, PVEM, PT y Silvano Palacios Salgado<\/td>\n<td style=\"width: 12.6872%; height: 23px; text-align: center;\"><a href=\"https:\/\/teegro.gob.mx\/sitio2023\/wp-content\/uploads\/2024\/08\/TEE-PES-057-2024.pdf\"><img decoding=\"async\" src=\"https:\/\/teegro.gob.mx\/sitio2023\/wp-content\/uploads\/2023\/04\/pdf150x150-2.png\" alt=\"\" width=\"30\" height=\"30\"><\/a><\/td>\n<\/tr>\n<tr>\n<td style=\"width: 26.0276%; text-align: center;\"><strong>TEE\/JEC\/236\/2024 y&nbsp; TEE\/JEC\/237\/2024, acumulados<\/strong><\/td>\n<td style=\"width: 29.2711%; text-align: center;\">\u00c1ngeles Garibay Delgado y otras personas<\/td>\n<td style=\"width: 32.0142%; text-align: center;\">IEPC<\/td>\n<td style=\"width: 12.6872%; text-align: center;\"><a href=\"https:\/\/teegro.gob.mx\/sitio2023\/wp-content\/uploads\/2024\/08\/TEE-JEC-236-2024-y-Acumulados.pdf\"><img decoding=\"async\" src=\"https:\/\/teegro.gob.mx\/sitio2023\/wp-content\/uploads\/2023\/04\/pdf150x150-2.png\" alt=\"\" width=\"30\" height=\"30\"><\/a><\/td>\n<\/tr>\n<tr>\n<td style=\"width: 26.0276%; text-align: center;\"><strong>TEE\/PES\/044\/2024<\/strong><\/td>\n<td style=\"width: 29.2711%; text-align: center;\">Ad\u00e1n Reyna Rosales<\/td>\n<td style=\"width: 32.0142%; text-align: center;\">Juan Andr\u00e9s Vega Carranza<\/td>\n<td style=\"width: 12.6872%; text-align: center;\"><a href=\"https:\/\/teegro.gob.mx\/sitio2023\/wp-content\/uploads\/2024\/08\/TEE-PES-044-2024.pdf\"><img decoding=\"async\" src=\"https:\/\/teegro.gob.mx\/sitio2023\/wp-content\/uploads\/2023\/04\/pdf150x150-2.png\" alt=\"\" width=\"30\" height=\"30\"><\/a><\/td>\n<\/tr>\n<tr>\n<td style=\"width: 26.0276%; text-align: center;\"><strong>TEE\/PES\/056\/2024<\/strong><\/td>\n<td style=\"width: 29.2711%; text-align: center;\">Sandra Vel\u00e1zquez Lara<\/td>\n<td style=\"width: 32.0142%; text-align: center;\">Mardonio Reyna Casta\u00f1eda<\/td>\n<td style=\"width: 12.6872%; text-align: center;\"><a href=\"https:\/\/teegro.gob.mx\/sitio2023\/wp-content\/uploads\/2024\/08\/TEE-PES-056-2024.pdf\"><img decoding=\"async\" src=\"https:\/\/teegro.gob.mx\/sitio2023\/wp-content\/uploads\/2023\/04\/pdf150x150-2.png\" alt=\"\" width=\"30\" height=\"30\"><\/a><\/td>\n<\/tr>\n<\/tbody>\n<\/table>\n<p><\/p>\n","protected":false},"excerpt":{"rendered":"<p>Orden del d\u00eda V\u00eddeo de la Sesi\u00f3n Contenido<\/p>\n","protected":false},"author":1,"featured_media":0,"comment_status":"open","ping_status":"open","sticky":false,"template":"","format":"standard","meta":{"_acf_changed":false,"footnotes":""},"categories":[210],"tags":[],"class_list":["post-16145","post","type-post","status-publish","format-standard","hentry","category-gaceta"],"acf":[],"_links":{"self":[{"href":"https:\/\/teegro.gob.mx\/sitio2025\/wp-json\/wp\/v2\/posts\/16145","targetHints":{"allow":["GET"]}}],"collection":[{"href":"https:\/\/teegro.gob.mx\/sitio2025\/wp-json\/wp\/v2\/posts"}],"about":[{"href":"https:\/\/teegro.gob.mx\/sitio2025\/wp-json\/wp\/v2\/types\/post"}],"author":[{"embeddable":true,"href":"https:\/\/teegro.gob.mx\/sitio2025\/wp-json\/wp\/v2\/users\/1"}],"replies":[{"embeddable":true,"href":"https:\/\/teegro.gob.mx\/sitio2025\/wp-json\/wp\/v2\/comments?post=16145"}],"version-history":[{"count":14,"href":"https:\/\/teegro.gob.mx\/sitio2025\/wp-json\/wp\/v2\/posts\/16145\/revisions"}],"predecessor-version":[{"id":16167,"href":"https:\/\/teegro.gob.mx\/sitio2025\/wp-json\/wp\/v2\/posts\/16145\/revisions\/16167"}],"wp:attachment":[{"href":"https:\/\/teegro.gob.mx\/sitio2025\/wp-json\/wp\/v2\/media?parent=16145"}],"wp:term":[{"taxonomy":"category","embeddable":true,"href":"https:\/\/teegro.gob.mx\/sitio2025\/wp-json\/wp\/v2\/categories?post=16145"},{"taxonomy":"post_tag","embeddable":true,"href":"https:\/\/teegro.gob.mx\/sitio2025\/wp-json\/wp\/v2\/tags?post=16145"}],"curies":[{"name":"wp","href":"https:\/\/api.w.org\/{rel}","templated":true}]}}