{"id":16198,"date":"2024-09-02T18:54:33","date_gmt":"2024-09-02T23:54:33","guid":{"rendered":"https:\/\/teegro.gob.mx\/sitio2023\/?p=16198"},"modified":"2024-09-04T12:44:56","modified_gmt":"2024-09-04T17:44:56","slug":"septuagesima-quinta-sesion-03-de-septiembre","status":"publish","type":"post","link":"https:\/\/teegro.gob.mx\/sitio2025\/septuagesima-quinta-sesion-03-de-septiembre\/","title":{"rendered":"Septuag\u00e9sima Quinta Sesi\u00f3n &#8211; 03 de Septiembre"},"content":{"rendered":"<p><!-- VideographyWP Plugin Message: Automatic video embedding prevented by plugin options. --><\/p>\n<ul>\n<li><a href=\"https:\/\/teegro.gob.mx\/sitio2023\/wp-content\/uploads\/2024\/09\/Lista030924.pdf\">Orden del d\u00eda<\/a><\/li>\n<li><a href=\"https:\/\/youtu.be\/RbeEJOiFDCg\">V\u00eddeo de la Sesi\u00f3n<\/a><\/li>\n<\/ul>\n<h3>Contenido<!--more--><\/h3>\n<table style=\"height: 117px; width: 97.2492%; border-collapse: collapse;\" border=\"1\">\n<tbody>\n<tr style=\"height: 24px; background-color: #068c11;\">\n<td style=\"width: 26.0276%; height: 24px; text-align: center;\">Expediente<\/td>\n<td style=\"width: 29.2711%; height: 24px; text-align: center;\">Denunciante\/Parte actora<\/td>\n<td style=\"width: 32.0142%; height: 24px; text-align: center;\">Denunciado\/Autoridad responsable<\/td>\n<td style=\"width: 12.6872%; height: 24px; text-align: center;\">Descarga<\/td>\n<\/tr>\n<tr style=\"background-color: #ffffff; height: 24px;\">\n<td style=\"width: 26.0276%; height: 23px; text-align: center;\"><strong>TEE\/PES\/059\/2024<br \/>\n<\/strong><\/td>\n<td style=\"width: 29.2711%; height: 23px; text-align: center;\">Representante de MORENA, ante el IEPC<\/td>\n<td style=\"width: 32.0142%; height: 23px; text-align: center;\">Macario Navarrete Ch\u00e1vez y PRI<\/td>\n<td style=\"width: 12.6872%; height: 23px; text-align: center;\"><a href=\"https:\/\/teegro.gob.mx\/sitio2023\/wp-content\/uploads\/2024\/09\/TEE-PES-059-2024.pdf\"><img decoding=\"async\" src=\"https:\/\/teegro.gob.mx\/sitio2023\/wp-content\/uploads\/2023\/04\/pdf150x150-2.png\" alt=\"\" width=\"30\" height=\"30\"><\/a><\/td>\n<\/tr>\n<tr>\n<td style=\"width: 26.0276%; text-align: center;\"><strong>TEE\/JEC\/232\/2024<\/strong><\/td>\n<td style=\"width: 29.2711%; text-align: center;\">Alberto S\u00e1nchez Galeana<\/td>\n<td style=\"width: 32.0142%; text-align: center;\">Ayuntamiento Municipal de Tecp\u00e1n de Galeana, Guerrero<\/td>\n<td style=\"width: 12.6872%; text-align: center;\"><a href=\"https:\/\/teegro.gob.mx\/sitio2023\/wp-content\/uploads\/2024\/09\/TEE-JEC-232-2024.pdf\"><img decoding=\"async\" src=\"https:\/\/teegro.gob.mx\/sitio2023\/wp-content\/uploads\/2023\/04\/pdf150x150-2.png\" alt=\"\" width=\"30\" height=\"30\"><\/a><\/td>\n<\/tr>\n<\/tbody>\n<\/table>\n<p><\/p>\n","protected":false},"excerpt":{"rendered":"<p>Orden del d\u00eda V\u00eddeo de la Sesi\u00f3n Contenido<\/p>\n","protected":false},"author":1,"featured_media":0,"comment_status":"open","ping_status":"open","sticky":false,"template":"","format":"standard","meta":{"_acf_changed":false,"footnotes":""},"categories":[210],"tags":[],"class_list":["post-16198","post","type-post","status-publish","format-standard","hentry","category-gaceta"],"acf":[],"_links":{"self":[{"href":"https:\/\/teegro.gob.mx\/sitio2025\/wp-json\/wp\/v2\/posts\/16198","targetHints":{"allow":["GET"]}}],"collection":[{"href":"https:\/\/teegro.gob.mx\/sitio2025\/wp-json\/wp\/v2\/posts"}],"about":[{"href":"https:\/\/teegro.gob.mx\/sitio2025\/wp-json\/wp\/v2\/types\/post"}],"author":[{"embeddable":true,"href":"https:\/\/teegro.gob.mx\/sitio2025\/wp-json\/wp\/v2\/users\/1"}],"replies":[{"embeddable":true,"href":"https:\/\/teegro.gob.mx\/sitio2025\/wp-json\/wp\/v2\/comments?post=16198"}],"version-history":[{"count":10,"href":"https:\/\/teegro.gob.mx\/sitio2025\/wp-json\/wp\/v2\/posts\/16198\/revisions"}],"predecessor-version":[{"id":16215,"href":"https:\/\/teegro.gob.mx\/sitio2025\/wp-json\/wp\/v2\/posts\/16198\/revisions\/16215"}],"wp:attachment":[{"href":"https:\/\/teegro.gob.mx\/sitio2025\/wp-json\/wp\/v2\/media?parent=16198"}],"wp:term":[{"taxonomy":"category","embeddable":true,"href":"https:\/\/teegro.gob.mx\/sitio2025\/wp-json\/wp\/v2\/categories?post=16198"},{"taxonomy":"post_tag","embeddable":true,"href":"https:\/\/teegro.gob.mx\/sitio2025\/wp-json\/wp\/v2\/tags?post=16198"}],"curies":[{"name":"wp","href":"https:\/\/api.w.org\/{rel}","templated":true}]}}