{"id":16253,"date":"2024-09-12T16:02:58","date_gmt":"2024-09-12T21:02:58","guid":{"rendered":"https:\/\/teegro.gob.mx\/sitio2023\/?p=16253"},"modified":"2024-09-17T16:38:39","modified_gmt":"2024-09-17T21:38:39","slug":"septuagesima-octava-sesion-13-de-septiembre","status":"publish","type":"post","link":"https:\/\/teegro.gob.mx\/sitio2025\/septuagesima-octava-sesion-13-de-septiembre\/","title":{"rendered":"Septuag\u00e9sima Octava Sesi\u00f3n &#8211; 13 de Septiembre"},"content":{"rendered":"<p><!-- VideographyWP Plugin Message: Automatic video embedding prevented by plugin options. --><\/p>\n<ul>\n<li><a href=\"https:\/\/teegro.gob.mx\/sitio2023\/wp-content\/uploads\/2024\/09\/Lista130924.pdf\">Orden del d\u00eda<\/a><\/li>\n<li><a href=\"https:\/\/youtu.be\/8wm_azQwMIY\">V\u00eddeo de la Sesi\u00f3n<\/a><\/li>\n<\/ul>\n<h3>Contenido<br \/>\n<!--more--><\/h3>\n<table style=\"height: 117px; width: 97.2492%; border-collapse: collapse;\" border=\"1\">\n<tbody>\n<tr style=\"height: 24px; background-color: #068c11;\">\n<td style=\"width: 26.0276%; height: 24px; text-align: center;\">Expediente<\/td>\n<td style=\"width: 29.2711%; height: 24px; text-align: center;\">Denunciante\/Parte Actora<\/td>\n<td style=\"width: 32.0142%; height: 24px; text-align: center;\">Denunciado\/Autoridad responsable<\/td>\n<td style=\"width: 12.6872%; height: 24px; text-align: center;\">Descarga<\/td>\n<\/tr>\n<tr style=\"background-color: #ffffff; height: 24px;\">\n<td style=\"width: 26.0276%; height: 23px; text-align: center;\"><strong>TEE\/JEC\/228\/2024<br \/>\n<\/strong><\/td>\n<td style=\"width: 29.2711%; height: 23px; text-align: center;\">Francisco Alejandro Fabian Mujica y Gustavo Said Gonz\u00e1lez Serrano<\/td>\n<td style=\"width: 32.0142%; height: 23px; text-align: center;\">Integrantes de la Mesa Directiva del Consejo Estatal del Partido del Bienestar Guerrero<\/td>\n<td style=\"width: 12.6872%; height: 23px; text-align: center;\"><a href=\"https:\/\/teegro.gob.mx\/sitio2023\/wp-content\/uploads\/2024\/09\/TEE-JEC-228-2024.pdf\"><img decoding=\"async\" src=\"https:\/\/teegro.gob.mx\/sitio2023\/wp-content\/uploads\/2023\/04\/pdf150x150-2.png\" alt=\"\" width=\"30\" height=\"30\"><\/a><\/td>\n<\/tr>\n<tr>\n<td style=\"width: 26.0276%; text-align: center;\"><strong>TEE\/JEC\/229\/2024<\/strong><\/td>\n<td style=\"width: 29.2711%; text-align: center;\">Gabriela P\u00e9rez Vel\u00e1squez<\/td>\n<td style=\"width: 32.0142%; text-align: center;\">Presidente Municipal de Ayutla de los Libres, Guerrero<\/td>\n<td style=\"width: 12.6872%; text-align: center;\"><a href=\"https:\/\/teegro.gob.mx\/sitio2023\/wp-content\/uploads\/2024\/09\/TEE-JEC-229-2024.pdf\"><img decoding=\"async\" src=\"https:\/\/teegro.gob.mx\/sitio2023\/wp-content\/uploads\/2023\/04\/pdf150x150-2.png\" alt=\"\" width=\"30\" height=\"30\"><\/a><\/td>\n<\/tr>\n<tr>\n<td style=\"width: 26.0276%; text-align: center;\"><strong>TEE\/PES\/040\/2024<\/strong><\/td>\n<td style=\"width: 29.2711%; text-align: center;\">Dato Protegido<\/td>\n<td style=\"width: 32.0142%; text-align: center;\">Idelfonso Montealegre V\u00e1zquez, Presidente Municipal del Ayuntamiento de Metlat\u00f3noc, Guerrero, y los Medios de Comunicaci\u00f3n Inter ABEC, Despertar de la Monta\u00f1a, la Noticia en la Monta\u00f1a y la Bocina<\/td>\n<td style=\"width: 12.6872%; text-align: center;\"><a href=\"https:\/\/teegro.gob.mx\/sitio2023\/wp-content\/uploads\/2024\/09\/TEE-PES-040-2024-VP.pdf\"><img decoding=\"async\" src=\"https:\/\/teegro.gob.mx\/sitio2023\/wp-content\/uploads\/2023\/04\/pdf150x150-2.png\" alt=\"\" width=\"30\" height=\"30\"><\/a><\/td>\n<\/tr>\n<\/tbody>\n<\/table>\n<p><\/p>\n","protected":false},"excerpt":{"rendered":"<p>Orden del d\u00eda V\u00eddeo de la Sesi\u00f3n Contenido<\/p>\n","protected":false},"author":1,"featured_media":0,"comment_status":"open","ping_status":"open","sticky":false,"template":"","format":"standard","meta":{"_acf_changed":false,"footnotes":""},"categories":[210],"tags":[],"class_list":["post-16253","post","type-post","status-publish","format-standard","hentry","category-gaceta"],"acf":[],"_links":{"self":[{"href":"https:\/\/teegro.gob.mx\/sitio2025\/wp-json\/wp\/v2\/posts\/16253","targetHints":{"allow":["GET"]}}],"collection":[{"href":"https:\/\/teegro.gob.mx\/sitio2025\/wp-json\/wp\/v2\/posts"}],"about":[{"href":"https:\/\/teegro.gob.mx\/sitio2025\/wp-json\/wp\/v2\/types\/post"}],"author":[{"embeddable":true,"href":"https:\/\/teegro.gob.mx\/sitio2025\/wp-json\/wp\/v2\/users\/1"}],"replies":[{"embeddable":true,"href":"https:\/\/teegro.gob.mx\/sitio2025\/wp-json\/wp\/v2\/comments?post=16253"}],"version-history":[{"count":13,"href":"https:\/\/teegro.gob.mx\/sitio2025\/wp-json\/wp\/v2\/posts\/16253\/revisions"}],"predecessor-version":[{"id":16278,"href":"https:\/\/teegro.gob.mx\/sitio2025\/wp-json\/wp\/v2\/posts\/16253\/revisions\/16278"}],"wp:attachment":[{"href":"https:\/\/teegro.gob.mx\/sitio2025\/wp-json\/wp\/v2\/media?parent=16253"}],"wp:term":[{"taxonomy":"category","embeddable":true,"href":"https:\/\/teegro.gob.mx\/sitio2025\/wp-json\/wp\/v2\/categories?post=16253"},{"taxonomy":"post_tag","embeddable":true,"href":"https:\/\/teegro.gob.mx\/sitio2025\/wp-json\/wp\/v2\/tags?post=16253"}],"curies":[{"name":"wp","href":"https:\/\/api.w.org\/{rel}","templated":true}]}}