{"id":16264,"date":"2024-09-14T20:13:21","date_gmt":"2024-09-15T01:13:21","guid":{"rendered":"https:\/\/teegro.gob.mx\/sitio2023\/?p=16264"},"modified":"2024-09-17T16:39:57","modified_gmt":"2024-09-17T21:39:57","slug":"septuagesima-novena-sesion-15-de-septiembre","status":"publish","type":"post","link":"https:\/\/teegro.gob.mx\/sitio2025\/septuagesima-novena-sesion-15-de-septiembre\/","title":{"rendered":"Septuag\u00e9sima Novena Sesi\u00f3n &#8211; 15 de Septiembre"},"content":{"rendered":"<p><!-- VideographyWP Plugin Message: Automatic video embedding prevented by plugin options. --><\/p>\n<ul>\n<li><a href=\"https:\/\/teegro.gob.mx\/sitio2023\/wp-content\/uploads\/2024\/09\/Lista150924.pdf\">Orden del d\u00eda<\/a><\/li>\n<li><a href=\"https:\/\/youtu.be\/rc6_Bjnsh9E\">V\u00eddeo de la Sesi\u00f3n<\/a><\/li>\n<\/ul>\n<h3>Contenido<br \/>\n<!--more--><\/h3>\n<table style=\"height: 117px; width: 97.2492%; border-collapse: collapse;\" border=\"1\">\n<tbody>\n<tr style=\"height: 24px; background-color: #068c11;\">\n<td style=\"width: 26.0276%; height: 24px; text-align: center;\">Expediente<\/td>\n<td style=\"width: 29.2711%; height: 24px; text-align: center;\">Denunciante<\/td>\n<td style=\"width: 32.0142%; height: 24px; text-align: center;\">Denunciado<\/td>\n<td style=\"width: 12.6872%; height: 24px; text-align: center;\">Descarga<\/td>\n<\/tr>\n<tr style=\"background-color: #ffffff; height: 24px;\">\n<td style=\"width: 26.0276%; height: 23px; text-align: center;\"><strong>TEE\/PES\/062\/2024<br \/>\n<\/strong><\/td>\n<td style=\"width: 29.2711%; height: 23px; text-align: center;\">Horacio Sol\u00eds Rivera, Representante Propietario del Partido Verde Ecologista de M\u00e9xico, ante el Consejo Distrital Electoral 22 del IEPC<\/td>\n<td style=\"width: 32.0142%; height: 23px; text-align: center;\">David Gama P\u00e9rez, Candidato a Presidente Municipal del Ayuntamiento de Iguala de la Independencia, Guerrero. Partidos Pol\u00edticos Revolucionario Institucional; de la Revoluci\u00f3n Democr\u00e1tica; Acci\u00f3n Nacional y El\u00edas Hern\u00e1ndez Vergara, Ministro del culto religioso o Iglesia denominada la \u00a8La luz del Mundo\u00a8<\/td>\n<td style=\"width: 12.6872%; height: 23px; text-align: center;\"><a href=\"https:\/\/teegro.gob.mx\/sitio2023\/wp-content\/uploads\/2024\/09\/TEE-PES-062-2024.pdf\"><img decoding=\"async\" src=\"https:\/\/teegro.gob.mx\/sitio2023\/wp-content\/uploads\/2023\/04\/pdf150x150-2.png\" alt=\"\" width=\"30\" height=\"30\"><\/a><\/td>\n<\/tr>\n<tr>\n<td style=\"width: 26.0276%; text-align: center;\"><strong>TEE\/PES\/063\/2024<\/strong><\/td>\n<td style=\"width: 29.2711%; text-align: center;\">Guadalupe Garc\u00eda Villalva, Candidata a Diputada Local de Mayor\u00eda Relativa, por el Distrito 15, postulada por el Partido Pol\u00edtico MORENA<\/td>\n<td style=\"width: 32.0142%; text-align: center;\">Ra\u00fal Uranga Carmona, Candidato a Diputado Local de Mayor\u00eda Relativa, por el Distrito 15 y Partido Verde Ecologista de M\u00e9xico<\/td>\n<td style=\"width: 12.6872%; text-align: center;\"><a href=\"https:\/\/teegro.gob.mx\/sitio2023\/wp-content\/uploads\/2024\/09\/TEE-PES-063-2024.pdf\"><img decoding=\"async\" src=\"https:\/\/teegro.gob.mx\/sitio2023\/wp-content\/uploads\/2023\/04\/pdf150x150-2.png\" alt=\"\" width=\"30\" height=\"30\"><\/a><\/td>\n<\/tr>\n<\/tbody>\n<\/table>\n<p><\/p>\n","protected":false},"excerpt":{"rendered":"<p>Orden del d\u00eda V\u00eddeo de la Sesi\u00f3n Contenido<\/p>\n","protected":false},"author":1,"featured_media":0,"comment_status":"open","ping_status":"open","sticky":false,"template":"","format":"standard","meta":{"_acf_changed":false,"footnotes":""},"categories":[210],"tags":[],"class_list":["post-16264","post","type-post","status-publish","format-standard","hentry","category-gaceta"],"acf":[],"_links":{"self":[{"href":"https:\/\/teegro.gob.mx\/sitio2025\/wp-json\/wp\/v2\/posts\/16264","targetHints":{"allow":["GET"]}}],"collection":[{"href":"https:\/\/teegro.gob.mx\/sitio2025\/wp-json\/wp\/v2\/posts"}],"about":[{"href":"https:\/\/teegro.gob.mx\/sitio2025\/wp-json\/wp\/v2\/types\/post"}],"author":[{"embeddable":true,"href":"https:\/\/teegro.gob.mx\/sitio2025\/wp-json\/wp\/v2\/users\/1"}],"replies":[{"embeddable":true,"href":"https:\/\/teegro.gob.mx\/sitio2025\/wp-json\/wp\/v2\/comments?post=16264"}],"version-history":[{"count":9,"href":"https:\/\/teegro.gob.mx\/sitio2025\/wp-json\/wp\/v2\/posts\/16264\/revisions"}],"predecessor-version":[{"id":16284,"href":"https:\/\/teegro.gob.mx\/sitio2025\/wp-json\/wp\/v2\/posts\/16264\/revisions\/16284"}],"wp:attachment":[{"href":"https:\/\/teegro.gob.mx\/sitio2025\/wp-json\/wp\/v2\/media?parent=16264"}],"wp:term":[{"taxonomy":"category","embeddable":true,"href":"https:\/\/teegro.gob.mx\/sitio2025\/wp-json\/wp\/v2\/categories?post=16264"},{"taxonomy":"post_tag","embeddable":true,"href":"https:\/\/teegro.gob.mx\/sitio2025\/wp-json\/wp\/v2\/tags?post=16264"}],"curies":[{"name":"wp","href":"https:\/\/api.w.org\/{rel}","templated":true}]}}