{"id":16327,"date":"2024-09-24T16:31:39","date_gmt":"2024-09-24T21:31:39","guid":{"rendered":"https:\/\/teegro.gob.mx\/sitio2023\/?p=16327"},"modified":"2024-10-03T13:46:33","modified_gmt":"2024-10-03T18:46:33","slug":"octogesima-segunda-sesion-25-de-septiembre","status":"publish","type":"post","link":"https:\/\/teegro.gob.mx\/sitio2025\/octogesima-segunda-sesion-25-de-septiembre\/","title":{"rendered":"Octog\u00e9sima Segunda Sesi\u00f3n &#8211; 25 de Septiembre"},"content":{"rendered":"<p><!-- VideographyWP Plugin Message: Automatic video embedding prevented by plugin options. --><\/p>\n<ul>\n<li><a href=\"https:\/\/teegro.gob.mx\/sitio2023\/wp-content\/uploads\/2024\/09\/Lista_250924.pdf\">Orden del d\u00eda<\/a><\/li>\n<li><a href=\"https:\/\/youtu.be\/3oztGqY6Ee8\">V\u00eddeo de la Sesi\u00f3n<\/a><\/li>\n<\/ul>\n<h3>Contenido<br \/>\n<!--more--><\/h3>\n<table style=\"height: 936px; width: 97.2492%; border-collapse: collapse;\" border=\"1\">\n<tbody>\n<tr style=\"height: 24px; background-color: #068c11;\">\n<td style=\"width: 26.0276%; height: 24px; text-align: center;\">Expediente<\/td>\n<td style=\"width: 29.2711%; height: 24px; text-align: center;\">Actor\/Denunciante<\/td>\n<td style=\"width: 32.0142%; height: 24px; text-align: center;\">Autoridad Responsable\/Denunciado<\/td>\n<td style=\"width: 12.6872%; height: 24px; text-align: center;\">Descarga<\/td>\n<\/tr>\n<tr style=\"height: 168px;\">\n<td style=\"width: 26.0276%; text-align: center; height: 168px;\"><strong><strong>TEE\/JIN\/014\/2024 <\/strong><\/strong><strong>Acuerdo Plenario<\/strong><\/td>\n<td style=\"width: 29.2711%; text-align: center; height: 168px;\">Juan Faide Ram\u00edrez Guzm\u00e1n, representante del Partido de la Revoluci\u00f3n Democr\u00e1tica en el Consejo Distrital Electoral 16<\/td>\n<td style=\"width: 32.0142%; text-align: center; height: 168px;\">Consejo Distrital Electoral 16 del Instituto Electoral y de Participaci\u00f3n Ciudadana del Estado de Guerrero<\/td>\n<td style=\"width: 12.6872%; text-align: center; height: 168px;\"><a href=\"https:\/\/teegro.gob.mx\/sitio2023\/wp-content\/uploads\/2024\/10\/TEE-JIN-014-2024-Acuerdo.pdf\"><img decoding=\"async\" src=\"https:\/\/teegro.gob.mx\/sitio2023\/wp-content\/uploads\/2023\/04\/pdf150x150-2.png\" alt=\"\" width=\"30\" height=\"30\"><\/a><\/td>\n<\/tr>\n<tr style=\"height: 72px;\">\n<td style=\"width: 26.0276%; text-align: center; height: 72px;\"><strong><strong>TEE\/JEC\/027\/2023 <\/strong><\/strong><strong>Acuerdo Plenario<\/strong><\/td>\n<td style=\"width: 29.2711%; text-align: center; height: 72px;\">Bruno Calixto R\u00edos D\u00edaz<\/td>\n<td style=\"width: 32.0142%; text-align: center; height: 72px;\">Comisi\u00f3n de Justicia del Consejo Nacional del Partido Acci\u00f3n Nacional<\/td>\n<td style=\"width: 12.6872%; text-align: center; height: 72px;\"><a href=\"https:\/\/teegro.gob.mx\/sitio2023\/wp-content\/uploads\/2024\/10\/TEE-JEC-027-2023-Acuerdo.pdf\"><img decoding=\"async\" src=\"https:\/\/teegro.gob.mx\/sitio2023\/wp-content\/uploads\/2023\/04\/pdf150x150-2.png\" alt=\"\" width=\"30\" height=\"30\"><\/a><\/td>\n<\/tr>\n<tr style=\"height: 264px;\">\n<td style=\"width: 26.0276%; text-align: center; height: 264px;\"><strong>TEE\/PES\/003\/2023 Acuerdo Plenario<\/strong><\/td>\n<td style=\"width: 29.2711%; text-align: center; height: 264px;\">Natividad Guadarrama Reyez, Regidora del Ayuntamiento de Coyuca de Ben\u00edtez, Guerrero<\/td>\n<td style=\"width: 32.0142%; text-align: center; height: 264px;\">Ossiel Pacheco Salas, V\u00edctor Hugo Catal\u00e1n D\u00edaz, Silvia Talavera Organes, Romana Leonardo Apolonio, Yamireth Stephany Hern\u00e1ndez Maz\u00f3n, Esther R\u00edos Soberanis, Brenda Berenice Bataz Pita y Jes\u00fas Antonio Zapata Castro<\/td>\n<td style=\"width: 12.6872%; text-align: center; height: 264px;\"><a href=\"https:\/\/teegro.gob.mx\/sitio2023\/wp-content\/uploads\/2024\/10\/TEE-PES-003-2023-Acuerdo.pdf\"><img decoding=\"async\" src=\"https:\/\/teegro.gob.mx\/sitio2023\/wp-content\/uploads\/2023\/04\/pdf150x150-2.png\" alt=\"\" width=\"30\" height=\"30\"><\/a><\/td>\n<\/tr>\n<tr style=\"height: 144px;\">\n<td style=\"width: 26.0276%; text-align: center; height: 144px;\"><strong>TEE\/JEC\/227\/2024<\/strong><\/td>\n<td style=\"width: 29.2711%; text-align: center; height: 144px;\">Florentina Nidia Arellanes Sorrosa, Comisaria Municipal de <em>\u201cCerro del Indio\u201d<\/em>, de Cuajinicuilapa, Guerrero<\/td>\n<td style=\"width: 32.0142%; text-align: center; height: 144px;\">Presidente Municipal e Integrantes del Ayuntamiento de&nbsp; &nbsp;Cuajinicuilapa, Guerrero<\/td>\n<td style=\"width: 12.6872%; text-align: center; height: 144px;\"><a href=\"https:\/\/teegro.gob.mx\/sitio2023\/wp-content\/uploads\/2024\/10\/TEE-JEC-227-2024.pdf\"><img decoding=\"async\" src=\"https:\/\/teegro.gob.mx\/sitio2023\/wp-content\/uploads\/2023\/04\/pdf150x150-2.png\" alt=\"\" width=\"30\" height=\"30\"><\/a><\/td>\n<\/tr>\n<tr style=\"height: 96px;\">\n<td style=\"width: 26.0276%; text-align: center; height: 96px;\"><strong>TEE\/RAP\/050\/2024<\/strong><\/td>\n<td style=\"width: 29.2711%; text-align: center; height: 96px;\">Partido Encuentro Solidario Guerrero<\/td>\n<td style=\"width: 32.0142%; text-align: center; height: 96px;\">Consejo General del Instituto Electoral y de Participaci\u00f3n Ciudadana del Estado de Guerrero<\/td>\n<td style=\"width: 12.6872%; text-align: center; height: 96px;\"><a href=\"https:\/\/teegro.gob.mx\/sitio2023\/wp-content\/uploads\/2024\/10\/TEE-RAP-050-2024.pdf\"><img decoding=\"async\" src=\"https:\/\/teegro.gob.mx\/sitio2023\/wp-content\/uploads\/2023\/04\/pdf150x150-2.png\" alt=\"\" width=\"30\" height=\"30\"><\/a><\/td>\n<\/tr>\n<tr style=\"height: 48px;\">\n<td style=\"width: 26.0276%; text-align: center; height: 48px;\"><strong>TEE\/PES\/046\/2024<\/strong><\/td>\n<td style=\"width: 29.2711%; text-align: center; height: 48px;\">Movimiento Ciudadano<\/td>\n<td style=\"width: 32.0142%; text-align: center; height: 48px;\">Beatriz V\u00e9lez N\u00fa\u00f1ez<\/td>\n<td style=\"width: 12.6872%; text-align: center; height: 48px;\"><a href=\"https:\/\/teegro.gob.mx\/sitio2023\/wp-content\/uploads\/2024\/10\/TEE-PES-046-2024.pdf\"><img decoding=\"async\" src=\"https:\/\/teegro.gob.mx\/sitio2023\/wp-content\/uploads\/2023\/04\/pdf150x150-2.png\" alt=\"\" width=\"30\" height=\"30\"><\/a><\/td>\n<\/tr>\n<tr>\n<td style=\"width: 26.0276%; text-align: center;\"><strong>TEE\/PES\/066\/2024<\/strong><\/td>\n<td style=\"width: 29.2711%; text-align: center;\">Greta Este\u00f3fenes Ventura Lemus<\/td>\n<td style=\"width: 32.0142%; text-align: center;\">Ivonne Aracelly Ortega Pacheco<\/td>\n<td style=\"width: 12.6872%; text-align: center;\"><a href=\"https:\/\/teegro.gob.mx\/sitio2023\/wp-content\/uploads\/2024\/10\/TEE-PES-066-2024.pdf\"><img decoding=\"async\" src=\"https:\/\/teegro.gob.mx\/sitio2023\/wp-content\/uploads\/2023\/04\/pdf150x150-2.png\" alt=\"\" width=\"30\" height=\"30\"><\/a><\/td>\n<\/tr>\n<tr style=\"height: 72px;\">\n<td style=\"width: 26.0276%; text-align: center; height: 72px;\"><strong>TEE\/JEC\/081\/2023<\/strong><\/td>\n<td style=\"width: 29.2711%; text-align: center; height: 72px;\">Joel \u00c1ngel Romero y otras personas<\/td>\n<td style=\"width: 32.0142%; text-align: center; height: 72px;\">H. Ayuntamiento de&nbsp;&nbsp; Tlalixtaquilla de Maldonado, Guerrero<\/td>\n<td style=\"width: 12.6872%; text-align: center; height: 72px;\"><a href=\"https:\/\/teegro.gob.mx\/sitio2023\/wp-content\/uploads\/2024\/10\/TEE-JEC-081-2023.pdf\"><img decoding=\"async\" src=\"https:\/\/teegro.gob.mx\/sitio2023\/wp-content\/uploads\/2023\/04\/pdf150x150-2.png\" alt=\"\" width=\"30\" height=\"30\"><\/a><\/td>\n<\/tr>\n<tr style=\"height: 48px;\">\n<td style=\"width: 26.0276%; text-align: center; height: 48px;\"><strong>TEE\/JEC\/235\/2024<\/strong><\/td>\n<td style=\"width: 29.2711%; text-align: center; height: 48px;\">Alfredo S\u00e1nchez Esquivel<\/td>\n<td style=\"width: 32.0142%; text-align: center; height: 48px;\">Comisi\u00f3n Nacional de Honestidad y Justicia de MORENA<\/td>\n<td style=\"width: 12.6872%; text-align: center; height: 48px;\"><a href=\"https:\/\/teegro.gob.mx\/sitio2023\/wp-content\/uploads\/2024\/10\/TEE-JEC-235-2024.pdf\"><img decoding=\"async\" src=\"https:\/\/teegro.gob.mx\/sitio2023\/wp-content\/uploads\/2023\/04\/pdf150x150-2.png\" alt=\"\" width=\"30\" height=\"30\"><\/a><\/td>\n<\/tr>\n<\/tbody>\n<\/table>\n<p><\/p>\n","protected":false},"excerpt":{"rendered":"<p>Orden del d\u00eda V\u00eddeo de la Sesi\u00f3n Contenido<\/p>\n","protected":false},"author":1,"featured_media":0,"comment_status":"open","ping_status":"open","sticky":false,"template":"","format":"standard","meta":{"_acf_changed":false,"footnotes":""},"categories":[210],"tags":[],"class_list":["post-16327","post","type-post","status-publish","format-standard","hentry","category-gaceta"],"acf":[],"_links":{"self":[{"href":"https:\/\/teegro.gob.mx\/sitio2025\/wp-json\/wp\/v2\/posts\/16327","targetHints":{"allow":["GET"]}}],"collection":[{"href":"https:\/\/teegro.gob.mx\/sitio2025\/wp-json\/wp\/v2\/posts"}],"about":[{"href":"https:\/\/teegro.gob.mx\/sitio2025\/wp-json\/wp\/v2\/types\/post"}],"author":[{"embeddable":true,"href":"https:\/\/teegro.gob.mx\/sitio2025\/wp-json\/wp\/v2\/users\/1"}],"replies":[{"embeddable":true,"href":"https:\/\/teegro.gob.mx\/sitio2025\/wp-json\/wp\/v2\/comments?post=16327"}],"version-history":[{"count":20,"href":"https:\/\/teegro.gob.mx\/sitio2025\/wp-json\/wp\/v2\/posts\/16327\/revisions"}],"predecessor-version":[{"id":16374,"href":"https:\/\/teegro.gob.mx\/sitio2025\/wp-json\/wp\/v2\/posts\/16327\/revisions\/16374"}],"wp:attachment":[{"href":"https:\/\/teegro.gob.mx\/sitio2025\/wp-json\/wp\/v2\/media?parent=16327"}],"wp:term":[{"taxonomy":"category","embeddable":true,"href":"https:\/\/teegro.gob.mx\/sitio2025\/wp-json\/wp\/v2\/categories?post=16327"},{"taxonomy":"post_tag","embeddable":true,"href":"https:\/\/teegro.gob.mx\/sitio2025\/wp-json\/wp\/v2\/tags?post=16327"}],"curies":[{"name":"wp","href":"https:\/\/api.w.org\/{rel}","templated":true}]}}