{"id":16471,"date":"2024-10-11T15:58:25","date_gmt":"2024-10-11T20:58:25","guid":{"rendered":"https:\/\/teegro.gob.mx\/sitio2023\/?p=16471"},"modified":"2024-10-12T15:41:16","modified_gmt":"2024-10-12T20:41:16","slug":"octogesima-tercera-sesion-12-de-octubre","status":"publish","type":"post","link":"https:\/\/teegro.gob.mx\/sitio2025\/octogesima-tercera-sesion-12-de-octubre\/","title":{"rendered":"Octog\u00e9sima Tercera Sesi\u00f3n &#8211; 12 de Octubre"},"content":{"rendered":"<p><!-- VideographyWP Plugin Message: Automatic video embedding prevented by plugin options. --><\/p>\n<ul>\n<li><a href=\"https:\/\/teegro.gob.mx\/sitio2023\/wp-content\/uploads\/2024\/10\/Lista121024.pdf\">Orden del d\u00eda<\/a><\/li>\n<li><a href=\"https:\/\/youtu.be\/Hj1gWzFgWYw\">V\u00eddeo de la Sesi\u00f3n<\/a><\/li>\n<\/ul>\n<h3>Contenido<br \/>\n<!--more--><\/h3>\n<table style=\"height: 38px; width: 97.2492%; border-collapse: collapse;\" border=\"1\">\n<tbody>\n<tr style=\"height: 24px; background-color: #068c11;\">\n<td style=\"width: 26.0276%; height: 24px; text-align: center;\">Expediente<\/td>\n<td style=\"width: 29.2711%; height: 24px; text-align: center;\">Denunciante<\/td>\n<td style=\"width: 32.0142%; height: 24px; text-align: center;\">Denunciado<\/td>\n<td style=\"width: 12.6872%; height: 24px; text-align: center;\">Descarga<\/td>\n<\/tr>\n<tr style=\"height: 168px;\">\n<td style=\"width: 26.0276%; text-align: center; height: 14px;\"><strong><strong>TEE\/PES\/067\/2024<\/strong><\/strong><\/td>\n<td style=\"width: 29.2711%; text-align: center; height: 14px;\">Horacio Sol\u00eds Rivera, Representante Propietario del Partido Verde Ecologista de M\u00e9xico ante el Consejo Distrital Electoral 22, del Instituto Electoral y de Participaci\u00f3n Ciudadana del Estado de Guerrero<\/td>\n<td style=\"width: 32.0142%; text-align: center; height: 14px;\">David Gama P\u00e9rez, Candidato a Presidente Municipal del Ayuntamiento de Iguala de la Independencia, Guerrero; Partido Revolucionario Institucional, de la Revoluci\u00f3n Democr\u00e1tica, Acci\u00f3n Nacional y Jes\u00fas Munive Ju\u00e1rez, L\u00edder del Sindicato Estatal de Materialistas y\/o Sindicato de Trabajadores Transportistas de la Industria de la Construcci\u00f3n, Maquinaria, similares y conexos del Estado de Guerrero, Delegaci\u00f3n Iguala<\/td>\n<td style=\"width: 12.6872%; text-align: center; height: 14px;\"><a href=\"https:\/\/teegro.gob.mx\/sitio2023\/wp-content\/uploads\/2024\/10\/TEE-PES-067-2024.pdf\"><img decoding=\"async\" src=\"https:\/\/teegro.gob.mx\/sitio2023\/wp-content\/uploads\/2023\/04\/pdf150x150-2.png\" alt=\"\" width=\"30\" height=\"30\"><\/a><\/td>\n<\/tr>\n<\/tbody>\n<\/table>\n<p><\/p>\n","protected":false},"excerpt":{"rendered":"<p>Orden del d\u00eda V\u00eddeo de la Sesi\u00f3n Contenido<\/p>\n","protected":false},"author":1,"featured_media":0,"comment_status":"open","ping_status":"open","sticky":false,"template":"","format":"standard","meta":{"_acf_changed":false,"footnotes":""},"categories":[210],"tags":[],"class_list":["post-16471","post","type-post","status-publish","format-standard","hentry","category-gaceta"],"acf":[],"_links":{"self":[{"href":"https:\/\/teegro.gob.mx\/sitio2025\/wp-json\/wp\/v2\/posts\/16471","targetHints":{"allow":["GET"]}}],"collection":[{"href":"https:\/\/teegro.gob.mx\/sitio2025\/wp-json\/wp\/v2\/posts"}],"about":[{"href":"https:\/\/teegro.gob.mx\/sitio2025\/wp-json\/wp\/v2\/types\/post"}],"author":[{"embeddable":true,"href":"https:\/\/teegro.gob.mx\/sitio2025\/wp-json\/wp\/v2\/users\/1"}],"replies":[{"embeddable":true,"href":"https:\/\/teegro.gob.mx\/sitio2025\/wp-json\/wp\/v2\/comments?post=16471"}],"version-history":[{"count":8,"href":"https:\/\/teegro.gob.mx\/sitio2025\/wp-json\/wp\/v2\/posts\/16471\/revisions"}],"predecessor-version":[{"id":16480,"href":"https:\/\/teegro.gob.mx\/sitio2025\/wp-json\/wp\/v2\/posts\/16471\/revisions\/16480"}],"wp:attachment":[{"href":"https:\/\/teegro.gob.mx\/sitio2025\/wp-json\/wp\/v2\/media?parent=16471"}],"wp:term":[{"taxonomy":"category","embeddable":true,"href":"https:\/\/teegro.gob.mx\/sitio2025\/wp-json\/wp\/v2\/categories?post=16471"},{"taxonomy":"post_tag","embeddable":true,"href":"https:\/\/teegro.gob.mx\/sitio2025\/wp-json\/wp\/v2\/tags?post=16471"}],"curies":[{"name":"wp","href":"https:\/\/api.w.org\/{rel}","templated":true}]}}