{"id":16489,"date":"2024-10-14T16:57:52","date_gmt":"2024-10-14T21:57:52","guid":{"rendered":"https:\/\/teegro.gob.mx\/sitio2023\/?p=16489"},"modified":"2024-10-23T16:04:16","modified_gmt":"2024-10-23T21:04:16","slug":"octogesima-cuarta-sesion-15-de-octubre","status":"publish","type":"post","link":"https:\/\/teegro.gob.mx\/sitio2025\/octogesima-cuarta-sesion-15-de-octubre\/","title":{"rendered":"Octog\u00e9sima Cuarta Sesi\u00f3n &#8211; 15 de Octubre"},"content":{"rendered":"<p><!-- VideographyWP Plugin Message: Automatic video embedding prevented by plugin options. --><\/p>\n<ul>\n<li><a href=\"https:\/\/teegro.gob.mx\/sitio2023\/wp-content\/uploads\/2024\/10\/Lista151024.pdf\">Orden del d\u00eda<\/a><\/li>\n<li><a href=\"https:\/\/youtu.be\/-ISu8-09Nj4\">V\u00eddeo de la Sesi\u00f3n<\/a><\/li>\n<\/ul>\n<h3>Contenido<br \/>\n<!--more--><\/h3>\n<table style=\"height: 286px; width: 94.3587%; border-collapse: collapse;\" border=\"1\">\n<tbody>\n<tr style=\"height: 24px; background-color: #068c11;\">\n<td style=\"width: 26.0276%; height: 24px; text-align: center;\">Expediente<\/td>\n<td style=\"width: 29.2711%; height: 24px; text-align: center;\">Actor\/Denunciante<\/td>\n<td style=\"width: 32.0142%; height: 24px; text-align: center;\">Autoridad Responsable\/Denunciado<\/td>\n<td style=\"width: 12.6872%; height: 24px; text-align: center;\">Descarga<\/td>\n<\/tr>\n<tr style=\"height: 168px;\">\n<td style=\"width: 26.0276%; text-align: center; height: 10px;\"><strong><strong><strong>TEE\/JEC\/027\/2023 <\/strong><\/strong><\/strong><strong><strong>Acuerdo Plenario<\/strong><\/strong><\/td>\n<td style=\"width: 29.2711%; text-align: center; height: 10px;\">Bruno Calixto R\u00edos D\u00edaz<\/td>\n<td style=\"width: 32.0142%; text-align: center; height: 10px;\">Comisi\u00f3n de Justicia del Consejo Nacional del Partido Acci\u00f3n Nacional<\/td>\n<td style=\"width: 12.6872%; text-align: center; height: 10px;\"><a href=\"https:\/\/teegro.gob.mx\/sitio2023\/wp-content\/uploads\/2024\/10\/TEE-JEC-027-2023-Acuerdo-1.pdf\"><img decoding=\"async\" src=\"https:\/\/teegro.gob.mx\/sitio2023\/wp-content\/uploads\/2023\/04\/pdf150x150-2.png\" alt=\"\" width=\"30\" height=\"30\"><\/a><\/td>\n<\/tr>\n<tr style=\"height: 36px;\">\n<td style=\"width: 26.0276%; text-align: center; height: 36px;\"><strong>TEE\/PES\/059\/2024 <strong>Acuerdo Plenario<br \/>\n<\/strong><\/strong><\/td>\n<td style=\"width: 29.2711%; text-align: center; height: 36px;\">Ros\u00edo Calleja Ni\u00f1o, Representante Propietaria del Partido Pol\u00edtico Morena, ante el Consejo General del Instituto Electoral y de Participaci\u00f3n Ciudadana del Estado de Guerrero<\/td>\n<td style=\"width: 32.0142%; text-align: center; height: 36px;\">Macario Navarrete Ch\u00e1vez, Candidato a la Presidencia Municipal de San Marcos, Guerrero y PRI<\/td>\n<td style=\"width: 12.6872%; text-align: center; height: 36px;\"><a href=\"https:\/\/teegro.gob.mx\/sitio2023\/wp-content\/uploads\/2024\/10\/TEE-PES-059-2024-Acuerdo.pdf\"><img decoding=\"async\" src=\"https:\/\/teegro.gob.mx\/sitio2023\/wp-content\/uploads\/2023\/04\/pdf150x150-2.png\" alt=\"\" width=\"30\" height=\"30\"><\/a><\/td>\n<\/tr>\n<tr style=\"height: 36px;\">\n<td style=\"width: 26.0276%; text-align: center; height: 36px;\"><strong><strong>RAP\/053\/2024, TEE\/RAP\/054\/2024, TEE\/RAP\/055\/2024, Y TEE\/RAP\/056\/2024 ACUMULADOS<\/strong><\/strong><\/td>\n<td style=\"width: 29.2711%; text-align: center; height: 36px;\">Partido Revolucionario Institucional y Partido Acci\u00f3n Nacional<\/td>\n<td style=\"width: 32.0142%; text-align: center; height: 36px;\">Consejo General del Instituto Electoral y de Participaci\u00f3n Ciudadana del Estado de Guerrero<\/td>\n<td style=\"width: 12.6872%; text-align: center; height: 36px;\"><a href=\"https:\/\/teegro.gob.mx\/sitio2023\/wp-content\/uploads\/2024\/10\/TEE-RAP-053-2024-Y-ACUMULADOS.pdf\"><img decoding=\"async\" src=\"https:\/\/teegro.gob.mx\/sitio2023\/wp-content\/uploads\/2023\/04\/pdf150x150-2.png\" alt=\"\" width=\"30\" height=\"30\"><\/a><\/td>\n<\/tr>\n<tr style=\"height: 36px;\">\n<td style=\"width: 26.0276%; text-align: center; height: 36px;\"><strong><strong>TEE\/JEC\/233\/2024<\/strong><\/strong><\/td>\n<td style=\"width: 29.2711%; text-align: center; height: 36px;\">Vidal Coronado Mart\u00ednez<\/td>\n<td style=\"width: 32.0142%; text-align: center; height: 36px;\">H. Ayuntamiento Municipal Constitucional de Ometepec, Guerrero<\/td>\n<td style=\"width: 12.6872%; text-align: center; height: 36px;\"><a href=\"https:\/\/teegro.gob.mx\/sitio2023\/wp-content\/uploads\/2024\/10\/TEE-JEC-233-2024.pdf\"><img decoding=\"async\" src=\"https:\/\/teegro.gob.mx\/sitio2023\/wp-content\/uploads\/2023\/04\/pdf150x150-2.png\" alt=\"\" width=\"30\" height=\"30\"><\/a><\/td>\n<\/tr>\n<tr>\n<td style=\"width: 26.0276%;\">\n<p style=\"text-align: center;\"><strong>TEE\/LCI\/038\/2024<\/strong><\/p>\n<\/td>\n<td style=\"width: 29.2711%; text-align: center; height: 36px;\">Jos\u00e9 Diego Delgado Gonz\u00e1lez<\/td>\n<td style=\"width: 32.0142%; text-align: center; height: 36px;\">IEPC<\/td>\n<td style=\"width: 12.6872%; text-align: center; height: 36px;\"><a href=\"https:\/\/teegro.gob.mx\/sitio2023\/wp-content\/uploads\/2024\/10\/TEE-LCI-038-2024.pdf\"><img decoding=\"async\" src=\"https:\/\/teegro.gob.mx\/sitio2023\/wp-content\/uploads\/2023\/04\/pdf150x150-2.png\" alt=\"\" width=\"30\" height=\"30\"><\/a><\/td>\n<\/tr>\n<tr style=\"height: 36px;\">\n<td style=\"width: 26.0276%; text-align: center; height: 36px;\"><strong><strong>TEE\/JEC\/239\/2024<\/strong><\/strong><\/td>\n<td style=\"width: 29.2711%; text-align: center; height: 36px;\">Guadalupe Gonz\u00e1lez Su\u00e1stegui<\/td>\n<td style=\"width: 32.0142%; text-align: center; height: 36px;\">Comisi\u00f3n de Justicia del Consejo Nacional del Partido Acci\u00f3n Nacional<\/td>\n<td style=\"width: 12.6872%; text-align: center; height: 36px;\"><a href=\"https:\/\/teegro.gob.mx\/sitio2023\/wp-content\/uploads\/2024\/10\/TEE-JEC-239-2024.pdf\"><img decoding=\"async\" src=\"https:\/\/teegro.gob.mx\/sitio2023\/wp-content\/uploads\/2023\/04\/pdf150x150-2.png\" alt=\"\" width=\"30\" height=\"30\"><\/a><\/td>\n<\/tr>\n<tr style=\"height: 36px;\">\n<td style=\"width: 26.0276%; text-align: center; height: 36px;\"><strong><strong>TEE\/JEC\/243\/2024<\/strong><\/strong><\/td>\n<td style=\"width: 29.2711%; text-align: center; height: 36px;\">Norma Otilia Hern\u00e1ndez Mart\u00ednez<\/td>\n<td style=\"width: 32.0142%; text-align: center; height: 36px;\">Comisi\u00f3n Nacional de Honestidad y Justicia de Morena<\/td>\n<td style=\"width: 12.6872%; text-align: center; height: 36px;\"><a href=\"https:\/\/teegro.gob.mx\/sitio2023\/wp-content\/uploads\/2024\/10\/TEE-JEC-243-2024.pdf\"><img decoding=\"async\" src=\"https:\/\/teegro.gob.mx\/sitio2023\/wp-content\/uploads\/2023\/04\/pdf150x150-2.png\" alt=\"\" width=\"30\" height=\"30\"><\/a><\/td>\n<\/tr>\n<tr style=\"height: 36px;\">\n<td style=\"width: 26.0276%; text-align: center; height: 36px;\"><strong><strong>TEE\/PES\/068\/2024<\/strong><\/strong><\/td>\n<td style=\"width: 29.2711%; text-align: center; height: 36px;\">Carolina Cant\u00fa Morales, Esperanza Morales \u00c1lvarez, Laura Renter\u00eda Malag\u00f3n y Gabriela Castro Rodr\u00edguez, en su orden, S\u00edndica Procuradora y Regidoras del Ayuntamiento Municipal Constitucional de Tlacoapa, Guerrero, del Periodo 2021-2024<\/td>\n<td style=\"width: 32.0142%; text-align: center; height: 36px;\">Amado Basurto G\u00e1lvez y Claudio G\u00e1lvez Rosendo, en su orden, Presidente Municipal y Secretario General del Ayuntamiento Municipal Constitucional de Tlacoapa, Guerrero, del periodo 2021-2024<\/td>\n<td style=\"width: 12.6872%; text-align: center; height: 36px;\"><a href=\"https:\/\/teegro.gob.mx\/sitio2023\/wp-content\/uploads\/2024\/10\/TEE-PES-068-2024-VP.pdf\"><img decoding=\"async\" src=\"https:\/\/teegro.gob.mx\/sitio2023\/wp-content\/uploads\/2023\/04\/pdf150x150-2.png\" alt=\"\" width=\"30\" height=\"30\"><\/a><\/td>\n<\/tr>\n<\/tbody>\n<\/table>\n<p><\/p>\n","protected":false},"excerpt":{"rendered":"<p>Orden del d\u00eda V\u00eddeo de la Sesi\u00f3n Contenido<\/p>\n","protected":false},"author":1,"featured_media":0,"comment_status":"open","ping_status":"open","sticky":false,"template":"","format":"standard","meta":{"_acf_changed":false,"footnotes":""},"categories":[210],"tags":[],"class_list":["post-16489","post","type-post","status-publish","format-standard","hentry","category-gaceta"],"acf":[],"_links":{"self":[{"href":"https:\/\/teegro.gob.mx\/sitio2025\/wp-json\/wp\/v2\/posts\/16489","targetHints":{"allow":["GET"]}}],"collection":[{"href":"https:\/\/teegro.gob.mx\/sitio2025\/wp-json\/wp\/v2\/posts"}],"about":[{"href":"https:\/\/teegro.gob.mx\/sitio2025\/wp-json\/wp\/v2\/types\/post"}],"author":[{"embeddable":true,"href":"https:\/\/teegro.gob.mx\/sitio2025\/wp-json\/wp\/v2\/users\/1"}],"replies":[{"embeddable":true,"href":"https:\/\/teegro.gob.mx\/sitio2025\/wp-json\/wp\/v2\/comments?post=16489"}],"version-history":[{"count":15,"href":"https:\/\/teegro.gob.mx\/sitio2025\/wp-json\/wp\/v2\/posts\/16489\/revisions"}],"predecessor-version":[{"id":16655,"href":"https:\/\/teegro.gob.mx\/sitio2025\/wp-json\/wp\/v2\/posts\/16489\/revisions\/16655"}],"wp:attachment":[{"href":"https:\/\/teegro.gob.mx\/sitio2025\/wp-json\/wp\/v2\/media?parent=16489"}],"wp:term":[{"taxonomy":"category","embeddable":true,"href":"https:\/\/teegro.gob.mx\/sitio2025\/wp-json\/wp\/v2\/categories?post=16489"},{"taxonomy":"post_tag","embeddable":true,"href":"https:\/\/teegro.gob.mx\/sitio2025\/wp-json\/wp\/v2\/tags?post=16489"}],"curies":[{"name":"wp","href":"https:\/\/api.w.org\/{rel}","templated":true}]}}