{"id":16840,"date":"2024-11-13T15:43:40","date_gmt":"2024-11-13T21:43:40","guid":{"rendered":"https:\/\/teegro.gob.mx\/sitio2023\/?p=16840"},"modified":"2024-11-14T17:56:38","modified_gmt":"2024-11-14T23:56:38","slug":"octogesima-octava-sesion-13-de-noviembre","status":"publish","type":"post","link":"https:\/\/teegro.gob.mx\/sitio2025\/octogesima-octava-sesion-13-de-noviembre\/","title":{"rendered":"Octog\u00e9sima Octava Sesi\u00f3n &#8211; 14 de Noviembre"},"content":{"rendered":"<p><!-- VideographyWP Plugin Message: Automatic video embedding prevented by plugin options. --><\/p>\n<ul>\n<li><a href=\"https:\/\/teegro.gob.mx\/sitio2023\/wp-content\/uploads\/2024\/11\/Lista141124.pdf\">Orden del d\u00eda<\/a><\/li>\n<li><a href=\"https:\/\/youtu.be\/-1eBo8uvAYI\">V\u00eddeo de la Sesi\u00f3n<\/a><\/li>\n<\/ul>\n<h3>Contenido<br \/>\n<!--more--><\/h3>\n<table style=\"height: 35px; width: 99.7809%; border-collapse: collapse;\" border=\"1\">\n<tbody>\n<tr style=\"height: 24px; background-color: #068c11;\">\n<td style=\"width: 26.0276%; height: 24px; text-align: center;\">Expediente<\/td>\n<td style=\"width: 33.6587%; height: 24px; text-align: center;\">Actor\/Compareciente\/Denunciante<\/td>\n<td style=\"width: 32.619%; height: 24px; text-align: center;\">Autoridad Responsable\/Compareciente\/Denunciado<\/td>\n<td style=\"width: 17.1188%; height: 24px; text-align: center;\">Descarga<\/td>\n<\/tr>\n<tr style=\"height: 36px;\">\n<td style=\"width: 26.0276%; text-align: center; height: 11px;\"><strong><strong><strong><strong>TEE\/JEC\/249\/2024 Acuerdo Plenario<br \/>\n<\/strong><\/strong><\/strong><\/strong><\/td>\n<td style=\"width: 33.6587%; text-align: center; height: 11px;\">Azucena Alatorre Mart\u00ednez, Vladimir N\u00e9stor Pastor y Antonio Maldonado Luna<\/td>\n<td style=\"width: 32.619%; text-align: center; height: 11px;\">H. Ayuntamiento de Alcozauca de Guerrero, Guerrero<\/td>\n<td style=\"width: 17.1188%; text-align: center; height: 11px;\"><a href=\"https:\/\/teegro.gob.mx\/sitio2023\/wp-content\/uploads\/2024\/11\/TEE-JEC-249-2024-Acuerdo.pdf\"><img decoding=\"async\" src=\"https:\/\/teegro.gob.mx\/sitio2023\/wp-content\/uploads\/2023\/04\/pdf150x150-2.png\" alt=\"\" width=\"30\" height=\"30\"><\/a><\/td>\n<\/tr>\n<tr>\n<td style=\"width: 26.0276%; text-align: center;\"><strong><strong><strong><strong>TEE\/JEC\/239\/2024<\/strong><\/strong><\/strong><\/strong> <strong><strong><strong>Acuerdo Plenario<\/strong><\/strong><\/strong><\/td>\n<td style=\"width: 33.6587%; text-align: center;\">Guadalupe Gonz\u00e1lez Suastegui<\/td>\n<td style=\"width: 32.619%; text-align: center;\">Comisi\u00f3n de Justicia del Consejo Nacional del Partido Acci\u00f3n Nacional<\/td>\n<td style=\"width: 17.1188%; text-align: center;\"><a href=\"https:\/\/teegro.gob.mx\/sitio2023\/wp-content\/uploads\/2024\/11\/TEE-JEC-239-2024-Acuerdo.pdf\"><img decoding=\"async\" src=\"https:\/\/teegro.gob.mx\/sitio2023\/wp-content\/uploads\/2023\/04\/pdf150x150-2.png\" alt=\"\" width=\"30\" height=\"30\"><\/a><\/td>\n<\/tr>\n<tr>\n<td style=\"width: 26.0276%; text-align: center;\"><strong>TEE\/JEC\/243\/2024 Acuerdo Plenario<\/strong><\/td>\n<td style=\"width: 33.6587%; text-align: center;\">Norma Otilia Hern\u00e1ndez Mart\u00ednez<\/td>\n<td style=\"width: 32.619%; text-align: center;\">Comisi\u00f3n Nacional de Honestidad y Justicia de MORENA<\/td>\n<td style=\"width: 17.1188%; text-align: center;\"><a href=\"https:\/\/teegro.gob.mx\/sitio2023\/wp-content\/uploads\/2024\/11\/TEE-JEC-243-2024-Acuerdo.pdf\"><img decoding=\"async\" src=\"https:\/\/teegro.gob.mx\/sitio2023\/wp-content\/uploads\/2023\/04\/pdf150x150-2.png\" alt=\"\" width=\"30\" height=\"30\"><\/a><\/td>\n<\/tr>\n<tr>\n<td style=\"width: 26.0276%; text-align: center;\"><strong>TEE\/JEC\/246\/2024<\/strong><\/td>\n<td style=\"width: 33.6587%; text-align: center;\">Ernesto Fidel Payan Cortinas<\/td>\n<td style=\"width: 32.619%; text-align: center;\">Comisi\u00f3n Nacional de Honestidad y Justicia de MORENA<\/td>\n<td style=\"width: 17.1188%; text-align: center;\"><a href=\"https:\/\/teegro.gob.mx\/sitio2023\/wp-content\/uploads\/2024\/11\/TEE-JEC-246-2024.pdf\"><img decoding=\"async\" src=\"https:\/\/teegro.gob.mx\/sitio2023\/wp-content\/uploads\/2023\/04\/pdf150x150-2.png\" alt=\"\" width=\"30\" height=\"30\"><\/a><\/td>\n<\/tr>\n<tr>\n<td style=\"width: 26.0276%; text-align: center;\"><strong>TEE\/JEC\/250\/2024<\/strong><\/td>\n<td style=\"width: 33.6587%; text-align: center;\">Alfredo S\u00e1nchez Esquivel<\/td>\n<td style=\"width: 32.619%; text-align: center;\">Comisi\u00f3n Nacional de Honestidad y Justicia de MORENA<\/td>\n<td style=\"width: 17.1188%; text-align: center;\"><a href=\"https:\/\/teegro.gob.mx\/sitio2023\/wp-content\/uploads\/2024\/11\/TEE-JEC-250-2024.pdf\"><img decoding=\"async\" src=\"https:\/\/teegro.gob.mx\/sitio2023\/wp-content\/uploads\/2023\/04\/pdf150x150-2.png\" alt=\"\" width=\"30\" height=\"30\"><\/a><\/td>\n<\/tr>\n<tr>\n<td style=\"width: 26.0276%; text-align: center;\"><strong>TEE\/PES\/043\/2024<\/strong><\/td>\n<td style=\"width: 33.6587%; text-align: center;\">Leticia Mosso Hern\u00e1ndez<\/td>\n<td style=\"width: 32.619%; text-align: center;\">Pedro Segura Valladares<\/td>\n<td style=\"width: 17.1188%; text-align: center;\"><a href=\"https:\/\/teegro.gob.mx\/sitio2023\/wp-content\/uploads\/2024\/11\/TEE-PES-043-2024.pdf\"><img decoding=\"async\" src=\"https:\/\/teegro.gob.mx\/sitio2023\/wp-content\/uploads\/2023\/04\/pdf150x150-2.png\" alt=\"\" width=\"30\" height=\"30\"><\/a><\/td>\n<\/tr>\n<tr>\n<td style=\"width: 26.0276%; text-align: center;\"><strong>TEE\/LCI\/046\/2024<\/strong><\/td>\n<td style=\"width: 33.6587%; text-align: center;\">Libertad Santiago Reyna<\/td>\n<td style=\"width: 32.619%; text-align: center;\">Instituto Electoral y de Participaci\u00f3n Ciudadana del Estado de Guerrero<\/td>\n<td style=\"width: 17.1188%; text-align: center;\"><a href=\"https:\/\/teegro.gob.mx\/sitio2023\/wp-content\/uploads\/2024\/11\/TEE-LCI-046-2024.pdf\"><img decoding=\"async\" src=\"https:\/\/teegro.gob.mx\/sitio2023\/wp-content\/uploads\/2023\/04\/pdf150x150-2.png\" alt=\"\" width=\"30\" height=\"30\"><\/a><\/td>\n<\/tr>\n<tr>\n<td style=\"width: 26.0276%; text-align: center;\"><strong>TEE\/LCI\/050\/2024<\/strong><\/td>\n<td style=\"width: 33.6587%; text-align: center;\">Sandra Zaraith Leyva Tapia<\/td>\n<td style=\"width: 32.619%; text-align: center;\">Instituto Electoral y de Participaci\u00f3n Ciudadana del Estado de Guerrero<\/td>\n<td style=\"width: 17.1188%; text-align: center;\"><a href=\"https:\/\/teegro.gob.mx\/sitio2023\/wp-content\/uploads\/2024\/11\/TEE-LCI-050-2024.pdf\"><img decoding=\"async\" src=\"https:\/\/teegro.gob.mx\/sitio2023\/wp-content\/uploads\/2023\/04\/pdf150x150-2.png\" alt=\"\" width=\"30\" height=\"30\"><\/a><\/td>\n<\/tr>\n<tr>\n<td style=\"width: 26.0276%; text-align: center;\"><strong>TEE\/LCI\/041\/2024<\/strong><\/td>\n<td style=\"width: 33.6587%; text-align: center;\">Pablo Rom\u00e1n Salgado<\/td>\n<td style=\"width: 32.619%; text-align: center;\">Instituto Electoral y de Participaci\u00f3n Ciudadana del Estado de Guerrero<\/td>\n<td style=\"width: 17.1188%; text-align: center;\"><a href=\"https:\/\/teegro.gob.mx\/sitio2023\/wp-content\/uploads\/2024\/11\/TEE-LCI-041-2024.pdf\"><img decoding=\"async\" src=\"https:\/\/teegro.gob.mx\/sitio2023\/wp-content\/uploads\/2023\/04\/pdf150x150-2.png\" alt=\"\" width=\"30\" height=\"30\"><\/a><\/td>\n<\/tr>\n<tr>\n<td style=\"width: 26.0276%; text-align: center;\"><strong>TEE\/LCI\/052\/2024<\/strong><\/td>\n<td style=\"width: 33.6587%; text-align: center;\">German Chante\u00f1o Silva<\/td>\n<td style=\"width: 32.619%; text-align: center;\">Instituto Electoral y de Participaci\u00f3n Ciudadana del Estado de Guerrero<\/td>\n<td style=\"width: 17.1188%; text-align: center;\"><a href=\"https:\/\/teegro.gob.mx\/sitio2023\/wp-content\/uploads\/2024\/11\/TEE-LCI-052-2024.pdf\"><img decoding=\"async\" src=\"https:\/\/teegro.gob.mx\/sitio2023\/wp-content\/uploads\/2023\/04\/pdf150x150-2.png\" alt=\"\" width=\"30\" height=\"30\"><\/a><\/td>\n<\/tr>\n<tr>\n<td style=\"width: 26.0276%; text-align: center;\"><strong>TEE\/LCI\/042\/2024<\/strong><\/td>\n<td style=\"width: 33.6587%; text-align: center;\">Dante Rodr\u00edguez Xinol<\/td>\n<td style=\"width: 32.619%; text-align: center;\">Instituto Electoral y de Participaci\u00f3n Ciudadana del Estado de Guerrero<\/td>\n<td style=\"width: 17.1188%; text-align: center;\"><a href=\"https:\/\/teegro.gob.mx\/sitio2023\/wp-content\/uploads\/2024\/11\/TEE-LCI-042-2024.pdf\"><img decoding=\"async\" src=\"https:\/\/teegro.gob.mx\/sitio2023\/wp-content\/uploads\/2023\/04\/pdf150x150-2.png\" alt=\"\" width=\"30\" height=\"30\"><\/a><\/td>\n<\/tr>\n<tr>\n<td style=\"width: 26.0276%; text-align: center;\"><strong>TEE\/LCT\/045\/2024<\/strong><\/td>\n<td style=\"width: 33.6587%; text-align: center;\">Martin Cerros Gaspar<\/td>\n<td style=\"width: 32.619%; text-align: center;\">Tribunal Electoral del Estado de Guerrero<\/td>\n<td style=\"width: 17.1188%; text-align: center;\"><a href=\"https:\/\/teegro.gob.mx\/sitio2023\/wp-content\/uploads\/2024\/11\/TEE-LCT-045-2024.pdf\"><img decoding=\"async\" src=\"https:\/\/teegro.gob.mx\/sitio2023\/wp-content\/uploads\/2023\/04\/pdf150x150-2.png\" alt=\"\" width=\"30\" height=\"30\"><\/a><\/td>\n<\/tr>\n<tr>\n<td style=\"width: 26.0276%; text-align: center;\"><strong>TEE\/LCT\/043\/2024<\/strong><\/td>\n<td style=\"width: 33.6587%; text-align: center;\">Abril Cynthia Mart\u00ednez Campos<\/td>\n<td style=\"width: 32.619%; text-align: center;\">Tribunal Electoral del Estado de Guerrero<\/td>\n<td style=\"width: 17.1188%; text-align: center;\"><a href=\"https:\/\/teegro.gob.mx\/sitio2023\/wp-content\/uploads\/2024\/11\/TEE-LCT-043-2024.pdf\"><img decoding=\"async\" src=\"https:\/\/teegro.gob.mx\/sitio2023\/wp-content\/uploads\/2023\/04\/pdf150x150-2.png\" alt=\"\" width=\"30\" height=\"30\"><\/a><\/td>\n<\/tr>\n<tr>\n<td style=\"width: 26.0276%; text-align: center;\"><strong>TEE\/LCT\/047\/2024<\/strong><\/td>\n<td style=\"width: 33.6587%; text-align: center;\">Felipe Amateco P\u00e9rez<\/td>\n<td style=\"width: 32.619%; text-align: center;\">Tribunal Electoral del Estado de Guerrero<\/td>\n<td style=\"width: 17.1188%; text-align: center;\"><a href=\"https:\/\/teegro.gob.mx\/sitio2023\/wp-content\/uploads\/2024\/11\/TEE-LCT-047-2024.pdf\"><img decoding=\"async\" src=\"https:\/\/teegro.gob.mx\/sitio2023\/wp-content\/uploads\/2023\/04\/pdf150x150-2.png\" alt=\"\" width=\"30\" height=\"30\"><\/a><\/td>\n<\/tr>\n<tr>\n<td style=\"width: 26.0276%; text-align: center;\"><strong>TEE\/LCT\/044\/2024<\/strong><\/td>\n<td style=\"width: 33.6587%; text-align: center;\">Karen Guadalupe Parra Salgado<\/td>\n<td style=\"width: 32.619%; text-align: center;\">Tribunal Electoral del Estado de Guerrero<\/td>\n<td style=\"width: 17.1188%; text-align: center;\"><a href=\"https:\/\/teegro.gob.mx\/sitio2023\/wp-content\/uploads\/2024\/11\/TEE-LCT-044-2024.pdf\"><img decoding=\"async\" src=\"https:\/\/teegro.gob.mx\/sitio2023\/wp-content\/uploads\/2023\/04\/pdf150x150-2.png\" alt=\"\" width=\"30\" height=\"30\"><\/a><\/td>\n<\/tr>\n<tr>\n<td style=\"width: 26.0276%; text-align: center;\"><strong>TEE\/LCT\/048\/2024<\/strong><\/td>\n<td style=\"width: 33.6587%; text-align: center;\">Daniel Soloya Pastor<\/td>\n<td style=\"width: 32.619%; text-align: center;\">Tribunal Electoral del Estado de Guerrero<\/td>\n<td style=\"width: 17.1188%; text-align: center;\"><a href=\"https:\/\/teegro.gob.mx\/sitio2023\/wp-content\/uploads\/2024\/11\/TEE-LCT-048-2024.pdf\"><img decoding=\"async\" src=\"https:\/\/teegro.gob.mx\/sitio2023\/wp-content\/uploads\/2023\/04\/pdf150x150-2.png\" alt=\"\" width=\"30\" height=\"30\"><\/a><\/td>\n<\/tr>\n<tr>\n<td style=\"width: 26.0276%; text-align: center;\"><strong>TEE\/LCT\/037\/2024<\/strong><\/td>\n<td style=\"width: 33.6587%; text-align: center;\">Olegario Mart\u00ednez Mendoza<\/td>\n<td style=\"width: 32.619%; text-align: center;\">Tribunal Electoral del Estado de Guerrero<\/td>\n<td style=\"width: 17.1188%; text-align: center;\"><a href=\"https:\/\/teegro.gob.mx\/sitio2023\/wp-content\/uploads\/2024\/11\/TEE-LCT-037-2024.pdf\"><img decoding=\"async\" src=\"https:\/\/teegro.gob.mx\/sitio2023\/wp-content\/uploads\/2023\/04\/pdf150x150-2.png\" alt=\"\" width=\"30\" height=\"30\"><\/a><\/td>\n<\/tr>\n<tr>\n<td style=\"width: 26.0276%; text-align: center;\"><strong>TEE\/LCT\/040\/2024<\/strong><\/td>\n<td style=\"width: 33.6587%; text-align: center;\">Marco Antonio Venegas D\u00edaz<\/td>\n<td style=\"width: 32.619%; text-align: center;\">Tribunal Electoral del Estado de Guerrero<\/td>\n<td style=\"width: 17.1188%; text-align: center;\"><a href=\"https:\/\/teegro.gob.mx\/sitio2023\/wp-content\/uploads\/2024\/11\/TEE-LCT-040-2024.pdf\"><img decoding=\"async\" src=\"https:\/\/teegro.gob.mx\/sitio2023\/wp-content\/uploads\/2023\/04\/pdf150x150-2.png\" alt=\"\" width=\"30\" height=\"30\"><\/a><\/td>\n<\/tr>\n<\/tbody>\n<\/table>\n<p><\/p>\n","protected":false},"excerpt":{"rendered":"<p>Orden del d\u00eda V\u00eddeo de la Sesi\u00f3n Contenido<\/p>\n","protected":false},"author":1,"featured_media":0,"comment_status":"open","ping_status":"open","sticky":false,"template":"","format":"standard","meta":{"_acf_changed":false,"footnotes":""},"categories":[210],"tags":[],"class_list":["post-16840","post","type-post","status-publish","format-standard","hentry","category-gaceta"],"acf":[],"_links":{"self":[{"href":"https:\/\/teegro.gob.mx\/sitio2025\/wp-json\/wp\/v2\/posts\/16840","targetHints":{"allow":["GET"]}}],"collection":[{"href":"https:\/\/teegro.gob.mx\/sitio2025\/wp-json\/wp\/v2\/posts"}],"about":[{"href":"https:\/\/teegro.gob.mx\/sitio2025\/wp-json\/wp\/v2\/types\/post"}],"author":[{"embeddable":true,"href":"https:\/\/teegro.gob.mx\/sitio2025\/wp-json\/wp\/v2\/users\/1"}],"replies":[{"embeddable":true,"href":"https:\/\/teegro.gob.mx\/sitio2025\/wp-json\/wp\/v2\/comments?post=16840"}],"version-history":[{"count":27,"href":"https:\/\/teegro.gob.mx\/sitio2025\/wp-json\/wp\/v2\/posts\/16840\/revisions"}],"predecessor-version":[{"id":16889,"href":"https:\/\/teegro.gob.mx\/sitio2025\/wp-json\/wp\/v2\/posts\/16840\/revisions\/16889"}],"wp:attachment":[{"href":"https:\/\/teegro.gob.mx\/sitio2025\/wp-json\/wp\/v2\/media?parent=16840"}],"wp:term":[{"taxonomy":"category","embeddable":true,"href":"https:\/\/teegro.gob.mx\/sitio2025\/wp-json\/wp\/v2\/categories?post=16840"},{"taxonomy":"post_tag","embeddable":true,"href":"https:\/\/teegro.gob.mx\/sitio2025\/wp-json\/wp\/v2\/tags?post=16840"}],"curies":[{"name":"wp","href":"https:\/\/api.w.org\/{rel}","templated":true}]}}