{"id":16946,"date":"2024-11-27T15:57:57","date_gmt":"2024-11-27T21:57:57","guid":{"rendered":"https:\/\/teegro.gob.mx\/sitio2023\/?p=16946"},"modified":"2024-12-02T15:26:25","modified_gmt":"2024-12-02T21:26:25","slug":"nonagesima-sesion-28-de-noviembre","status":"publish","type":"post","link":"https:\/\/teegro.gob.mx\/sitio2025\/nonagesima-sesion-28-de-noviembre\/","title":{"rendered":"Nonag\u00e9sima Sesi\u00f3n &#8211; 28 de Noviembre"},"content":{"rendered":"<p><!-- VideographyWP Plugin Message: Automatic video embedding prevented by plugin options. --><\/p>\n<ul>\n<li><a href=\"https:\/\/teegro.gob.mx\/sitio2023\/wp-content\/uploads\/2024\/11\/Lista281124.pdf\">Orden del d\u00eda<\/a><\/li>\n<li><a href=\"https:\/\/youtu.be\/aeE7DZ2sLvY\">V\u00eddeo de la Sesi\u00f3n<\/a><\/li>\n<\/ul>\n<h3>Contenido<br \/>\n<!--more--><\/h3>\n<table style=\"height: 299px; width: 99.7809%; border-collapse: collapse;\" border=\"1\">\n<tbody>\n<tr style=\"height: 24px; background-color: #068c11;\">\n<td style=\"width: 26.0276%; height: 24px; text-align: center;\">Expediente<\/td>\n<td style=\"width: 33.6587%; height: 24px; text-align: center;\">Actor\/Compareciente\/Denunciante<\/td>\n<td style=\"width: 32.619%; height: 24px; text-align: center;\">Autoridad Responsable\/Compareciente\/Denunciado<\/td>\n<td style=\"width: 17.1188%; height: 24px; text-align: center;\">Descarga<\/td>\n<\/tr>\n<tr style=\"height: 36px;\">\n<td style=\"width: 26.0276%; text-align: center; height: 11px;\"><strong><strong><strong><strong><strong><strong>TEE\/JEC\/236\/2024 y TEE JEC\/237\/2024 ACUMULADO <\/strong><\/strong><\/strong><\/strong><\/strong><\/strong><strong><strong><strong><strong><strong>Acuerdo Plenario<\/strong><\/strong><\/strong><\/strong><\/strong><strong><strong><strong><strong><br \/>\n<\/strong><\/strong><\/strong><\/strong><\/td>\n<td style=\"width: 33.6587%; text-align: center; height: 11px;\">\u00c1ngeles Garibay Delgado y otras personas<\/td>\n<td style=\"width: 32.619%; text-align: center; height: 11px;\">Consejo General del Instituto Electoral y de Participaci\u00f3n Ciudadana del Estado de Guerrero<\/td>\n<td style=\"width: 17.1188%; text-align: center; height: 11px;\"><a href=\"https:\/\/teegro.gob.mx\/sitio2023\/wp-content\/uploads\/2024\/11\/TEE-JEC-236-2024-Acuerdo.pdf\"><img decoding=\"async\" src=\"https:\/\/teegro.gob.mx\/sitio2023\/wp-content\/uploads\/2023\/04\/pdf150x150-2.png\" alt=\"\" width=\"30\" height=\"30\"><\/a><\/td>\n<\/tr>\n<tr style=\"height: 36px;\">\n<td style=\"width: 26.0276%; text-align: center; height: 36px;\"><strong><strong><strong><strong><strong>TEE\/PES\/060\/2024<\/strong><\/strong><\/strong><\/strong><\/strong> <strong><strong><strong><strong>Acuerdo Plenario<\/strong><\/strong><\/strong><\/strong><\/td>\n<td style=\"width: 33.6587%; text-align: center; height: 36px;\">Primitivo Sugia Ram\u00edrez<\/td>\n<td style=\"width: 32.619%; text-align: center; height: 36px;\">Cecilia Andraca Garc\u00eda, Candidata a Presidenta Municipal del Ayuntamiento Cuautepec, Guerrero<\/td>\n<td style=\"width: 17.1188%; text-align: center; height: 36px;\"><a href=\"https:\/\/teegro.gob.mx\/sitio2023\/wp-content\/uploads\/2024\/11\/TEE-PES-060-2024-Acuerdo.pdf\"><img decoding=\"async\" src=\"https:\/\/teegro.gob.mx\/sitio2023\/wp-content\/uploads\/2023\/04\/pdf150x150-2.png\" alt=\"\" width=\"30\" height=\"30\"><\/a><\/td>\n<\/tr>\n<tr style=\"height: 56px;\">\n<td style=\"width: 26.0276%; text-align: center; height: 12px;\"><strong>TEE\/LCI\/049\/2024<\/strong><\/td>\n<td style=\"width: 33.6587%; text-align: center; height: 12px;\">Martha Yukari Nieves Ram\u00edrez<\/td>\n<td style=\"width: 32.619%; text-align: center; height: 12px;\">IEPC<\/td>\n<td style=\"width: 17.1188%; text-align: center; height: 12px;\"><a href=\"https:\/\/teegro.gob.mx\/sitio2023\/wp-content\/uploads\/2024\/11\/TEE-LCI-049-2024.pdf\"><img decoding=\"async\" src=\"https:\/\/teegro.gob.mx\/sitio2023\/wp-content\/uploads\/2023\/04\/pdf150x150-2.png\" alt=\"\" width=\"30\" height=\"30\"><\/a><\/td>\n<\/tr>\n<tr style=\"height: 36px;\">\n<td style=\"width: 26.0276%; text-align: center; height: 36px;\"><strong>TEE\/LCI\/053\/2024<\/strong><\/td>\n<td style=\"width: 33.6587%; text-align: center; height: 36px;\">Norma Leticia V\u00e1zquez Castro<\/td>\n<td style=\"width: 32.619%; text-align: center; height: 36px;\">IEPC<\/td>\n<td style=\"width: 17.1188%; text-align: center; height: 36px;\"><a href=\"https:\/\/teegro.gob.mx\/sitio2023\/wp-content\/uploads\/2024\/11\/TEE-LCI-053-2024.pdf\"><img decoding=\"async\" src=\"https:\/\/teegro.gob.mx\/sitio2023\/wp-content\/uploads\/2023\/04\/pdf150x150-2.png\" alt=\"\" width=\"30\" height=\"30\"><\/a><\/td>\n<\/tr>\n<tr style=\"height: 36px;\">\n<td style=\"width: 26.0276%; text-align: center; height: 36px;\"><strong>TEE\/LCI\/057\/2024<\/strong><\/td>\n<td style=\"width: 33.6587%; text-align: center; height: 36px;\">Zaida Jazm\u00edn Alarc\u00f3n S\u00e1nchez&nbsp;<\/td>\n<td style=\"width: 32.619%; text-align: center; height: 36px;\">IEPC<\/td>\n<td style=\"width: 17.1188%; text-align: center; height: 36px;\"><a href=\"https:\/\/teegro.gob.mx\/sitio2023\/wp-content\/uploads\/2024\/11\/TEE-LCI-057-2024.pdf\"><img decoding=\"async\" src=\"https:\/\/teegro.gob.mx\/sitio2023\/wp-content\/uploads\/2023\/04\/pdf150x150-2.png\" alt=\"\" width=\"30\" height=\"30\"><\/a><\/td>\n<\/tr>\n<tr style=\"height: 24px;\">\n<td style=\"width: 26.0276%; text-align: center; height: 24px;\"><strong>TEE\/LCI\/061\/2024<\/strong><\/td>\n<td style=\"width: 33.6587%; text-align: center; height: 24px;\">Dora Luz Morales Leyva<\/td>\n<td style=\"width: 32.619%; text-align: center; height: 24px;\">IEPC<\/td>\n<td style=\"width: 17.1188%; text-align: center; height: 24px;\"><a href=\"https:\/\/teegro.gob.mx\/sitio2023\/wp-content\/uploads\/2024\/11\/TEE-LCI-061-2024.pdf\"><img decoding=\"async\" src=\"https:\/\/teegro.gob.mx\/sitio2023\/wp-content\/uploads\/2023\/04\/pdf150x150-2.png\" alt=\"\" width=\"30\" height=\"30\"><\/a><\/td>\n<\/tr>\n<tr style=\"height: 24px;\">\n<td style=\"width: 26.0276%; text-align: center; height: 24px;\"><strong>TEE\/LCI\/054\/2024<\/strong><\/td>\n<td style=\"width: 33.6587%; text-align: center; height: 24px;\">Sonia Hern\u00e1ndez V\u00e1zquez<\/td>\n<td style=\"width: 32.619%; text-align: center; height: 24px;\">IEPC<\/td>\n<td style=\"width: 17.1188%; text-align: center; height: 24px;\"><a href=\"https:\/\/teegro.gob.mx\/sitio2023\/wp-content\/uploads\/2024\/11\/TEE-LCI-054-2024.pdf\"><img decoding=\"async\" src=\"https:\/\/teegro.gob.mx\/sitio2023\/wp-content\/uploads\/2023\/04\/pdf150x150-2.png\" alt=\"\" width=\"30\" height=\"30\"><\/a><\/td>\n<\/tr>\n<tr style=\"height: 24px;\">\n<td style=\"width: 26.0276%; text-align: center; height: 24px;\"><strong>TEE\/LCI\/055\/2024<\/strong><\/td>\n<td style=\"width: 33.6587%; text-align: center; height: 24px;\">Fabiola Mosso Solano<\/td>\n<td style=\"width: 32.619%; text-align: center; height: 24px;\">IEPC<\/td>\n<td style=\"width: 17.1188%; text-align: center; height: 24px;\"><a href=\"https:\/\/teegro.gob.mx\/sitio2023\/wp-content\/uploads\/2024\/11\/TEE-LCI-055-2024.pdf\"><img decoding=\"async\" src=\"https:\/\/teegro.gob.mx\/sitio2023\/wp-content\/uploads\/2023\/04\/pdf150x150-2.png\" alt=\"\" width=\"30\" height=\"30\"><\/a><\/td>\n<\/tr>\n<tr style=\"height: 24px;\">\n<td style=\"width: 26.0276%; text-align: center; height: 24px;\"><strong>TEE\/LCI\/059\/2024<\/strong><\/td>\n<td style=\"width: 33.6587%; text-align: center; height: 24px;\">Erika Nayeli Carbajal Bello<\/td>\n<td style=\"width: 32.619%; text-align: center; height: 24px;\">IEPC<\/td>\n<td style=\"width: 17.1188%; text-align: center; height: 24px;\"><a href=\"https:\/\/teegro.gob.mx\/sitio2023\/wp-content\/uploads\/2024\/11\/TEE-LCI-059-2024.pdf\"><img decoding=\"async\" src=\"https:\/\/teegro.gob.mx\/sitio2023\/wp-content\/uploads\/2023\/04\/pdf150x150-2.png\" alt=\"\" width=\"30\" height=\"30\"><\/a><\/td>\n<\/tr>\n<tr style=\"height: 24px;\">\n<td style=\"width: 26.0276%; text-align: center; height: 24px;\"><strong>TEE\/LCI\/060\/2024<\/strong><\/td>\n<td style=\"width: 33.6587%; text-align: center; height: 24px;\">Alejandra Sandoval Catal\u00e1n<\/td>\n<td style=\"width: 32.619%; text-align: center; height: 24px;\">IEPC<\/td>\n<td style=\"width: 17.1188%; text-align: center; height: 24px;\"><a href=\"https:\/\/teegro.gob.mx\/sitio2023\/wp-content\/uploads\/2024\/12\/TEE-LCI-060-2024.pdf\"><img decoding=\"async\" src=\"https:\/\/teegro.gob.mx\/sitio2023\/wp-content\/uploads\/2023\/04\/pdf150x150-2.png\" alt=\"\" width=\"30\" height=\"30\"><\/a><\/td>\n<\/tr>\n<tr style=\"height: 24px;\">\n<td style=\"width: 26.0276%; text-align: center; height: 24px;\"><strong>TEE\/JEC\/248\/2024<\/strong><\/td>\n<td style=\"width: 33.6587%; text-align: center; height: 24px;\">Francisco Alejandro Fabi\u00e1n Mujica Y Gustavo Said Gonz\u00e1lez Serrano<\/td>\n<td style=\"width: 32.619%; text-align: center; height: 24px;\">Integrantes de la Mesa Directiva del Consejo Estatal del Partido del Bienestar Guerrero<\/td>\n<td style=\"width: 17.1188%; text-align: center; height: 24px;\"><a href=\"https:\/\/teegro.gob.mx\/sitio2023\/wp-content\/uploads\/2024\/11\/TEE-JEC-248-2024.pdf\"><img decoding=\"async\" src=\"https:\/\/teegro.gob.mx\/sitio2023\/wp-content\/uploads\/2023\/04\/pdf150x150-2.png\" alt=\"\" width=\"30\" height=\"30\"><\/a><\/td>\n<\/tr>\n<\/tbody>\n<\/table>\n<p><\/p>\n","protected":false},"excerpt":{"rendered":"<p>Orden del d\u00eda V\u00eddeo de la Sesi\u00f3n Contenido<\/p>\n","protected":false},"author":1,"featured_media":0,"comment_status":"open","ping_status":"open","sticky":false,"template":"","format":"standard","meta":{"_acf_changed":false,"footnotes":""},"categories":[210],"tags":[],"class_list":["post-16946","post","type-post","status-publish","format-standard","hentry","category-gaceta"],"acf":[],"_links":{"self":[{"href":"https:\/\/teegro.gob.mx\/sitio2025\/wp-json\/wp\/v2\/posts\/16946","targetHints":{"allow":["GET"]}}],"collection":[{"href":"https:\/\/teegro.gob.mx\/sitio2025\/wp-json\/wp\/v2\/posts"}],"about":[{"href":"https:\/\/teegro.gob.mx\/sitio2025\/wp-json\/wp\/v2\/types\/post"}],"author":[{"embeddable":true,"href":"https:\/\/teegro.gob.mx\/sitio2025\/wp-json\/wp\/v2\/users\/1"}],"replies":[{"embeddable":true,"href":"https:\/\/teegro.gob.mx\/sitio2025\/wp-json\/wp\/v2\/comments?post=16946"}],"version-history":[{"count":21,"href":"https:\/\/teegro.gob.mx\/sitio2025\/wp-json\/wp\/v2\/posts\/16946\/revisions"}],"predecessor-version":[{"id":16989,"href":"https:\/\/teegro.gob.mx\/sitio2025\/wp-json\/wp\/v2\/posts\/16946\/revisions\/16989"}],"wp:attachment":[{"href":"https:\/\/teegro.gob.mx\/sitio2025\/wp-json\/wp\/v2\/media?parent=16946"}],"wp:term":[{"taxonomy":"category","embeddable":true,"href":"https:\/\/teegro.gob.mx\/sitio2025\/wp-json\/wp\/v2\/categories?post=16946"},{"taxonomy":"post_tag","embeddable":true,"href":"https:\/\/teegro.gob.mx\/sitio2025\/wp-json\/wp\/v2\/tags?post=16946"}],"curies":[{"name":"wp","href":"https:\/\/api.w.org\/{rel}","templated":true}]}}