{"id":17236,"date":"2025-01-20T14:29:47","date_gmt":"2025-01-20T20:29:47","guid":{"rendered":"https:\/\/teegro.gob.mx\/sitio2023\/?p=17236"},"modified":"2025-01-25T21:41:34","modified_gmt":"2025-01-26T03:41:34","slug":"segunda-sesion-21-de-enero","status":"publish","type":"post","link":"https:\/\/teegro.gob.mx\/sitio2025\/segunda-sesion-21-de-enero\/","title":{"rendered":"Segunda Sesi\u00f3n &#8211; 21 de Enero"},"content":{"rendered":"<p><!-- VideographyWP Plugin Message: Automatic video embedding prevented by plugin options. --><\/p>\n<ul>\n<li><a href=\"https:\/\/teegro.gob.mx\/sitio2023\/wp-content\/uploads\/2025\/01\/Lista210125.pdf\">Orden del d\u00eda<\/a><\/li>\n<li><a href=\"https:\/\/youtu.be\/R_hnaQM-zBk\">Video &#x1f3a5;<\/a><\/li>\n<li><!--[if lt IE 9]><script>document.createElement('audio');<\/script><![endif]-->\n<audio class=\"wp-audio-shortcode\" id=\"audio-17236-1\" preload=\"none\" style=\"width: 100%;\" controls=\"controls\"><source type=\"audio\/mpeg\" src=\"https:\/\/teegro.gob.mx\/sitio2023\/wp-content\/uploads\/2025\/01\/Sesion2.mp3?_=1\" \/><a href=\"https:\/\/teegro.gob.mx\/sitio2023\/wp-content\/uploads\/2025\/01\/Sesion2.mp3\">https:\/\/teegro.gob.mx\/sitio2023\/wp-content\/uploads\/2025\/01\/Sesion2.mp3<\/a><\/audio><\/li>\n<\/ul>\n<h3>Contenido<br \/>\n<!--more--><\/h3>\n<table style=\"height: 57px; width: 92.7699%; border-collapse: collapse;\" border=\"1\">\n<tbody>\n<tr style=\"height: 24px; background-color: #068c11;\">\n<td style=\"width: 29.064%; height: 24px; text-align: center;\">Expediente<\/td>\n<td style=\"width: 30.6223%; height: 24px; text-align: center;\">Denunciante<\/td>\n<td style=\"width: 32.619%; height: 24px; text-align: center;\">Denunciado<\/td>\n<td style=\"width: 17.1188%; height: 24px; text-align: center;\">Descarga<\/td>\n<\/tr>\n<tr>\n<td style=\"width: 29.064%; text-align: center;\"><strong>TEE\/RAP\/057\/2024, TEE\/RAP\/058\/2024 y TEE\/RAP\/059\/2024, ACUMULADOS. <\/strong><strong>Acuerdo Plenario<\/strong><\/td>\n<td style=\"width: 30.6223%; text-align: center;\">Partido Revolucionario Institucional y Partido Acci\u00f3n Nacional.<\/td>\n<td style=\"width: 32.619%; text-align: center;\">Consejo General del Instituto Electoral y de Participaci\u00f3n Ciudadana del Estado de Guerrero.<\/td>\n<td style=\"width: 17.1188%; text-align: center;\"><a href=\"https:\/\/teegro.gob.mx\/sitio2023\/wp-content\/uploads\/2025\/01\/TEE-RAP-057-2024-Acuerdo.pdf\"><img decoding=\"async\" src=\"https:\/\/teegro.gob.mx\/sitio2023\/wp-content\/uploads\/2023\/04\/pdf150x150-2.png\" alt=\"\" width=\"30\" height=\"30\"><\/a><\/td>\n<\/tr>\n<tr>\n<td style=\"width: 29.064%; text-align: center;\"><strong>TEE\/AG\/001\/2024 y TEE\/JEC\/230\/2024 ACUMULADOS. <\/strong><strong>Acuerdo Plenario<\/strong><\/td>\n<td style=\"width: 30.6223%; text-align: center;\">Gloria Sierra Garc\u00eda, Viviana Vidal Le\u00f3n y Juan Ricardo Guti\u00e9rrez Morales.<\/td>\n<td style=\"width: 32.619%; text-align: center;\">Comisi\u00f3n de Elecci\u00f3n de Ayutla de los Libres, Guerrero, Instituto Electoral y de Participaci\u00f3n Ciudadana del Estado de Guerrero.<\/td>\n<td style=\"width: 17.1188%; text-align: center;\"><a href=\"https:\/\/teegro.gob.mx\/sitio2023\/wp-content\/uploads\/2025\/01\/TEE-AG-001-2024-Acuerdo.pdf\"><img decoding=\"async\" src=\"https:\/\/teegro.gob.mx\/sitio2023\/wp-content\/uploads\/2023\/04\/pdf150x150-2.png\" alt=\"\" width=\"30\" height=\"30\"><\/a><\/td>\n<\/tr>\n<tr>\n<td style=\"width: 29.064%; text-align: center;\"><strong>TEE\/JEC\/254\/2024. <\/strong><strong>Acuerdo Plenario<\/strong><\/td>\n<td style=\"width: 30.6223%; text-align: center;\">Gisela Mariano Gazga.<\/td>\n<td style=\"width: 32.619%; text-align: center;\">Presidente y Secretaria General del Comit\u00e9 Ejecutivo Nacional del PAN.<\/td>\n<td style=\"width: 17.1188%; text-align: center;\"><a href=\"https:\/\/teegro.gob.mx\/sitio2023\/wp-content\/uploads\/2025\/01\/TEE-JEC-254-2024-Acuerdo.pdf\"><img decoding=\"async\" src=\"https:\/\/teegro.gob.mx\/sitio2023\/wp-content\/uploads\/2023\/04\/pdf150x150-2.png\" alt=\"\" width=\"30\" height=\"30\"><\/a><\/td>\n<\/tr>\n<tr>\n<td style=\"width: 29.064%; text-align: center;\"><strong>TEE\/LCI\/066\/2024.<\/strong><\/td>\n<td style=\"width: 30.6223%; text-align: center;\">Luis Alberto Mundo L\u00f3pez.<\/td>\n<td style=\"width: 32.619%;\">\n<p style=\"text-align: center;\">Instituto Electoral y de Participaci\u00f3n Ciudadana del Estado de Guerrero.<\/p>\n<\/td>\n<td style=\"width: 17.1188%; text-align: center;\"><a href=\"https:\/\/teegro.gob.mx\/sitio2023\/wp-content\/uploads\/2025\/01\/TEE-LCI-066-2024.pdf\"><img decoding=\"async\" src=\"https:\/\/teegro.gob.mx\/sitio2023\/wp-content\/uploads\/2023\/04\/pdf150x150-2.png\" alt=\"\" width=\"30\" height=\"30\"><\/a><\/td>\n<\/tr>\n<tr>\n<td style=\"width: 29.064%; text-align: center;\"><strong>TEE\/LCI\/064\/2024.<\/strong><\/td>\n<td style=\"width: 30.6223%; text-align: center;\">Bernardo V\u00e1zquez Catorce.<\/td>\n<td style=\"width: 32.619%;\">\n<p style=\"text-align: center;\">Instituto Electoral y de Participaci\u00f3n Ciudadana del Estado de Guerrero.<\/p>\n<\/td>\n<td style=\"width: 17.1188%; text-align: center;\"><a href=\"https:\/\/teegro.gob.mx\/sitio2023\/wp-content\/uploads\/2025\/01\/TEE-LCI-064-2024.pdf\"><img decoding=\"async\" src=\"https:\/\/teegro.gob.mx\/sitio2023\/wp-content\/uploads\/2023\/04\/pdf150x150-2.png\" alt=\"\" width=\"30\" height=\"30\"><\/a><\/td>\n<\/tr>\n<tr>\n<td style=\"width: 29.064%; text-align: center;\"><strong>TEE\/JEC\/244\/2024.<\/strong><\/td>\n<td style=\"width: 30.6223%; text-align: center;\">Luis Montealegre Galicia, Regidor del Ayuntamiento de Metlat\u00f3noc, Guerrero.<\/td>\n<td style=\"width: 32.619%; text-align: center;\">Ayuntamiento de Metlat\u00f3noc, Guerrero.<\/td>\n<td style=\"width: 17.1188%; text-align: center;\"><a href=\"https:\/\/teegro.gob.mx\/sitio2023\/wp-content\/uploads\/2025\/01\/TEE-JEC-244-2024.pdf\"><img decoding=\"async\" src=\"https:\/\/teegro.gob.mx\/sitio2023\/wp-content\/uploads\/2023\/04\/pdf150x150-2.png\" alt=\"\" width=\"30\" height=\"30\"><\/a><\/td>\n<\/tr>\n<\/tbody>\n<\/table>\n<p><\/p>\n","protected":false},"excerpt":{"rendered":"<p>Orden del d\u00eda Video &#x1f3a5; Contenido<\/p>\n","protected":false},"author":1,"featured_media":0,"comment_status":"open","ping_status":"open","sticky":false,"template":"","format":"standard","meta":{"_acf_changed":false,"footnotes":""},"categories":[210],"tags":[],"class_list":["post-17236","post","type-post","status-publish","format-standard","hentry","category-gaceta"],"acf":[],"_links":{"self":[{"href":"https:\/\/teegro.gob.mx\/sitio2025\/wp-json\/wp\/v2\/posts\/17236","targetHints":{"allow":["GET"]}}],"collection":[{"href":"https:\/\/teegro.gob.mx\/sitio2025\/wp-json\/wp\/v2\/posts"}],"about":[{"href":"https:\/\/teegro.gob.mx\/sitio2025\/wp-json\/wp\/v2\/types\/post"}],"author":[{"embeddable":true,"href":"https:\/\/teegro.gob.mx\/sitio2025\/wp-json\/wp\/v2\/users\/1"}],"replies":[{"embeddable":true,"href":"https:\/\/teegro.gob.mx\/sitio2025\/wp-json\/wp\/v2\/comments?post=17236"}],"version-history":[{"count":14,"href":"https:\/\/teegro.gob.mx\/sitio2025\/wp-json\/wp\/v2\/posts\/17236\/revisions"}],"predecessor-version":[{"id":17283,"href":"https:\/\/teegro.gob.mx\/sitio2025\/wp-json\/wp\/v2\/posts\/17236\/revisions\/17283"}],"wp:attachment":[{"href":"https:\/\/teegro.gob.mx\/sitio2025\/wp-json\/wp\/v2\/media?parent=17236"}],"wp:term":[{"taxonomy":"category","embeddable":true,"href":"https:\/\/teegro.gob.mx\/sitio2025\/wp-json\/wp\/v2\/categories?post=17236"},{"taxonomy":"post_tag","embeddable":true,"href":"https:\/\/teegro.gob.mx\/sitio2025\/wp-json\/wp\/v2\/tags?post=17236"}],"curies":[{"name":"wp","href":"https:\/\/api.w.org\/{rel}","templated":true}]}}