{"id":17510,"date":"2025-02-12T11:39:20","date_gmt":"2025-02-12T17:39:20","guid":{"rendered":"https:\/\/teegro.gob.mx\/sitio2023\/?p=17510"},"modified":"2025-02-14T17:08:19","modified_gmt":"2025-02-14T23:08:19","slug":"sexta-sesion-13-de-febrero","status":"publish","type":"post","link":"https:\/\/teegro.gob.mx\/sitio2025\/sexta-sesion-13-de-febrero\/","title":{"rendered":"Sexta Sesi\u00f3n &#8211; 13 de Febrero"},"content":{"rendered":"<p><!-- VideographyWP Plugin Message: Automatic video embedding prevented by plugin options. --><\/p>\n<ul>\n<li><a href=\"https:\/\/teegro.gob.mx\/sitio2023\/wp-content\/uploads\/2025\/02\/Lista130225.pdf\">Orden del d\u00eda<\/a><\/li>\n<li><a href=\"https:\/\/youtu.be\/d-1EoT6pRTw\">Video &#x1f3a5;<\/a><\/li>\n<li><!--[if lt IE 9]><script>document.createElement('audio');<\/script><![endif]-->\n<audio class=\"wp-audio-shortcode\" id=\"audio-17510-1\" preload=\"none\" style=\"width: 100%;\" controls=\"controls\"><source type=\"audio\/mpeg\" src=\"https:\/\/teegro.gob.mx\/sitio2023\/wp-content\/uploads\/2025\/02\/Sesion6.mp3?_=1\" \/><a href=\"https:\/\/teegro.gob.mx\/sitio2023\/wp-content\/uploads\/2025\/02\/Sesion6.mp3\">https:\/\/teegro.gob.mx\/sitio2023\/wp-content\/uploads\/2025\/02\/Sesion6.mp3<\/a><\/audio><\/li>\n<\/ul>\n<h3>Contenido<br \/>\n<!--more--><\/h3>\n<table style=\"height: 57px; width: 92.7699%; border-collapse: collapse;\" border=\"1\">\n<tbody>\n<tr style=\"height: 24px; background-color: #068c11;\">\n<td style=\"width: 29.064%; height: 24px; text-align: center;\">Expediente<\/td>\n<td style=\"width: 30.6223%; height: 24px; text-align: center;\">Parte Actora\/Compareciente<\/td>\n<td style=\"width: 32.619%; height: 24px; text-align: center;\">Autoridad Responsable\/Compareciente<\/td>\n<td style=\"width: 17.1188%; height: 24px; text-align: center;\">Descarga<\/td>\n<\/tr>\n<tr>\n<td style=\"width: 29.064%; text-align: center;\"><strong><strong><strong>TEE\/JEC\/246\/2024<\/strong><\/strong><\/strong> <strong><strong>Acuerdo Plenario<\/strong><\/strong><\/td>\n<td style=\"width: 30.6223%; text-align: center;\">Ernesto Fidel Pay\u00e1n Cortinas&nbsp;<\/td>\n<td style=\"width: 32.619%; text-align: center;\">Comisi\u00f3n Nacional de Honestidad y Justicia de Morena&nbsp;<\/td>\n<td style=\"width: 17.1188%; text-align: center;\"><a href=\"https:\/\/teegro.gob.mx\/sitio2023\/wp-content\/uploads\/2025\/02\/TEE-JEC-246-2025-Acuerdo.pdf\"><img decoding=\"async\" src=\"https:\/\/teegro.gob.mx\/sitio2023\/wp-content\/uploads\/2023\/04\/pdf150x150-2.png\" alt=\"\" width=\"30\" height=\"30\"><\/a><\/td>\n<\/tr>\n<tr>\n<td style=\"width: 29.064%; text-align: center;\"><strong><strong>TEE\/RAP\/060\/2024<\/strong><\/strong><\/td>\n<td style=\"width: 30.6223%; text-align: center;\">Partido de la Revoluci\u00f3n Democr\u00e1tica, Guerrero<\/td>\n<td style=\"width: 32.619%; text-align: center;\">Consejo General del Instituto Electoral y de Participaci\u00f3n Ciudadana del Estado de Guerrero<\/td>\n<td style=\"width: 17.1188%; text-align: center;\"><a href=\"https:\/\/teegro.gob.mx\/sitio2023\/wp-content\/uploads\/2025\/02\/TEE-RAP-060-2024.pdf\"><img decoding=\"async\" src=\"https:\/\/teegro.gob.mx\/sitio2023\/wp-content\/uploads\/2023\/04\/pdf150x150-2.png\" alt=\"\" width=\"30\" height=\"30\"><\/a><\/td>\n<\/tr>\n<tr>\n<td style=\"width: 29.064%; text-align: center;\"><strong>TEE\/LCI\/001\/2025<\/strong><\/td>\n<td style=\"width: 30.6223%; text-align: center;\">Ram\u00f3n Andr\u00e9s Bello C\u00e1stulo<\/td>\n<td style=\"width: 32.619%; text-align: center;\">Instituto Electoral y de Participaci\u00f3n Ciudadana del Estado de Guerrero<\/td>\n<td style=\"width: 17.1188%; text-align: center;\"><a href=\"https:\/\/teegro.gob.mx\/sitio2023\/wp-content\/uploads\/2025\/02\/TEE-LCI-001-2025.pdf\"><img decoding=\"async\" src=\"https:\/\/teegro.gob.mx\/sitio2023\/wp-content\/uploads\/2023\/04\/pdf150x150-2.png\" alt=\"\" width=\"30\" height=\"30\"><\/a><\/td>\n<\/tr>\n<tr>\n<td style=\"width: 29.064%; text-align: center;\"><strong>TEE\/LCI\/009\/2025<\/strong><\/td>\n<td style=\"width: 30.6223%; text-align: center;\">Esmeralda Garc\u00eda Meneses<\/td>\n<td style=\"width: 32.619%; text-align: center;\">Instituto Electoral y de Participaci\u00f3n Ciudadana del Estado de Guerrero<\/td>\n<td style=\"width: 17.1188%; text-align: center;\"><a href=\"https:\/\/teegro.gob.mx\/sitio2023\/wp-content\/uploads\/2025\/02\/TEE-LCI-009-2025.pdf\"><img decoding=\"async\" src=\"https:\/\/teegro.gob.mx\/sitio2023\/wp-content\/uploads\/2023\/04\/pdf150x150-2.png\" alt=\"\" width=\"30\" height=\"30\"><\/a><\/td>\n<\/tr>\n<tr>\n<td style=\"width: 29.064%; text-align: center;\"><strong>TEE\/LCT\/004\/2025<\/strong><\/td>\n<td style=\"width: 30.6223%; text-align: center;\">V\u00edctor Paul Ramos Peralta<\/td>\n<td style=\"width: 32.619%; text-align: center;\">Tribunal Electoral del Estado de Guerrero<\/td>\n<td style=\"width: 17.1188%; text-align: center;\"><a href=\"https:\/\/teegro.gob.mx\/sitio2023\/wp-content\/uploads\/2025\/02\/TEE-LCT-004-2025.pdf\"><img decoding=\"async\" src=\"https:\/\/teegro.gob.mx\/sitio2023\/wp-content\/uploads\/2023\/04\/pdf150x150-2.png\" alt=\"\" width=\"30\" height=\"30\"><\/a><\/td>\n<\/tr>\n<tr>\n<td style=\"width: 29.064%; text-align: center;\"><strong>TEE\/LCT\/006\/2025<\/strong><\/td>\n<td style=\"width: 30.6223%; text-align: center;\">Fernando Zamora Aparicio&nbsp;<\/td>\n<td style=\"width: 32.619%; text-align: center;\">Tribunal Electoral del Estado de Guerrero&nbsp;<\/td>\n<td style=\"width: 17.1188%; text-align: center;\"><a href=\"https:\/\/teegro.gob.mx\/sitio2023\/wp-content\/uploads\/2025\/02\/TEE-LCT-006-2025.pdf\"><img decoding=\"async\" src=\"https:\/\/teegro.gob.mx\/sitio2023\/wp-content\/uploads\/2023\/04\/pdf150x150-2.png\" alt=\"\" width=\"30\" height=\"30\"><\/a><\/td>\n<\/tr>\n<tr>\n<td style=\"width: 29.064%; text-align: center;\"><strong>TEE\/LCT\/008\/2025<\/strong><\/td>\n<td style=\"width: 30.6223%; text-align: center;\">Mois\u00e9s Alcaraz Jim\u00e9nez<\/td>\n<td style=\"width: 32.619%; text-align: center;\">Tribunal Electoral del Estado de Guerrero&nbsp;<\/td>\n<td style=\"width: 17.1188%; text-align: center;\"><a href=\"https:\/\/teegro.gob.mx\/sitio2023\/wp-content\/uploads\/2025\/02\/TEE-LCT-008-2025.pdf\"><img decoding=\"async\" src=\"https:\/\/teegro.gob.mx\/sitio2023\/wp-content\/uploads\/2023\/04\/pdf150x150-2.png\" alt=\"\" width=\"30\" height=\"30\"><\/a><\/td>\n<\/tr>\n<\/tbody>\n<\/table>\n<p><\/p>\n","protected":false},"excerpt":{"rendered":"<p>Orden del d\u00eda Video &#x1f3a5; Contenido<\/p>\n","protected":false},"author":1,"featured_media":0,"comment_status":"open","ping_status":"open","sticky":false,"template":"","format":"standard","meta":{"_acf_changed":false,"footnotes":""},"categories":[210],"tags":[],"class_list":["post-17510","post","type-post","status-publish","format-standard","hentry","category-gaceta"],"acf":[],"_links":{"self":[{"href":"https:\/\/teegro.gob.mx\/sitio2025\/wp-json\/wp\/v2\/posts\/17510","targetHints":{"allow":["GET"]}}],"collection":[{"href":"https:\/\/teegro.gob.mx\/sitio2025\/wp-json\/wp\/v2\/posts"}],"about":[{"href":"https:\/\/teegro.gob.mx\/sitio2025\/wp-json\/wp\/v2\/types\/post"}],"author":[{"embeddable":true,"href":"https:\/\/teegro.gob.mx\/sitio2025\/wp-json\/wp\/v2\/users\/1"}],"replies":[{"embeddable":true,"href":"https:\/\/teegro.gob.mx\/sitio2025\/wp-json\/wp\/v2\/comments?post=17510"}],"version-history":[{"count":15,"href":"https:\/\/teegro.gob.mx\/sitio2025\/wp-json\/wp\/v2\/posts\/17510\/revisions"}],"predecessor-version":[{"id":17551,"href":"https:\/\/teegro.gob.mx\/sitio2025\/wp-json\/wp\/v2\/posts\/17510\/revisions\/17551"}],"wp:attachment":[{"href":"https:\/\/teegro.gob.mx\/sitio2025\/wp-json\/wp\/v2\/media?parent=17510"}],"wp:term":[{"taxonomy":"category","embeddable":true,"href":"https:\/\/teegro.gob.mx\/sitio2025\/wp-json\/wp\/v2\/categories?post=17510"},{"taxonomy":"post_tag","embeddable":true,"href":"https:\/\/teegro.gob.mx\/sitio2025\/wp-json\/wp\/v2\/tags?post=17510"}],"curies":[{"name":"wp","href":"https:\/\/api.w.org\/{rel}","templated":true}]}}