{"id":17568,"date":"2025-02-24T14:42:02","date_gmt":"2025-02-24T20:42:02","guid":{"rendered":"https:\/\/teegro.gob.mx\/sitio2023\/?p=17568"},"modified":"2025-03-12T15:00:44","modified_gmt":"2025-03-12T21:00:44","slug":"septima-sesion-25-de-febrero","status":"publish","type":"post","link":"https:\/\/teegro.gob.mx\/sitio2025\/septima-sesion-25-de-febrero\/","title":{"rendered":"S\u00e9ptima Sesi\u00f3n &#8211; 25 de Febrero"},"content":{"rendered":"<p><!-- VideographyWP Plugin Message: Automatic video embedding prevented by plugin options. --><\/p>\n<ul>\n<li><a href=\"https:\/\/teegro.gob.mx\/sitio2023\/wp-content\/uploads\/2025\/02\/Lista250225.pdf\">Orden del d\u00eda<\/a><\/li>\n<li><a href=\"https:\/\/youtu.be\/knjvKCyufYQ\">Video &#x1f3a5;<\/a><\/li>\n<li><!--[if lt IE 9]><script>document.createElement('audio');<\/script><![endif]-->\n<audio class=\"wp-audio-shortcode\" id=\"audio-17568-1\" preload=\"none\" style=\"width: 100%;\" controls=\"controls\"><source type=\"audio\/mpeg\" src=\"https:\/\/teegro.gob.mx\/sitio2023\/wp-content\/uploads\/2025\/02\/Sesion7.mp3?_=1\" \/><a href=\"https:\/\/teegro.gob.mx\/sitio2023\/wp-content\/uploads\/2025\/02\/Sesion7.mp3\">https:\/\/teegro.gob.mx\/sitio2023\/wp-content\/uploads\/2025\/02\/Sesion7.mp3<\/a><\/audio><\/li>\n<\/ul>\n<h3>Contenido<br \/>\n<!--more--><\/h3>\n<table style=\"height: 57px; width: 92.7699%; border-collapse: collapse;\" border=\"1\">\n<tbody>\n<tr style=\"height: 24px; background-color: #068c11;\">\n<td style=\"width: 29.064%; height: 24px; text-align: center;\">Expediente<\/td>\n<td style=\"width: 30.6223%; height: 24px; text-align: center;\">Denunciante\/Parte Actora\/Compareciente<\/td>\n<td style=\"width: 32.619%; height: 24px; text-align: center;\">Denunciado\/Autoridad Responsable\/Compareciente<\/td>\n<td style=\"width: 17.1188%; height: 24px; text-align: center;\">Descarga<\/td>\n<\/tr>\n<tr>\n<td style=\"width: 29.064%; text-align: center;\"><strong><strong><strong><strong>TEE\/PES\/061\/2024<\/strong><\/strong><\/strong><\/strong> <strong><strong><strong>Acuerdo Plenario<\/strong><\/strong><\/strong><\/td>\n<td style=\"width: 30.6223%; text-align: center;\">Kelly Lissete Hern\u00e1ndez Hern\u00e1ndez&nbsp;<\/td>\n<td style=\"width: 32.619%; text-align: center;\">Venancio D\u00edaz Arroyo y otros<\/td>\n<td style=\"width: 17.1188%; text-align: center;\"><a href=\"https:\/\/teegro.gob.mx\/sitio2023\/wp-content\/uploads\/2025\/02\/TEE-PES-061-2024-Acuerdo.pdf\"><img decoding=\"async\" src=\"https:\/\/teegro.gob.mx\/sitio2023\/wp-content\/uploads\/2023\/04\/pdf150x150-2.png\" alt=\"\" width=\"30\" height=\"30\"><\/a><\/td>\n<\/tr>\n<tr>\n<td style=\"width: 29.064%; text-align: center;\"><strong><strong>TEE\/JEC\/252\/2024<\/strong><\/strong><\/td>\n<td style=\"width: 30.6223%; text-align: center;\">Norma Otilia Hern\u00e1ndez Mart\u00ednez<\/td>\n<td style=\"width: 32.619%; text-align: center;\">Comisi\u00f3n Nacional de Honestidad y Justicia de Morena&nbsp;<\/td>\n<td style=\"width: 17.1188%; text-align: center;\"><a href=\"https:\/\/teegro.gob.mx\/sitio2023\/wp-content\/uploads\/2025\/02\/TEE-JEC-252-2024.pdf\"><img decoding=\"async\" src=\"https:\/\/teegro.gob.mx\/sitio2023\/wp-content\/uploads\/2023\/04\/pdf150x150-2.png\" alt=\"\" width=\"30\" height=\"30\"><\/a><\/td>\n<\/tr>\n<tr>\n<td style=\"width: 29.064%; text-align: center;\"><strong>TEE\/JEC\/001\/2025<\/strong><\/td>\n<td style=\"width: 30.6223%; text-align: center;\">Jos\u00e9 \u00c1ngel Jim\u00e9nez Garc\u00eda y Mar\u00eda Jos\u00e9 Guerrero Alcocer&nbsp;<\/td>\n<td style=\"width: 32.619%; text-align: center;\">H. Ayuntamiento Constitucional de Atenango del R\u00edo, Guerrero&nbsp;<\/td>\n<td style=\"width: 17.1188%; text-align: center;\"><a href=\"https:\/\/teegro.gob.mx\/sitio2023\/wp-content\/uploads\/2025\/02\/TEE-JEC-001-2025.pdf\"><img decoding=\"async\" src=\"https:\/\/teegro.gob.mx\/sitio2023\/wp-content\/uploads\/2023\/04\/pdf150x150-2.png\" alt=\"\" width=\"30\" height=\"30\"><\/a><\/td>\n<\/tr>\n<tr>\n<td style=\"width: 29.064%; text-align: center;\"><strong>TEE\/JEC\/005\/2025<\/strong><\/td>\n<td style=\"width: 30.6223%; text-align: center;\">H\u00e9ctor Candia Ventura<\/td>\n<td style=\"width: 32.619%; text-align: center;\">H. Ayuntamiento del Municipio de Tlapa de Comonfort, Guerrero&nbsp;<\/td>\n<td style=\"width: 17.1188%; text-align: center;\"><a href=\"https:\/\/teegro.gob.mx\/sitio2023\/wp-content\/uploads\/2025\/02\/TEE-JEC-005-2025.pdf\"><img decoding=\"async\" src=\"https:\/\/teegro.gob.mx\/sitio2023\/wp-content\/uploads\/2023\/04\/pdf150x150-2.png\" alt=\"\" width=\"30\" height=\"30\"><\/a><\/td>\n<\/tr>\n<tr>\n<td style=\"width: 29.064%; text-align: center;\"><strong>TEE\/JEC\/003\/2025<\/strong><\/td>\n<td style=\"width: 30.6223%; text-align: center;\">Jos\u00e9 \u00c1ngel Jim\u00e9nez Garc\u00eda y Mar\u00eda Jos\u00e9 Guerrero Alcocer<\/td>\n<td style=\"width: 32.619%; text-align: center;\">Ayuntamiento de Atenango del R\u00edo, Guerrero, Presidente Municipal y Secretario General de dicho Ayuntamiento<\/td>\n<td style=\"width: 17.1188%; text-align: center;\"><a href=\"https:\/\/teegro.gob.mx\/sitio2023\/wp-content\/uploads\/2025\/02\/TEE-JEC-003-2025.pdf\"><img decoding=\"async\" src=\"https:\/\/teegro.gob.mx\/sitio2023\/wp-content\/uploads\/2023\/04\/pdf150x150-2.png\" alt=\"\" width=\"30\" height=\"30\"><\/a><\/td>\n<\/tr>\n<tr>\n<td style=\"width: 29.064%; text-align: center;\"><strong>TEE\/JEC\/006\/2025<\/strong><\/td>\n<td style=\"width: 30.6223%; text-align: center;\">Mar\u00eda Irene Montiel Serv\u00edn<\/td>\n<td style=\"width: 32.619%; text-align: center;\">LXIV Legislatura del Honorable Congreso del Estado Libre y Soberano de Guerrero<\/td>\n<td style=\"width: 17.1188%; text-align: center;\"><a href=\"https:\/\/teegro.gob.mx\/sitio2023\/wp-content\/uploads\/2025\/02\/TEE-JEC-006-2025.pdf\"><img decoding=\"async\" src=\"https:\/\/teegro.gob.mx\/sitio2023\/wp-content\/uploads\/2023\/04\/pdf150x150-2.png\" alt=\"\" width=\"30\" height=\"30\"><\/a><\/td>\n<\/tr>\n<tr>\n<td style=\"width: 29.064%; text-align: center;\"><strong>TEE\/LCI\/014\/2025<\/strong><\/td>\n<td style=\"width: 30.6223%; text-align: center;\">Maritza Damaceno Ramos<\/td>\n<td style=\"width: 32.619%; text-align: center;\">Instituto Electoral y de Participaci\u00f3n Ciudadana del Estado de Guerrero<\/td>\n<td style=\"width: 17.1188%; text-align: center;\"><a href=\"https:\/\/teegro.gob.mx\/sitio2023\/wp-content\/uploads\/2025\/02\/TEE-LCI-014-2025.pdf\"><img decoding=\"async\" src=\"https:\/\/teegro.gob.mx\/sitio2023\/wp-content\/uploads\/2023\/04\/pdf150x150-2.png\" alt=\"\" width=\"30\" height=\"30\"><\/a><\/td>\n<\/tr>\n<tr>\n<td style=\"width: 29.064%; text-align: center;\"><strong>TEE\/LCI\/010\/2025<\/strong><\/td>\n<td style=\"width: 30.6223%; text-align: center;\">Belkis Lorey Uri\u00f3stegui Acosta<\/td>\n<td style=\"width: 32.619%; text-align: center;\">Instituto Electoral y de Participaci\u00f3n Ciudadana del Estado de Guerrero<\/td>\n<td style=\"width: 17.1188%; text-align: center;\"><a href=\"https:\/\/teegro.gob.mx\/sitio2023\/wp-content\/uploads\/2025\/02\/TEE-LCI-010-2025.pdf\"><img decoding=\"async\" src=\"https:\/\/teegro.gob.mx\/sitio2023\/wp-content\/uploads\/2023\/04\/pdf150x150-2.png\" alt=\"\" width=\"30\" height=\"30\"><\/a><\/td>\n<\/tr>\n<tr>\n<td style=\"width: 29.064%; text-align: center;\"><strong>TEE\/LCT\/012\/2025<\/strong><\/td>\n<td style=\"width: 30.6223%; text-align: center;\">Julissa Rodr\u00edguez Salgado<\/td>\n<td style=\"width: 32.619%; text-align: center;\">Tribunal Electoral del Estado de Guerrero<\/td>\n<td style=\"width: 17.1188%; text-align: center;\"><a href=\"https:\/\/teegro.gob.mx\/sitio2023\/wp-content\/uploads\/2025\/02\/TEE-LCT-012-2025.pdf\"><img decoding=\"async\" src=\"https:\/\/teegro.gob.mx\/sitio2023\/wp-content\/uploads\/2023\/04\/pdf150x150-2.png\" alt=\"\" width=\"30\" height=\"30\"><\/a><\/td>\n<\/tr>\n<\/tbody>\n<\/table>\n<p><\/p>\n","protected":false},"excerpt":{"rendered":"<p>Orden del d\u00eda Video &#x1f3a5; Contenido<\/p>\n","protected":false},"author":1,"featured_media":0,"comment_status":"open","ping_status":"open","sticky":false,"template":"","format":"standard","meta":{"_acf_changed":false,"footnotes":""},"categories":[210],"tags":[],"class_list":["post-17568","post","type-post","status-publish","format-standard","hentry","category-gaceta"],"acf":[],"_links":{"self":[{"href":"https:\/\/teegro.gob.mx\/sitio2025\/wp-json\/wp\/v2\/posts\/17568","targetHints":{"allow":["GET"]}}],"collection":[{"href":"https:\/\/teegro.gob.mx\/sitio2025\/wp-json\/wp\/v2\/posts"}],"about":[{"href":"https:\/\/teegro.gob.mx\/sitio2025\/wp-json\/wp\/v2\/types\/post"}],"author":[{"embeddable":true,"href":"https:\/\/teegro.gob.mx\/sitio2025\/wp-json\/wp\/v2\/users\/1"}],"replies":[{"embeddable":true,"href":"https:\/\/teegro.gob.mx\/sitio2025\/wp-json\/wp\/v2\/comments?post=17568"}],"version-history":[{"count":21,"href":"https:\/\/teegro.gob.mx\/sitio2025\/wp-json\/wp\/v2\/posts\/17568\/revisions"}],"predecessor-version":[{"id":17642,"href":"https:\/\/teegro.gob.mx\/sitio2025\/wp-json\/wp\/v2\/posts\/17568\/revisions\/17642"}],"wp:attachment":[{"href":"https:\/\/teegro.gob.mx\/sitio2025\/wp-json\/wp\/v2\/media?parent=17568"}],"wp:term":[{"taxonomy":"category","embeddable":true,"href":"https:\/\/teegro.gob.mx\/sitio2025\/wp-json\/wp\/v2\/categories?post=17568"},{"taxonomy":"post_tag","embeddable":true,"href":"https:\/\/teegro.gob.mx\/sitio2025\/wp-json\/wp\/v2\/tags?post=17568"}],"curies":[{"name":"wp","href":"https:\/\/api.w.org\/{rel}","templated":true}]}}