{"id":17643,"date":"2025-03-12T15:50:52","date_gmt":"2025-03-12T21:50:52","guid":{"rendered":"https:\/\/teegro.gob.mx\/sitio2023\/?p=17643"},"modified":"2025-03-15T18:25:24","modified_gmt":"2025-03-16T00:25:24","slug":"octava-sesion-13-de-marzo","status":"publish","type":"post","link":"https:\/\/teegro.gob.mx\/sitio2025\/octava-sesion-13-de-marzo\/","title":{"rendered":"Octava Sesi\u00f3n &#8211; 13 de Marzo"},"content":{"rendered":"<p><!-- VideographyWP Plugin Message: Automatic video embedding prevented by plugin options. --><\/p>\n<ul>\n<li><a href=\"https:\/\/teegro.gob.mx\/sitio2023\/wp-content\/uploads\/2025\/03\/Lista130325.pdf\">Orden del d\u00eda<\/a><\/li>\n<li><a href=\"https:\/\/youtu.be\/WRVarKWG-5M\">Video &#x1f3a5;<\/a><\/li>\n<li><!--[if lt IE 9]><script>document.createElement('audio');<\/script><![endif]-->\n<audio class=\"wp-audio-shortcode\" id=\"audio-17643-1\" preload=\"none\" style=\"width: 100%;\" controls=\"controls\"><source type=\"audio\/mpeg\" src=\"https:\/\/teegro.gob.mx\/sitio2023\/wp-content\/uploads\/2025\/03\/Sesion8.mp3?_=1\" \/><a href=\"https:\/\/teegro.gob.mx\/sitio2023\/wp-content\/uploads\/2025\/03\/Sesion8.mp3\">https:\/\/teegro.gob.mx\/sitio2023\/wp-content\/uploads\/2025\/03\/Sesion8.mp3<\/a><\/audio><\/li>\n<\/ul>\n<h3>Contenido<br \/>\n<!--more--><\/h3>\n<table style=\"height: 1296px; width: 92.7699%; border-collapse: collapse;\" border=\"1\">\n<tbody>\n<tr style=\"height: 24px; background-color: #068c11;\">\n<td style=\"width: 29.064%; height: 24px; text-align: center;\">Expediente<\/td>\n<td style=\"width: 30.6223%; height: 24px; text-align: center;\">Denunciante\/Parte Actora\/Compareciente<\/td>\n<td style=\"width: 32.619%; height: 24px; text-align: center;\">Denunciado\/Autoridad Responsable\/Compareciente<\/td>\n<td style=\"width: 17.1188%; height: 24px; text-align: center;\">Descarga<\/td>\n<\/tr>\n<tr style=\"height: 96px;\">\n<td style=\"width: 29.064%; text-align: center; height: 96px;\"><strong><strong><strong><strong><strong>TEE\/PES\/043\/2024 <\/strong><\/strong><\/strong><\/strong><\/strong><strong><strong><strong><strong>Acuerdo plenario<\/strong><\/strong><\/strong><\/strong><\/td>\n<td style=\"width: 30.6223%; text-align: center; height: 96px;\">Leticia Mosso Hern\u00e1ndez<\/td>\n<td style=\"width: 32.619%; text-align: center; height: 96px;\">Pedro Segura Valladares<\/td>\n<td style=\"width: 17.1188%; text-align: center; height: 96px;\"><a href=\"https:\/\/teegro.gob.mx\/sitio2023\/wp-content\/uploads\/2025\/03\/TEE-PES-043-2024-Acuerdo.pdf\"><img decoding=\"async\" src=\"https:\/\/teegro.gob.mx\/sitio2023\/wp-content\/uploads\/2023\/04\/pdf150x150-2.png\" alt=\"\" width=\"30\" height=\"30\" \/><\/a><\/td>\n<\/tr>\n<tr style=\"height: 96px;\">\n<td style=\"width: 29.064%; text-align: center; height: 96px;\"><strong><strong><strong>TEE\/PES\/042\/2024 <\/strong><\/strong><\/strong><strong><strong>Acuerdo plenario<\/strong><\/strong><\/td>\n<td style=\"width: 30.6223%; text-align: center; height: 96px;\">Partido Morena<\/td>\n<td style=\"width: 32.619%; text-align: center; height: 96px;\">Arturo Arzeta Serna<\/td>\n<td style=\"width: 17.1188%; text-align: center; height: 96px;\"><a href=\"https:\/\/teegro.gob.mx\/sitio2023\/wp-content\/uploads\/2025\/03\/TEE-PES-042-2024-Acuerdo.pdf\"><img decoding=\"async\" src=\"https:\/\/teegro.gob.mx\/sitio2023\/wp-content\/uploads\/2023\/04\/pdf150x150-2.png\" alt=\"\" width=\"30\" height=\"30\" \/><\/a><\/td>\n<\/tr>\n<tr style=\"height: 96px;\">\n<td style=\"width: 29.064%; text-align: center; height: 96px;\"><strong><strong>TEE\/PES\/054\/2024 <\/strong><\/strong><strong>Acuerdo plenario<\/strong><\/td>\n<td style=\"width: 30.6223%; text-align: center; height: 96px;\">Partido Morena<\/td>\n<td style=\"width: 32.619%; text-align: center; height: 96px;\">Yoshio Yvan \u00c1vila Gonz\u00e1lez<\/td>\n<td style=\"width: 17.1188%; text-align: center; height: 96px;\"><a href=\"https:\/\/teegro.gob.mx\/sitio2023\/wp-content\/uploads\/2025\/03\/TEE-PES-054-2024-Acuerdo.pdf\"><img decoding=\"async\" src=\"https:\/\/teegro.gob.mx\/sitio2023\/wp-content\/uploads\/2023\/04\/pdf150x150-2.png\" alt=\"\" width=\"30\" height=\"30\" \/><\/a><\/td>\n<\/tr>\n<tr style=\"height: 120px;\">\n<td style=\"width: 29.064%; text-align: center; height: 120px;\"><strong><strong>TEE\/RAP\/060\/2024 <\/strong><\/strong><strong>Acuerdo plenario<\/strong><\/td>\n<td style=\"width: 30.6223%; text-align: center; height: 120px;\">Partido de la Revoluci\u00f3n Democr\u00e1tica<\/td>\n<td style=\"width: 32.619%; text-align: center; height: 120px;\">Consejo General del Instituto Electoral y de Participaci\u00f3n Ciudadana del Estado de Guerrero<\/td>\n<td style=\"width: 17.1188%; text-align: center; height: 120px;\"><a href=\"https:\/\/teegro.gob.mx\/sitio2023\/wp-content\/uploads\/2025\/03\/TEE-RAP-060-2024-Acuerdo.pdf\"><img decoding=\"async\" src=\"https:\/\/teegro.gob.mx\/sitio2023\/wp-content\/uploads\/2023\/04\/pdf150x150-2.png\" alt=\"\" width=\"30\" height=\"30\" \/><\/a><\/td>\n<\/tr>\n<tr style=\"height: 120px;\">\n<td style=\"width: 29.064%; text-align: center; height: 120px;\"><strong><strong>TEE\/JEC\/257\/2024<\/strong><\/strong> <strong>Acuerdo plenario<\/strong><\/td>\n<td style=\"width: 30.6223%; text-align: center; height: 120px;\">Gisela Mariano Gazga<\/td>\n<td style=\"width: 32.619%; text-align: center; height: 120px;\">Comisi\u00f3n de Justicia del Consejo Nacional del Partido Acci\u00f3n Nacional<\/td>\n<td style=\"width: 17.1188%; text-align: center; height: 120px;\"><a href=\"https:\/\/teegro.gob.mx\/sitio2023\/wp-content\/uploads\/2025\/03\/TEE-JEC-257-2024-Acuerdo-1.pdf\"><img decoding=\"async\" class=\"alignnone\" src=\"https:\/\/teegro.gob.mx\/sitio2023\/wp-content\/uploads\/2023\/04\/pdf150x150-2.png\" alt=\"\" width=\"30\" height=\"30\" \/><\/a><\/td>\n<\/tr>\n<tr style=\"height: 192px;\">\n<td style=\"width: 29.064%; text-align: center; height: 192px;\"><strong><strong>TEE\/JEC\/003\/2025<\/strong><\/strong> <strong>Acuerdo plenario<\/strong><\/td>\n<td style=\"width: 30.6223%; text-align: center; height: 192px;\">Jos\u00e9 \u00c1ngel Jim\u00e9nez Garc\u00eda y Mar\u00eda Jos\u00e9 Guerrero Alcocer<\/td>\n<td style=\"width: 32.619%; text-align: center; height: 192px;\">Presidente Municipal y Secretario General, ambos del Ayuntamiento Constitucional de Atenango del R\u00edo, Guerrero<\/td>\n<td style=\"width: 17.1188%; text-align: center; height: 192px;\"><a href=\"https:\/\/teegro.gob.mx\/sitio2023\/wp-content\/uploads\/2025\/03\/TEE-JEC-003-2025-Acuerdo.pdf\"><img decoding=\"async\" src=\"https:\/\/teegro.gob.mx\/sitio2023\/wp-content\/uploads\/2023\/04\/pdf150x150-2.png\" alt=\"\" width=\"30\" height=\"30\" \/><\/a><\/td>\n<\/tr>\n<tr style=\"height: 48px;\">\n<td style=\"width: 29.064%; text-align: center; height: 48px;\"><strong>TEE\/RAP\/001\/2025<\/strong><\/td>\n<td style=\"width: 30.6223%; text-align: center; height: 48px;\">Guadalupe L\u00f3pez Alc\u00e1ntara<\/td>\n<td style=\"width: 32.619%; text-align: center; height: 48px;\">Jos\u00e9 Alfredo Perea Monta\u00f1o<\/td>\n<td style=\"width: 17.1188%; text-align: center; height: 48px;\"><a href=\"https:\/\/teegro.gob.mx\/sitio2023\/wp-content\/uploads\/2025\/03\/TEE-RAP-001-2025.pdf\"><img decoding=\"async\" src=\"https:\/\/teegro.gob.mx\/sitio2023\/wp-content\/uploads\/2023\/04\/pdf150x150-2.png\" alt=\"\" width=\"30\" height=\"30\" \/><\/a><\/td>\n<\/tr>\n<tr style=\"height: 168px;\">\n<td style=\"width: 29.064%; text-align: center; height: 168px;\"><strong>TEE\/JEC\/242\/2024<\/strong><\/td>\n<td style=\"width: 30.6223%; text-align: center; height: 168px;\">Ren\u00e9 Sotelo Figueroa<\/td>\n<td style=\"width: 32.619%; text-align: center; height: 168px;\">Presidencia, Tesorer\u00eda y Contadur\u00eda General, todos del H. Ayuntamiento de Juan R. Escudero, Guerrero<\/td>\n<td style=\"width: 17.1188%; text-align: center; height: 168px;\"><a href=\"https:\/\/teegro.gob.mx\/sitio2023\/wp-content\/uploads\/2025\/03\/TEE-JEC-242-2024.pdf\"><img decoding=\"async\" src=\"https:\/\/teegro.gob.mx\/sitio2023\/wp-content\/uploads\/2023\/04\/pdf150x150-2.png\" alt=\"\" width=\"30\" height=\"30\" \/><\/a><\/td>\n<\/tr>\n<tr style=\"height: 36px;\">\n<td style=\"width: 29.064%; text-align: center; height: 36px;\"><strong>TEE\/JEC\/245\/2024<\/strong><\/td>\n<td style=\"width: 30.6223%; text-align: center; height: 36px;\">Alfredo S\u00e1nchez Esquivel<\/td>\n<td style=\"width: 32.619%; text-align: center; height: 36px;\">Comisi\u00f3n Nacional de Honestidad y Justicia de Morena<\/td>\n<td style=\"width: 17.1188%; text-align: center; height: 36px;\"><a href=\"https:\/\/teegro.gob.mx\/sitio2023\/wp-content\/uploads\/2025\/03\/TEE-JEC-245-2024.pdf\"><img decoding=\"async\" src=\"https:\/\/teegro.gob.mx\/sitio2023\/wp-content\/uploads\/2023\/04\/pdf150x150-2.png\" alt=\"\" width=\"30\" height=\"30\" \/><\/a><\/td>\n<\/tr>\n<tr style=\"height: 36px;\">\n<td style=\"width: 29.064%; text-align: center; height: 36px;\"><strong>TEE\/JEC\/004\/2025<\/strong><\/td>\n<td style=\"width: 30.6223%; text-align: center; height: 36px;\">Leonardo Camilo Altamirano<\/td>\n<td style=\"width: 32.619%; text-align: center; height: 36px;\">Comisi\u00f3n de Justicia del Consejo Nacional del Partido Acci\u00f3n Nacional<\/td>\n<td style=\"width: 17.1188%; text-align: center; height: 36px;\"><a href=\"https:\/\/teegro.gob.mx\/sitio2023\/wp-content\/uploads\/2025\/03\/TEE-JEC-004-2025.pdf\"><img decoding=\"async\" src=\"https:\/\/teegro.gob.mx\/sitio2023\/wp-content\/uploads\/2023\/04\/pdf150x150-2.png\" alt=\"\" width=\"30\" height=\"30\" \/><\/a><\/td>\n<\/tr>\n<tr style=\"height: 36px;\">\n<td style=\"width: 29.064%; text-align: center; height: 36px;\"><strong>TEE\/JEC\/253\/2024<\/strong><\/td>\n<td style=\"width: 30.6223%; text-align: center; height: 36px;\">Alfredo S\u00e1nchez Esquivel<\/td>\n<td style=\"width: 32.619%; text-align: center; height: 36px;\">Comisi\u00f3n Nacional de Honestidad y Justicia de Morena<\/td>\n<td style=\"width: 17.1188%; text-align: center; height: 36px;\"><a href=\"https:\/\/teegro.gob.mx\/sitio2023\/wp-content\/uploads\/2025\/03\/TEE-JEC-253-2024.pdf\"><img decoding=\"async\" src=\"https:\/\/teegro.gob.mx\/sitio2023\/wp-content\/uploads\/2023\/04\/pdf150x150-2.png\" alt=\"\" width=\"30\" height=\"30\" \/><\/a><\/td>\n<\/tr>\n<tr style=\"height: 24px;\">\n<td style=\"width: 29.064%; text-align: center; height: 24px;\"><strong>TEE\/JEC\/002\/2025<\/strong><\/td>\n<td style=\"width: 30.6223%; text-align: center; height: 24px;\">Ernesto Fidel Pay\u00e1n Cortinas<\/td>\n<td style=\"width: 32.619%; text-align: center; height: 24px;\">Comisi\u00f3n Nacional de Honestidad y Justicia de Morena<\/td>\n<td style=\"width: 17.1188%; text-align: center; height: 24px;\"><a href=\"https:\/\/teegro.gob.mx\/sitio2023\/wp-content\/uploads\/2025\/03\/TEE-JEC-002-2025.pdf\"><img decoding=\"async\" src=\"https:\/\/teegro.gob.mx\/sitio2023\/wp-content\/uploads\/2023\/04\/pdf150x150-2.png\" alt=\"\" width=\"30\" height=\"30\" \/><\/a><\/td>\n<\/tr>\n<tr style=\"height: 24px;\">\n<td style=\"width: 29.064%; text-align: center; height: 24px;\"><strong>TEE\/LCI\/013\/2025<\/strong><\/td>\n<td style=\"width: 30.6223%; text-align: center; height: 24px;\">Yuritzi Montserrat Romero Nava<\/td>\n<td style=\"width: 32.619%; text-align: center; height: 24px;\">Instituto Electoral y de Participaci\u00f3n Ciudadana del Estado de Guerrero<\/td>\n<td style=\"width: 17.1188%; text-align: center; height: 24px;\"><a href=\"https:\/\/teegro.gob.mx\/sitio2023\/wp-content\/uploads\/2025\/03\/TEE-LCI-013-2025.pdf\"><img decoding=\"async\" src=\"https:\/\/teegro.gob.mx\/sitio2023\/wp-content\/uploads\/2023\/04\/pdf150x150-2.png\" alt=\"\" width=\"30\" height=\"30\" \/><\/a><\/td>\n<\/tr>\n<tr style=\"height: 36px;\">\n<td style=\"width: 29.064%; text-align: center; height: 36px;\"><strong>TEE\/LCI\/016\/2025<\/strong><\/td>\n<td style=\"width: 30.6223%; text-align: center; height: 36px;\">Flor Mar\u00eda Sereno Ram\u00edrez<\/td>\n<td style=\"width: 32.619%; text-align: center; height: 36px;\">Instituto Electoral y de Participaci\u00f3n Ciudadana del Estado de Guerrero<\/td>\n<td style=\"width: 17.1188%; text-align: center; height: 36px;\"><a href=\"https:\/\/teegro.gob.mx\/sitio2023\/wp-content\/uploads\/2025\/03\/TEE-LCI-016-2025.pdf\"><img decoding=\"async\" src=\"https:\/\/teegro.gob.mx\/sitio2023\/wp-content\/uploads\/2023\/04\/pdf150x150-2.png\" alt=\"\" width=\"30\" height=\"30\" \/><\/a><\/td>\n<\/tr>\n<tr style=\"height: 36px;\">\n<td style=\"width: 29.064%; text-align: center; height: 36px;\"><strong>TEE\/LCI\/017\/2025<\/strong><\/td>\n<td style=\"width: 30.6223%; text-align: center; height: 36px;\">Le\u00f3nides Madai Castrej\u00f3n Ruiz<\/td>\n<td style=\"width: 32.619%; text-align: center; height: 36px;\">Instituto Electoral y de Participaci\u00f3n Ciudadana del Estado de Guerrero<\/td>\n<td style=\"width: 17.1188%; text-align: center; height: 36px;\"><a href=\"https:\/\/teegro.gob.mx\/sitio2023\/wp-content\/uploads\/2025\/03\/TEE-LCI-017-2025.pdf\"><img decoding=\"async\" src=\"https:\/\/teegro.gob.mx\/sitio2023\/wp-content\/uploads\/2023\/04\/pdf150x150-2.png\" alt=\"\" width=\"30\" height=\"30\" \/><\/a><\/td>\n<\/tr>\n<tr style=\"height: 36px;\">\n<td style=\"width: 29.064%; text-align: center; height: 36px;\"><strong>TEE\/LCI\/020\/2025<\/strong><\/td>\n<td style=\"width: 30.6223%; text-align: center; height: 36px;\">Erik Alejandro Hern\u00e1ndez Castillo<\/td>\n<td style=\"width: 32.619%; text-align: center; height: 36px;\">Instituto Electoral y de Participaci\u00f3n Ciudadana del Estado de Guerrero<\/td>\n<td style=\"width: 17.1188%; text-align: center; height: 36px;\"><a href=\"https:\/\/teegro.gob.mx\/sitio2023\/wp-content\/uploads\/2025\/03\/TEE-LCI-020-2025.pdf\"><img decoding=\"async\" src=\"https:\/\/teegro.gob.mx\/sitio2023\/wp-content\/uploads\/2023\/04\/pdf150x150-2.png\" alt=\"\" width=\"30\" height=\"30\" \/><\/a><\/td>\n<\/tr>\n<tr style=\"height: 36px;\">\n<td style=\"width: 29.064%; text-align: center; height: 36px;\"><strong>TEE\/LCI\/015\/2025<\/strong><\/td>\n<td style=\"width: 30.6223%; text-align: center; height: 36px;\">Lesly Alondra Flores Moreno<\/td>\n<td style=\"width: 32.619%; text-align: center; height: 36px;\">Instituto Electoral y de Participaci\u00f3n Ciudadana del Estado de Guerrero<\/td>\n<td style=\"width: 17.1188%; text-align: center; height: 36px;\"><a href=\"https:\/\/teegro.gob.mx\/sitio2023\/wp-content\/uploads\/2025\/03\/TEE-LCI-015-2025.pdf\"><img decoding=\"async\" src=\"https:\/\/teegro.gob.mx\/sitio2023\/wp-content\/uploads\/2023\/04\/pdf150x150-2.png\" alt=\"\" width=\"30\" height=\"30\" \/><\/a><\/td>\n<\/tr>\n<tr style=\"height: 36px;\">\n<td style=\"width: 29.064%; text-align: center; height: 36px;\"><strong>TEE\/LCI\/021\/2025<\/strong><\/td>\n<td style=\"width: 30.6223%; text-align: center; height: 36px;\">Irving Arturo Ortu\u00f1o Guti\u00e9rrez<\/td>\n<td style=\"width: 32.619%; text-align: center; height: 36px;\">Instituto Electoral y de Participaci\u00f3n Ciudadana del Estado de Guerrero<\/td>\n<td style=\"width: 17.1188%; text-align: center; height: 36px;\"><a href=\"https:\/\/teegro.gob.mx\/sitio2023\/wp-content\/uploads\/2025\/03\/TEE-LCI-021-2025.pdf\"><img decoding=\"async\" src=\"https:\/\/teegro.gob.mx\/sitio2023\/wp-content\/uploads\/2023\/04\/pdf150x150-2.png\" alt=\"\" width=\"30\" height=\"30\" \/><\/a><\/td>\n<\/tr>\n<tr>\n<td style=\"width: 29.064%; text-align: center;\"><strong>TEE\/LCT\/011\/2025<\/strong><\/td>\n<td style=\"width: 30.6223%; text-align: center;\">Diego Chavarr\u00eda Mosso<\/td>\n<td style=\"width: 32.619%; text-align: center;\">Tribunal Electoral del Estado de Guerrero<\/td>\n<td style=\"width: 17.1188%; text-align: center;\"><a href=\"https:\/\/teegro.gob.mx\/sitio2023\/wp-content\/uploads\/2025\/03\/TEE-LCT-011-2025.pdf\"><img decoding=\"async\" src=\"https:\/\/teegro.gob.mx\/sitio2023\/wp-content\/uploads\/2023\/04\/pdf150x150-2.png\" alt=\"\" width=\"30\" height=\"30\" \/><\/a><\/td>\n<\/tr>\n<tr>\n<td style=\"width: 29.064%; text-align: center;\"><strong>TEE\/LCT\/019\/2025<\/strong><\/td>\n<td style=\"width: 30.6223%; text-align: center;\">Miguel \u00c1ngel Ochoa Margarito<\/td>\n<td style=\"width: 32.619%; text-align: center;\">Tribunal Electoral del Estado de Guerrero<\/td>\n<td style=\"width: 17.1188%; text-align: center;\"><a href=\"https:\/\/teegro.gob.mx\/sitio2023\/wp-content\/uploads\/2025\/03\/TEE-LCT-019-2025.pdf\"><img decoding=\"async\" src=\"https:\/\/teegro.gob.mx\/sitio2023\/wp-content\/uploads\/2023\/04\/pdf150x150-2.png\" alt=\"\" width=\"30\" height=\"30\" \/><\/a><\/td>\n<\/tr>\n<tr>\n<td style=\"width: 29.064%; text-align: center;\"><strong>TEE\/LCT\/018\/2025<\/strong><\/td>\n<td style=\"width: 30.6223%; text-align: center;\">Gabriel Barrera Guti\u00e9rrez<\/td>\n<td style=\"width: 32.619%; text-align: center;\">Tribunal Electoral del Estado de Guerrero<\/td>\n<td style=\"width: 17.1188%; text-align: center;\"><a href=\"https:\/\/teegro.gob.mx\/sitio2023\/wp-content\/uploads\/2025\/03\/TEE-LCT-018-2025.pdf\"><img decoding=\"async\" src=\"https:\/\/teegro.gob.mx\/sitio2023\/wp-content\/uploads\/2023\/04\/pdf150x150-2.png\" alt=\"\" width=\"30\" height=\"30\" \/><\/a><\/td>\n<\/tr>\n<\/tbody>\n<\/table>\n<p><\/p>\n","protected":false},"excerpt":{"rendered":"<p>Orden del d\u00eda Video &#x1f3a5; Contenido<\/p>\n","protected":false},"author":1,"featured_media":0,"comment_status":"open","ping_status":"open","sticky":false,"template":"","format":"standard","meta":{"_acf_changed":false,"footnotes":""},"categories":[210],"tags":[],"class_list":["post-17643","post","type-post","status-publish","format-standard","hentry","category-gaceta"],"acf":[],"_links":{"self":[{"href":"https:\/\/teegro.gob.mx\/sitio2025\/wp-json\/wp\/v2\/posts\/17643","targetHints":{"allow":["GET"]}}],"collection":[{"href":"https:\/\/teegro.gob.mx\/sitio2025\/wp-json\/wp\/v2\/posts"}],"about":[{"href":"https:\/\/teegro.gob.mx\/sitio2025\/wp-json\/wp\/v2\/types\/post"}],"author":[{"embeddable":true,"href":"https:\/\/teegro.gob.mx\/sitio2025\/wp-json\/wp\/v2\/users\/1"}],"replies":[{"embeddable":true,"href":"https:\/\/teegro.gob.mx\/sitio2025\/wp-json\/wp\/v2\/comments?post=17643"}],"version-history":[{"count":28,"href":"https:\/\/teegro.gob.mx\/sitio2025\/wp-json\/wp\/v2\/posts\/17643\/revisions"}],"predecessor-version":[{"id":17703,"href":"https:\/\/teegro.gob.mx\/sitio2025\/wp-json\/wp\/v2\/posts\/17643\/revisions\/17703"}],"wp:attachment":[{"href":"https:\/\/teegro.gob.mx\/sitio2025\/wp-json\/wp\/v2\/media?parent=17643"}],"wp:term":[{"taxonomy":"category","embeddable":true,"href":"https:\/\/teegro.gob.mx\/sitio2025\/wp-json\/wp\/v2\/categories?post=17643"},{"taxonomy":"post_tag","embeddable":true,"href":"https:\/\/teegro.gob.mx\/sitio2025\/wp-json\/wp\/v2\/tags?post=17643"}],"curies":[{"name":"wp","href":"https:\/\/api.w.org\/{rel}","templated":true}]}}