{"id":6029,"date":"2017-06-12T13:14:10","date_gmt":"2017-06-12T18:14:10","guid":{"rendered":"http:\/\/teegro.gob.mx\/inicio\/?p=6029"},"modified":"2017-06-12T13:15:04","modified_gmt":"2017-06-12T18:15:04","slug":"informe-de-la-asamblea-municipal-de-ayutla-de-los-libres","status":"publish","type":"post","link":"https:\/\/teegro.gob.mx\/sitio2025\/informe-de-la-asamblea-municipal-de-ayutla-de-los-libres\/","title":{"rendered":"Informe de la Asamblea municipal de Ayutla de los Libres"},"content":{"rendered":"<p><!-- VideographyWP Plugin Message: Automatic video embedding prevented by plugin options. --><br \/>\n<div id='gallery-1' class='gallery galleryid-6029 gallery-columns-3 gallery-size-thumbnail'><figure class='gallery-item'>\n\t\t\t<div class='gallery-icon portrait'>\n\t\t\t\t<a href='https:\/\/teegro.gob.mx\/sitio2025\/informe-de-la-asamblea-municipal-de-ayutla-de-los-libres\/cartel\/'><img decoding=\"async\" width=\"150\" height=\"150\" src=\"https:\/\/teegro.gob.mx\/sitio2025\/wp-content\/uploads\/2017\/06\/Cartel-150x150.jpg\" class=\"attachment-thumbnail size-thumbnail\" alt=\"\" \/><\/a>\n\t\t\t<\/div><\/figure><figure class='gallery-item'>\n\t\t\t<div class='gallery-icon landscape'>\n\t\t\t\t<a href='https:\/\/teegro.gob.mx\/sitio2025\/informe-de-la-asamblea-municipal-de-ayutla-de-los-libres\/img-20160909-wa0002\/'><img decoding=\"async\" width=\"150\" height=\"150\" src=\"https:\/\/teegro.gob.mx\/sitio2025\/wp-content\/uploads\/2017\/06\/IMG-20160909-WA0002-150x150.jpg\" class=\"attachment-thumbnail size-thumbnail\" alt=\"\" \/><\/a>\n\t\t\t<\/div><\/figure><figure class='gallery-item'>\n\t\t\t<div class='gallery-icon landscape'>\n\t\t\t\t<a href='https:\/\/teegro.gob.mx\/sitio2025\/informe-de-la-asamblea-municipal-de-ayutla-de-los-libres\/img-20160909-wa0003\/'><img decoding=\"async\" width=\"150\" height=\"150\" src=\"https:\/\/teegro.gob.mx\/sitio2025\/wp-content\/uploads\/2017\/06\/IMG-20160909-WA0003-150x150.jpg\" class=\"attachment-thumbnail size-thumbnail\" alt=\"\" \/><\/a>\n\t\t\t<\/div><\/figure><figure class='gallery-item'>\n\t\t\t<div class='gallery-icon landscape'>\n\t\t\t\t<a href='https:\/\/teegro.gob.mx\/sitio2025\/informe-de-la-asamblea-municipal-de-ayutla-de-los-libres\/img-20160909-wa0004\/'><img loading=\"lazy\" decoding=\"async\" width=\"150\" height=\"150\" src=\"https:\/\/teegro.gob.mx\/sitio2025\/wp-content\/uploads\/2017\/06\/IMG-20160909-WA0004-150x150.jpg\" class=\"attachment-thumbnail size-thumbnail\" alt=\"\" \/><\/a>\n\t\t\t<\/div><\/figure><figure class='gallery-item'>\n\t\t\t<div class='gallery-icon landscape'>\n\t\t\t\t<a href='https:\/\/teegro.gob.mx\/sitio2025\/informe-de-la-asamblea-municipal-de-ayutla-de-los-libres\/img-20160909-wa0006\/'><img loading=\"lazy\" decoding=\"async\" width=\"150\" height=\"150\" src=\"https:\/\/teegro.gob.mx\/sitio2025\/wp-content\/uploads\/2017\/06\/IMG-20160909-WA0006-150x150.jpg\" class=\"attachment-thumbnail size-thumbnail\" alt=\"\" \/><\/a>\n\t\t\t<\/div><\/figure><figure class='gallery-item'>\n\t\t\t<div class='gallery-icon landscape'>\n\t\t\t\t<a href='https:\/\/teegro.gob.mx\/sitio2025\/informe-de-la-asamblea-municipal-de-ayutla-de-los-libres\/invitacion\/'><img loading=\"lazy\" decoding=\"async\" width=\"150\" height=\"150\" src=\"https:\/\/teegro.gob.mx\/sitio2025\/wp-content\/uploads\/2017\/06\/Invitacion-150x150.jpg\" class=\"attachment-thumbnail size-thumbnail\" alt=\"\" \/><\/a>\n\t\t\t<\/div><\/figure>\n\t\t<\/div>\n\n<style> div#cuadro-texto{text-align:justify; border: 1px solid #555; padding: 10px}<\/style>\n<div id=\"cuadro-texto\">\n<p>TEMA: \u201cEl Derecho Electoral en los Pueblos Originarios y las Funciones de la Defensor\u00eda del Tribunal Electoral del Poder Judicial de la Federaci\u00f3n\u201d.<\/p>\n<p>FECHA: 18 de junio 2016.<\/p>\n<p>LUGAR: Auditorio de la Unidad Deportiva de la Ciudad de Ayutla de los Libres, Guerrero.<\/p>\n<p>INSTITUCIONES ORGANIZADORAS: El Instituto Nacional Electoral a trav\u00e9s de la Junta Distrital 08, El Tribunal Electoral del Poder Judicial de la Federaci\u00f3n y el Tribunal Electoral del Estado.<\/p>\n<p>ASISTENTES: La Asamblea Ciudadana reuni\u00f3 a m\u00e1s de 300 personas de los cuatro pueblos originarios que convergen en el municipio de Ayutla.<\/p>\n<p>La Asamblea estuvo presidida por el Licenciado Agust\u00edn Moreno P\u00e9rez, Vocal Ejecutivo de la Junta Distrital 08 del Instituto Nacional Electoral con sede en Ayutla de los Libres y como ponentes los profesionistas: la Defensora Atzimba Xitlalli Alep Arredondo, y el Asesor Sergio Moreno Trujillo, ambos de la Defensor\u00eda Publica Electoral para Pueblos y Comunidades Ind\u00edgenas del TEPJF.<\/p>\n<p>El primer participante fue el asesor Sergio Moreno Trujillo, quien explic\u00f3 que la Defensor\u00eda Electoral protege la igualdad de las mujeres y hombres en las elecciones de los \u00f3rganos de autoridad conforme a sus valores, usos y costumbres.<\/p>\n<p>Por su parte, la defensora p\u00fablica Atzimba Xitlalli Alep Arredondo, explic\u00f3 que la Defensor\u00eda Electoral, tiene como funci\u00f3n: contribuir \u00a0a que\u00a0 las comunidades ind\u00edgenas o\u00a0 las personas que las integran tengan\u00a0 acceso pleno a la justicia electoral.<\/p>\n<p>Explico que la Defensor\u00eda presta servicios de orientaci\u00f3n, gu\u00eda, instrucci\u00f3n t\u00e9cnica, representaci\u00f3n y defensa en los juicios que se promuevan ante las Salas del Tribunal Electoral,\u00a0 para hacer valer los derechos pol\u00edticos-electorales de los pueblos originarios y sus integrantes.<\/p>\n<p>Al terminar la intervenci\u00f3n de los integrantes de la Defensor\u00eda Electoral, se abri\u00f3 una ronda de preguntas y respuestas, en la que los asistentes a la asamblea, manifestaron en l\u00edneas generales lo siguiente:<\/p>\n<ul>\n<li>sus inconformidades con la sentencia del Tribunal Electoral del Estado de Guerrero que revoca el Acuerdo 023\/SE\/15-04-2016, emitido por el Instituto Electoral y de Participaci\u00f3n Ciudadana del Estado mediante el cual valida el informe y los resultados de la consulta ciudadana realizada en el Municipio de Ayutla de los Libres.<\/li>\n<\/ul>\n<ul>\n<li>Solicitaron que se respetara la consulta hecha por el Instituto Electoral y de Participaci\u00f3n Ciudadana del Estado de Guerrero, a los defensores electorales que explicaran el desarrollo de la demanda que interpusieron ante la Sala Regional del Tribunal Electoral del Poder Judicial de la Federaci\u00f3n en contra de la sentencia del Tribunal Local.<\/li>\n<\/ul>\n<p>Al dar respuesta, el asesor de la Defensor\u00eda P\u00fablica, Sergio Moreno Trujillo, expuso que la decisi\u00f3n del Tribunal Electoral del Estado de Guerrero fue basada en la informaci\u00f3n que ten\u00edan en los documentos, de ah\u00ed que hab\u00eda determinado mandar una nueva consulta, pero que en ning\u00fan momento negaba el derecho de los pueblos originarios, sino que su decisi\u00f3n fue la de repetir la consulta para que sea ajustada conforme a derecho.<\/p>\n<p>Explic\u00f3 tambi\u00e9n, que dicha sentencia se impugn\u00f3 en la Sala Regional, la cual estim\u00f3 que podr\u00eda ser resuelta en menos de un mes aproximadamente, pero se reserv\u00f3 el pron\u00f3stico en cuanto al sentido de la misma y los invit\u00f3 a estar pendientes de la resoluci\u00f3n y que en caso que el resultado no fuera favorable, se agotar\u00eda la \u00faltima instancia ante la Sala Superior del Tribunal Electoral del Poder Judicial de la Federaci\u00f3n.<\/p>\n<p>Por \u00faltimo, concluy\u00f3 que hacen falta defensores de los derechos de los pueblos ind\u00edgenas en los Estados, y expuso a los asistentes, que se llevar\u00edan el sentir de la comunidad con el compromiso de volver nuevamente para informar sobre el proceso legal del juicio que promovieron.<\/p>\n<p>No hubo m\u00e1s participaciones y la asamblea de se dio por terminada.<\/p><\/div>\n","protected":false},"excerpt":{"rendered":"<p>TEMA: \u201cEl Derecho Electoral en los Pueblos Originarios y las Funciones de la Defensor\u00eda del Tribunal Electoral del Poder Judicial de la Federaci\u00f3n\u201d. FECHA: 18 de junio 2016. LUGAR: Auditorio de la Unidad Deportiva de la Ciudad de Ayutla de los Libres, Guerrero. INSTITUCIONES ORGANIZADORAS: El Instituto Nacional Electoral a trav\u00e9s de la Junta Distrital [&hellip;]<\/p>\n","protected":false},"author":1,"featured_media":0,"comment_status":"open","ping_status":"open","sticky":false,"template":"","format":"standard","meta":{"_acf_changed":false,"footnotes":""},"categories":[47],"tags":[],"class_list":["post-6029","post","type-post","status-publish","format-standard","hentry","category-articulos"],"acf":[],"_links":{"self":[{"href":"https:\/\/teegro.gob.mx\/sitio2025\/wp-json\/wp\/v2\/posts\/6029","targetHints":{"allow":["GET"]}}],"collection":[{"href":"https:\/\/teegro.gob.mx\/sitio2025\/wp-json\/wp\/v2\/posts"}],"about":[{"href":"https:\/\/teegro.gob.mx\/sitio2025\/wp-json\/wp\/v2\/types\/post"}],"author":[{"embeddable":true,"href":"https:\/\/teegro.gob.mx\/sitio2025\/wp-json\/wp\/v2\/users\/1"}],"replies":[{"embeddable":true,"href":"https:\/\/teegro.gob.mx\/sitio2025\/wp-json\/wp\/v2\/comments?post=6029"}],"version-history":[{"count":9,"href":"https:\/\/teegro.gob.mx\/sitio2025\/wp-json\/wp\/v2\/posts\/6029\/revisions"}],"predecessor-version":[{"id":6044,"href":"https:\/\/teegro.gob.mx\/sitio2025\/wp-json\/wp\/v2\/posts\/6029\/revisions\/6044"}],"wp:attachment":[{"href":"https:\/\/teegro.gob.mx\/sitio2025\/wp-json\/wp\/v2\/media?parent=6029"}],"wp:term":[{"taxonomy":"category","embeddable":true,"href":"https:\/\/teegro.gob.mx\/sitio2025\/wp-json\/wp\/v2\/categories?post=6029"},{"taxonomy":"post_tag","embeddable":true,"href":"https:\/\/teegro.gob.mx\/sitio2025\/wp-json\/wp\/v2\/tags?post=6029"}],"curies":[{"name":"wp","href":"https:\/\/api.w.org\/{rel}","templated":true}]}}