{"id":6285,"date":"2017-11-27T15:28:07","date_gmt":"2017-11-27T21:28:07","guid":{"rendered":"http:\/\/teegro.gob.mx\/inicio\/?p=6285"},"modified":"2017-12-01T15:07:47","modified_gmt":"2017-12-01T21:07:47","slug":"firman-tee-y-sejuve-convenio-de-apoyo-y-colaboracion","status":"publish","type":"post","link":"https:\/\/teegro.gob.mx\/sitio2025\/firman-tee-y-sejuve-convenio-de-apoyo-y-colaboracion\/","title":{"rendered":"Firman TEEGro y SEJUVE Convenio de apoyo y colaboraci\u00f3n"},"content":{"rendered":"<p><!-- VideographyWP Plugin Message: Automatic video embedding prevented by plugin options. --><br \/>\n<strong>*\u00a0Para promover los derechos y deberes civiles en los j\u00f3venes.<\/strong><\/p>\n<p>Chilpancingo, Gro., 5 de octubre de 2017. Celebraron este jueves el Tribunal Electoral del Estado de Guerrero y la Secretar\u00eda de la Juventud y la Ni\u00f1ez del Estado de Guerrero, la firma de un convenio de apoyo y colaboraci\u00f3n interinstitucional.<\/p>\n<p><a href=\"http:\/\/teegro.gob.mx\/inicio\/wp-content\/uploads\/2017\/11\/Plano-General.jpg\" target=\"_blank\"><img fetchpriority=\"high\" decoding=\"async\" class=\"aligncenter wp-image-6287 size-full\" src=\"http:\/\/teegro.gob.mx\/inicio\/wp-content\/uploads\/2017\/11\/Plano-General.jpg\" alt=\"Firma de Convenio de Colaboraci\u00f3n entre el TEEGro y SEJUVE\" width=\"800\" height=\"529\" srcset=\"https:\/\/teegro.gob.mx\/sitio2025\/wp-content\/uploads\/2017\/11\/Plano-General.jpg 800w, https:\/\/teegro.gob.mx\/sitio2025\/wp-content\/uploads\/2017\/11\/Plano-General-300x198.jpg 300w, https:\/\/teegro.gob.mx\/sitio2025\/wp-content\/uploads\/2017\/11\/Plano-General-768x508.jpg 768w\" sizes=\"(max-width: 800px) 100vw, 800px\" \/><\/a><\/p>\n<p>El documento, fue firmado por los representantes de ambas instituciones, por parte del Tribunal Electoral del Estado de Guerrero el Magistrado Presidente, Ren\u00e9 Patr\u00f3n Mu\u00f1oz, y por Humberto Israel D\u00edaz Villanueva, Secretario de la Juventud y la Ni\u00f1ez del Estado de Guerrero.<\/p>\n<p>Durante unas palabras de bienvenida a la casa de la justicia electoral, el presidente del TEEGro, magistrado Ren\u00e9 Patr\u00f3n Mu\u00f1oz, se\u00f1al\u00f3 que dicho \u00f3rgano jurisdiccional \u201cse encuentra abierto a las colaboraciones y relaciones interinstitucionales para mejorar la funci\u00f3n electoral y fortalecer la democracia Guerrerense&#8221;.<\/p>\n<p>Asimismo, dijo \u201cnos congratulamos en cristalizar los esfuerzos para suscribir un instrumento jur\u00eddico que le d\u00e9 validez a las pr\u00f3ximas actividades acad\u00e9micas que se realizar\u00e1n entre el Tribunal Electoral del Estado de Guerrero y la Secretar\u00eda de la Juventud del Gobierno del Estado de Guerrero\u201d.<\/p>\n<p>Patr\u00f3n Mu\u00f1oz, recalc\u00f3 que dicha herramienta, \u201ctiene como objetivo la promoci\u00f3n de los derechos y deberes civiles en j\u00f3venes que est\u00e9n por cumplir o recientemente hayan cumplido con la edad necesaria para ser reconocidos como ciudadanos mexicanos\u201d. Tambi\u00e9n mencion\u00f3 que con la firma de este convenio, ambas instituciones podr\u00e1n organizar y llevar a cabo actividades acad\u00e9micas como pl\u00e1ticas, conferencias, talleres, din\u00e1micas, seminarios, mesas redondas, simposios y diplomados, que sin duda alguna fortalecer\u00e1n la vida pol\u00edtica del Estado de Guerrero.<\/p>\n<p>Por su parte, el Secretario de la Juventud y la Ni\u00f1ez del Estado de Guerrero, Humberto Israel D\u00edaz Villanueva, reconoci\u00f3 la importancia del Tribunal Electoral del Estado en el proceso democr\u00e1tico y de elecci\u00f3n que se vive en Guerrero y el pa\u00eds, asimismo recalc\u00f3 que el objetivo del convenio es impulsar la promoci\u00f3n de los derechos y deberes civiles y pol\u00edticos en la juventud, ya que de acuerdo a cifras del INE, los j\u00f3venes entre 18 y 29 a\u00f1os de edad son 25 millones 225, lo que equivale a la poblaci\u00f3n de estados como Jalisco, Puebla, Morelos y Ciudad de M\u00e9xico.<\/p>\n<p>En uso de la palabra, el magistrado Ram\u00f3n Ramos Piedra, \u00a0de la Primera Ponencia del TEE, mencion\u00f3 que para cambiar la historia del pa\u00eds y del estado de derecho, es importante estar conscientes del poder que tiene la juventud actualmente y adoptar nuevas formas de participaci\u00f3n ciudadana adem\u00e1s del plebiscito, el refer\u00e9ndum y la educaci\u00f3n de mandato, como es \u201cel gran poder de las redes sociales, el gran poder que tiene la misma participaci\u00f3n desde cualquier \u00e1mbito sin necesidad de que se convoque a la violencia\u201d.<\/p>\n<p><a href=\"http:\/\/teegro.gob.mx\/inicio\/wp-content\/uploads\/2017\/11\/Magdo.-Ram\u00f3n-Ramos-Piedra.jpg\"><img decoding=\"async\" class=\"aligncenter wp-image-6295 size-full\" src=\"http:\/\/teegro.gob.mx\/inicio\/wp-content\/uploads\/2017\/11\/Magdo.-Ram\u00f3n-Ramos-Piedra.jpg\" alt=\"Firma de Convenio de Colaboraci\u00f3n entre el TEEGro y SEJUVE\" width=\"800\" height=\"529\" srcset=\"https:\/\/teegro.gob.mx\/sitio2025\/wp-content\/uploads\/2017\/11\/Magdo.-Ram\u00f3n-Ramos-Piedra.jpg 800w, https:\/\/teegro.gob.mx\/sitio2025\/wp-content\/uploads\/2017\/11\/Magdo.-Ram\u00f3n-Ramos-Piedra-300x198.jpg 300w, https:\/\/teegro.gob.mx\/sitio2025\/wp-content\/uploads\/2017\/11\/Magdo.-Ram\u00f3n-Ramos-Piedra-768x508.jpg 768w\" sizes=\"(max-width: 800px) 100vw, 800px\" \/><\/a><\/p>\n<p>Recalc\u00f3 que \u201cson los j\u00f3venes los que han marcado el cambio en la sociedad contempor\u00e1nea, son los j\u00f3venes los que han hecho las grandes evoluciones de la historia\u201d, tambi\u00e9n invit\u00f3 a las autoridades presentes a \u201cincentivar a los j\u00f3venes para participen y despu\u00e9s a participar junto con ellos para lograr los cambios y para hacerlos conscientes de este poder que tienen en sus manos para cambiar y para transformar la vida pol\u00edtica y social de este pa\u00eds\u201d.<\/p>\n<p>Posterior al acto protocolario de la firma del convenio, se llev\u00f3 a cabo la conferencia \u201cLa importancia del voto de los j\u00f3venes\u201d, impartida por el Maestro Elionei Nelxon Baranda Altamirano, Capacitador Electoral\u00a0del Tribunal Electoral del Estado de Guerrero.<\/p>\n<p>Entre otros puntos, el conferencista invit\u00f3 a los j\u00f3venes asistentes a participar en los asuntos pol\u00edticos de su entorno, asimismo les record\u00f3 sus derechos pol\u00edticos como votar y ser votados para todos los cargos de elecci\u00f3n popular.<\/p>\n<p>Dichos eventos se llevaron a cabo en el auditorio \u201cSentimientos de la Naci\u00f3n\u201d del Tribunal Electoral del Estado de Guerrero, estuvieron presentes adem\u00e1s de los representantes del TEE y la SEJUVE, Ulises Sandoval Catal\u00e1n de la FEPADE, la Subsecretaria de la Mujer, Mayra Mart\u00ednez Pineda, representantes del IEPC, del INE, del Congreso del Estado, de la CODEHUM, entre otros.<\/p>\n<p>&nbsp;<\/p>\n","protected":false},"excerpt":{"rendered":"<p>*\u00a0Para promover los derechos y deberes civiles en los j\u00f3venes. Chilpancingo, Gro., 5 de octubre de 2017. Celebraron este jueves el Tribunal Electoral del Estado de Guerrero y la Secretar\u00eda de la Juventud y la Ni\u00f1ez del Estado de Guerrero, la firma de un convenio de apoyo y colaboraci\u00f3n interinstitucional. El documento, fue firmado por [&hellip;]<\/p>\n","protected":false},"author":1,"featured_media":6295,"comment_status":"open","ping_status":"open","sticky":false,"template":"","format":"standard","meta":{"_acf_changed":false,"footnotes":""},"categories":[48],"tags":[],"class_list":["post-6285","post","type-post","status-publish","format-standard","has-post-thumbnail","hentry","category-comunicacion-social"],"acf":[],"_links":{"self":[{"href":"https:\/\/teegro.gob.mx\/sitio2025\/wp-json\/wp\/v2\/posts\/6285","targetHints":{"allow":["GET"]}}],"collection":[{"href":"https:\/\/teegro.gob.mx\/sitio2025\/wp-json\/wp\/v2\/posts"}],"about":[{"href":"https:\/\/teegro.gob.mx\/sitio2025\/wp-json\/wp\/v2\/types\/post"}],"author":[{"embeddable":true,"href":"https:\/\/teegro.gob.mx\/sitio2025\/wp-json\/wp\/v2\/users\/1"}],"replies":[{"embeddable":true,"href":"https:\/\/teegro.gob.mx\/sitio2025\/wp-json\/wp\/v2\/comments?post=6285"}],"version-history":[{"count":12,"href":"https:\/\/teegro.gob.mx\/sitio2025\/wp-json\/wp\/v2\/posts\/6285\/revisions"}],"predecessor-version":[{"id":6350,"href":"https:\/\/teegro.gob.mx\/sitio2025\/wp-json\/wp\/v2\/posts\/6285\/revisions\/6350"}],"wp:featuredmedia":[{"embeddable":true,"href":"https:\/\/teegro.gob.mx\/sitio2025\/wp-json\/wp\/v2\/media\/6295"}],"wp:attachment":[{"href":"https:\/\/teegro.gob.mx\/sitio2025\/wp-json\/wp\/v2\/media?parent=6285"}],"wp:term":[{"taxonomy":"category","embeddable":true,"href":"https:\/\/teegro.gob.mx\/sitio2025\/wp-json\/wp\/v2\/categories?post=6285"},{"taxonomy":"post_tag","embeddable":true,"href":"https:\/\/teegro.gob.mx\/sitio2025\/wp-json\/wp\/v2\/tags?post=6285"}],"curies":[{"name":"wp","href":"https:\/\/api.w.org\/{rel}","templated":true}]}}