{"id":6301,"date":"2017-11-09T14:50:42","date_gmt":"2017-11-09T20:50:42","guid":{"rendered":"http:\/\/teegro.gob.mx\/inicio\/?p=6301"},"modified":"2018-04-23T15:27:32","modified_gmt":"2018-04-23T20:27:32","slug":"realiza-teegro-segundo-curso-taller-mujer-ven-y-conoce-tus-derechos-politico-electorales","status":"publish","type":"post","link":"https:\/\/teegro.gob.mx\/sitio2025\/realiza-teegro-segundo-curso-taller-mujer-ven-y-conoce-tus-derechos-politico-electorales\/","title":{"rendered":"Realiza TEEGro segundo curso-taller \u201cMujer ven y conoce tus Derechos Pol\u00edtico-Electorales\u201d"},"content":{"rendered":"<p><!-- VideographyWP Plugin Message: Automatic video embedding prevented by plugin options. --><br \/>\n<strong>-Se presenta libro \u201cViolencia pol\u00edtica contra la mujer, una realidad en M\u00e9xico\u201d, del autor Rafael Elizondo Gasper\u00edn.<\/strong><\/p>\n<p><a href=\"http:\/\/teegro.gob.mx\/inicio\/wp-content\/uploads\/2017\/11\/1-6.jpg\"><img fetchpriority=\"high\" decoding=\"async\" class=\"aligncenter size-full wp-image-6304\" src=\"http:\/\/teegro.gob.mx\/inicio\/wp-content\/uploads\/2017\/11\/1-6.jpg\" alt=\"Segundo curso-taller \u201cMujer ven y conoce tus Derechos Pol\u00edtico-Electorales\u201d\" width=\"800\" height=\"529\" srcset=\"https:\/\/teegro.gob.mx\/sitio2025\/wp-content\/uploads\/2017\/11\/1-6.jpg 800w, https:\/\/teegro.gob.mx\/sitio2025\/wp-content\/uploads\/2017\/11\/1-6-300x198.jpg 300w, https:\/\/teegro.gob.mx\/sitio2025\/wp-content\/uploads\/2017\/11\/1-6-768x508.jpg 768w\" sizes=\"(max-width: 800px) 100vw, 800px\" \/><\/a><\/p>\n<p>En el marco del segundo curso-taller <strong><em>\u201cMujer ven y conoce tus derechos pol\u00edtico-electorales\u201d,<\/em><\/strong> organizado por el Tribunal Electoral del Estado de Guerrero, este jueves, se present\u00f3 el libro \u201cViolencia pol\u00edtica contra la mujer, una realidad en M\u00e9xico\u201d, del autor Rafael Elizondo Gasper\u00edn.<\/p>\n<p>Las palabras de bienvenida estuvieron a cargo del Magistrado Electoral del Tribunal Electoral del Estado, Mtro. Ram\u00f3n Ramos Piedra, quien a nombre del Magistrado Presidente, Ren\u00e9 Patr\u00f3n Mu\u00f1oz, agradeci\u00f3 la presencia de los asistentes.<\/p>\n<p>Durante su intervenci\u00f3n, el Magistrado Ram\u00f3n Ramos Piedra, se sum\u00f3 a la celebraci\u00f3n de este tipo de eventos de alto impacto, como es la presentaci\u00f3n del libro \u201cViolencia pol\u00edtica contra la mujer, una realidad en M\u00e9xico\u201d, asimismo coment\u00f3 que \u201cla violencia de g\u00e9nero, como bien lo trata el Maestro Elizondo Gasper\u00edn en su obra, debe ser un tema que nos debe llamar a todos los y las mexicanas y por ende debemos involucrarnos en su estudio y conocimiento a profundidad\u201d.<\/p>\n<p>El libro fue comentado por la Consejera Electoral del IEPC, Lic. Vicenta Molina Revuelta, quien agradeci\u00f3 a Elizondo Gasper\u00edn su compromiso y contribuci\u00f3n bibliogr\u00e1fica a favor de los derechos de la mujer, tambi\u00e9n calific\u00f3 el libro como \u201cuna lectura obligada\u201d por ser un trabajo experto y con un conocimiento e investigaci\u00f3n inmerso en los derechos pol\u00edticos de la mujer.<\/p>\n<p>Molina Revuelta, se\u00f1al\u00f3 \u201cNos proponemos a abonar desde nuestras trincheras a la cultura de una nueva pol\u00edtica\u201d y recalc\u00f3 la importancia de esta bibliograf\u00eda en el presente proceso electoral concurrente.<\/p>\n<p>El autor del libro, Rafael Elizondo Gasper\u00edn, ha tenido cargos como magistrado suplente del TEPJF desde 1996, ininterrumpidamente se ha desempe\u00f1ado como Secretario de Estudio y Cuenta en la Sala Regional Toluca, investigador Especializado en el Centro de Capacitaci\u00f3n Judicial Electoral; en su participaci\u00f3n extern\u00f3 que \u201cGuerrero es muy intenso, intenso en todos los aspectos, todos los reflectores est\u00e1n puestos en el estado\u201d, resaltando que Guerrero es un estado que ha aportado grandes cosas al pa\u00eds con la participaci\u00f3n de las mujeres.<\/p>\n<p>Rafael Elizondo, se\u00f1al\u00f3 que sus primeros trabajos en este libro iniciaron con la lucha incansable de los derechos humanos y de la mujer, refiriendo los procesos de espacios y participaci\u00f3n de las mujeres y su \u201cevoluci\u00f3n de cuates a la equidad y a la paridad\u201d, asimismo menciona que en su libro busca estrategias de retenci\u00f3n y comprensi\u00f3n de la lectura, asimismo dijo estar convencido que en un tiempo no muy lejano se podr\u00e1n legitimar a\u00fan m\u00e1s estos derechos.<\/p>\n<p>Posterior a la presentaci\u00f3n del libro, se desarroll\u00f3 la conferencia \u201cLos derechos pol\u00edticos de la mujeres\u201d, disertada por el Lic. Jos\u00e9 Manuel Salazar Ibarra, Secretario Instructor de la Segunda Ponencia del Tribunal Electoral, que inici\u00f3 con la historia de las primeras luchas de las mujeres por el reconocimiento de sus derechos, as\u00ed como su integraci\u00f3n e inclusi\u00f3n en las decisiones de las pol\u00edticas p\u00fablicas.<\/p>\n<p>Puntualizando, que la Ley General de los Partidos Pol\u00edticos, proh\u00edbe que los partidos asignen a alg\u00fan g\u00e9nero, exclusivamente aquellos distritos en donde el partido pol\u00edtico haya obtenido un bajo porcentaje de votaci\u00f3n en el proceso electoral anterior. Fortaleciendo con ello la participaci\u00f3n igualitaria de las mujeres y salvaguardando sus derechos pol\u00edtico electorales.<\/p>\n<p>El pres\u00eddium estuvo integrado por el Magistrado Electoral, Ramos Ramos Piedra; la Consejera Electoral del IEPC, Lic. Vicenta Molina Revuelta; el autor del libro, Mtro. Rafael Elizondo Gasper\u00edn; la Secretaria de la Mujer en Guerrero, Lic. Rosa In\u00e9s De la O Garc\u00eda; el Secretario Instructor de la Primera Ponencia del TEE, Lic. Cuauht\u00e9moc Casta\u00f1eda Gorostieta y el Lic. Jos\u00e9 Manuel Salazar Ibarra, Secretario Instructor de la Segunda Ponencia del Tribunal Electoral.<\/p>\n<p>Asimismo, estuvieron presentes, Juan Antonio de Jes\u00fas Cruz, Director de IMJUVE Municipal en Chilpancingo; Maricarmen Guti\u00e9rrez, Procuradora de la Defensa de los Derechos de la Mujer; Yuridia Melchor S\u00e1nchez, diputada local; Jaime Kahan, Director de Administraci\u00f3n Escolar de la UAG en representaci\u00f3n del Dr. Javier Salda\u00f1a Almaz\u00e1n, entre otras personalidades.<\/p>\n","protected":false},"excerpt":{"rendered":"<p>-Se presenta libro \u201cViolencia pol\u00edtica contra la mujer, una realidad en M\u00e9xico\u201d, del autor Rafael Elizondo Gasper\u00edn. En el marco del segundo curso-taller \u201cMujer ven y conoce tus derechos pol\u00edtico-electorales\u201d, organizado por el Tribunal Electoral del Estado de Guerrero, este jueves, se present\u00f3 el libro \u201cViolencia pol\u00edtica contra la mujer, una realidad en M\u00e9xico\u201d, del [&hellip;]<\/p>\n","protected":false},"author":1,"featured_media":6304,"comment_status":"open","ping_status":"open","sticky":false,"template":"","format":"standard","meta":{"_acf_changed":false,"footnotes":""},"categories":[48],"tags":[76,82,81],"class_list":["post-6301","post","type-post","status-publish","format-standard","has-post-thumbnail","hentry","category-comunicacion-social","tag-mujer-ven-y-conoce-tus-derechos-politico-electorales","tag-segundo-curso-taller","tag-teegro"],"acf":[],"_links":{"self":[{"href":"https:\/\/teegro.gob.mx\/sitio2025\/wp-json\/wp\/v2\/posts\/6301","targetHints":{"allow":["GET"]}}],"collection":[{"href":"https:\/\/teegro.gob.mx\/sitio2025\/wp-json\/wp\/v2\/posts"}],"about":[{"href":"https:\/\/teegro.gob.mx\/sitio2025\/wp-json\/wp\/v2\/types\/post"}],"author":[{"embeddable":true,"href":"https:\/\/teegro.gob.mx\/sitio2025\/wp-json\/wp\/v2\/users\/1"}],"replies":[{"embeddable":true,"href":"https:\/\/teegro.gob.mx\/sitio2025\/wp-json\/wp\/v2\/comments?post=6301"}],"version-history":[{"count":10,"href":"https:\/\/teegro.gob.mx\/sitio2025\/wp-json\/wp\/v2\/posts\/6301\/revisions"}],"predecessor-version":[{"id":6329,"href":"https:\/\/teegro.gob.mx\/sitio2025\/wp-json\/wp\/v2\/posts\/6301\/revisions\/6329"}],"wp:featuredmedia":[{"embeddable":true,"href":"https:\/\/teegro.gob.mx\/sitio2025\/wp-json\/wp\/v2\/media\/6304"}],"wp:attachment":[{"href":"https:\/\/teegro.gob.mx\/sitio2025\/wp-json\/wp\/v2\/media?parent=6301"}],"wp:term":[{"taxonomy":"category","embeddable":true,"href":"https:\/\/teegro.gob.mx\/sitio2025\/wp-json\/wp\/v2\/categories?post=6301"},{"taxonomy":"post_tag","embeddable":true,"href":"https:\/\/teegro.gob.mx\/sitio2025\/wp-json\/wp\/v2\/tags?post=6301"}],"curies":[{"name":"wp","href":"https:\/\/api.w.org\/{rel}","templated":true}]}}