{"id":6313,"date":"2017-11-10T19:00:59","date_gmt":"2017-11-11T01:00:59","guid":{"rendered":"http:\/\/teegro.gob.mx\/inicio\/?p=6313"},"modified":"2018-04-23T15:28:05","modified_gmt":"2018-04-23T20:28:05","slug":"concluye-capacitacion-mujer-ven-y-conoce-tus-derechos-politico-electorales","status":"publish","type":"post","link":"https:\/\/teegro.gob.mx\/sitio2025\/concluye-capacitacion-mujer-ven-y-conoce-tus-derechos-politico-electorales\/","title":{"rendered":"Concluye capacitaci\u00f3n \u201cMujer ven y conoce tus Derechos Pol\u00edtico-Electorales\u201d"},"content":{"rendered":"<p><!-- VideographyWP Plugin Message: Automatic video embedding prevented by plugin options. --><br \/>\n<strong>\u201cLos \u00d3rganos y los Partidos Pol\u00edticos debemos de tener cuidado de no menoscabar los Derechos Pol\u00edticos de las mujeres\u201d.<\/strong><\/p>\n<p><strong>\u201cQue en toda sentencia condenatoria se prevea la reparaci\u00f3n del da\u00f1o\u201d: Guzm\u00e1n D\u00edaz.<\/strong><\/p>\n<p>Este viernes, concluy\u00f3 el segundo curso-taller \u201cMujer ven y conoce tus derechos pol\u00edtico-electorales\u201d, organizado por el Tribunal Electoral del Estado de Guerrero, dirigido a las ciudadanas guerrerenses.<\/p>\n<p><a href=\"http:\/\/teegro.gob.mx\/inicio\/wp-content\/uploads\/2017\/11\/DSC0392.jpg\"><img fetchpriority=\"high\" decoding=\"async\" class=\"aligncenter wp-image-6314\" src=\"http:\/\/teegro.gob.mx\/inicio\/wp-content\/uploads\/2017\/11\/DSC0392.jpg\" alt=\"Concluye capacitaci\u00f3n \u201cMujer ven y conoce tus Derechos Pol\u00edtico-Electorales\u201d\" width=\"500\" height=\"331\" srcset=\"https:\/\/teegro.gob.mx\/sitio2025\/wp-content\/uploads\/2017\/11\/DSC0392.jpg 4928w, https:\/\/teegro.gob.mx\/sitio2025\/wp-content\/uploads\/2017\/11\/DSC0392-300x199.jpg 300w, https:\/\/teegro.gob.mx\/sitio2025\/wp-content\/uploads\/2017\/11\/DSC0392-768x509.jpg 768w, https:\/\/teegro.gob.mx\/sitio2025\/wp-content\/uploads\/2017\/11\/DSC0392-1024x678.jpg 1024w\" sizes=\"(max-width: 500px) 100vw, 500px\" \/><\/a><\/p>\n<p>Con la \u00faltima capacitaci\u00f3n denominada \u201cDerechos pol\u00edticos de la mujer y sus garant\u00edas\u201d, se desarroll\u00f3 satisfactoriamente el segundo curso, impartido por el Mtro. Francisco Guzm\u00e1n D\u00edaz, actual Secretario General de Acuerdos del Tribunal Electoral del Estado de Guerrero, cuya trayectoria curricular fue presentada por la Directora del Centro de Capacitaci\u00f3n, Investigaci\u00f3n y Difusi\u00f3n Electoral del Tribunal, Lic. Jacqueline Carranza Reyes.<!--more--><\/p>\n<p>Durante su disertaci\u00f3n el maestro, Guzm\u00e1n D\u00edaz, habl\u00f3 de la importancia de la Tutela Judicial Efectiva, que tiene que ver con el derecho de jurisdicci\u00f3n y regulaci\u00f3n de las etapas del procedimiento, para el acceso a un recurso efectivo, sencillo y r\u00e1pido de las f\u00e9minas que sientan vulnerados sus derechos.<\/p>\n<p>Enfocado siempre a los derechos de las mujeres, remarc\u00f3 las jurisprudencias y tratados internacionales, que establecen los criterios de cuando se determina la violencia a las mujeres por el hecho de ser mujeres, asimismo, se\u00f1al\u00f3 que la importancia de estos tratados internaciones radica que en \u201ctoda sentencia condenatoria se prevea la reparaci\u00f3n del da\u00f1o\u201d.<\/p>\n<p><a href=\"http:\/\/teegro.gob.mx\/inicio\/wp-content\/uploads\/2017\/11\/DSC0410.jpg\"><img decoding=\"async\" class=\"aligncenter size-full wp-image-6316\" src=\"http:\/\/teegro.gob.mx\/inicio\/wp-content\/uploads\/2017\/11\/DSC0410.jpg\" alt=\"Concluye capacitaci\u00f3n \u201cMujer ven y conoce tus Derechos Pol\u00edtico-Electorales\" width=\"4928\" height=\"3264\" srcset=\"https:\/\/teegro.gob.mx\/sitio2025\/wp-content\/uploads\/2017\/11\/DSC0410.jpg 4928w, https:\/\/teegro.gob.mx\/sitio2025\/wp-content\/uploads\/2017\/11\/DSC0410-300x199.jpg 300w, https:\/\/teegro.gob.mx\/sitio2025\/wp-content\/uploads\/2017\/11\/DSC0410-768x509.jpg 768w, https:\/\/teegro.gob.mx\/sitio2025\/wp-content\/uploads\/2017\/11\/DSC0410-1024x678.jpg 1024w\" sizes=\"(max-width: 4928px) 100vw, 4928px\" \/><\/a><\/p>\n<p>En sus aportaciones, el disertador dijo que la formaci\u00f3n sobre valores e igualdad en los derechos de las mujeres debe venir desde el seno familiar y es importante trabajar en ello \u201ca la mayor\u00eda de los hombres nos va a costar trabajo reconocer la igualdad de la mujer\u201d, recalc\u00f3 tambi\u00e9n, que \u201clos \u00f3rganos y los partidos pol\u00edticos debemos de tener cuidado de no menoscabar los derechos pol\u00edticos de las mujeres\u201d.<\/p>\n<p>El acto de clausura de los trabajos del curso, estuvo a cargo del Mtro. Ram\u00f3n Ramos Piedra, Magistrado del Tribunal Electoral del Estado, quien a nombre del Magistrado Presidente, Mtro. Ren\u00e9 Patr\u00f3n Mu\u00f1oz, agradeci\u00f3 a los presentes su inter\u00e9s en estos temas jur\u00eddico-electorales.<\/p>\n<p>Cabe hacer menci\u00f3n que el programa del segundo curso-taller desarrollado este 09 y 10 de noviembre es la continuaci\u00f3n de la capacitaci\u00f3n jur\u00eddica dirigida a mujeres en el mes mayo de 2017, todos ellos llevados a cabo en el auditorio \u201cSentimientos de la Naci\u00f3n\u201d del Tribunal Electoral del Estado de Guerrero, en donde adem\u00e1s de mujeres destacadas e interesadas en la vida pol\u00edtica y el \u00e1mbito electoral estuvo presente en la clausura la magistrada del Tribunal Superior de Justicia, Adela Rom\u00e1n Ocampo.<\/p>\n<p>&nbsp;<\/p>\n","protected":false},"excerpt":{"rendered":"<p>\u201cLos \u00d3rganos y los Partidos Pol\u00edticos debemos de tener cuidado de no menoscabar los Derechos Pol\u00edticos de las mujeres\u201d. \u201cQue en toda sentencia condenatoria se prevea la reparaci\u00f3n del da\u00f1o\u201d: Guzm\u00e1n D\u00edaz. Este viernes, concluy\u00f3 el segundo curso-taller \u201cMujer ven y conoce tus derechos pol\u00edtico-electorales\u201d, organizado por el Tribunal Electoral del Estado de Guerrero, dirigido [&hellip;]<\/p>\n","protected":false},"author":1,"featured_media":6316,"comment_status":"open","ping_status":"open","sticky":false,"template":"","format":"standard","meta":{"_acf_changed":false,"footnotes":""},"categories":[48],"tags":[77,78,76,80,79],"class_list":["post-6313","post","type-post","status-publish","format-standard","has-post-thumbnail","hentry","category-comunicacion-social","tag-jacqueline-carranza-reyes","tag-mtro-francisco-guzman-diaz","tag-mujer-ven-y-conoce-tus-derechos-politico-electorales","tag-presentacion-de-libro","tag-segundo-curso-taller-teegro"],"acf":[],"_links":{"self":[{"href":"https:\/\/teegro.gob.mx\/sitio2025\/wp-json\/wp\/v2\/posts\/6313","targetHints":{"allow":["GET"]}}],"collection":[{"href":"https:\/\/teegro.gob.mx\/sitio2025\/wp-json\/wp\/v2\/posts"}],"about":[{"href":"https:\/\/teegro.gob.mx\/sitio2025\/wp-json\/wp\/v2\/types\/post"}],"author":[{"embeddable":true,"href":"https:\/\/teegro.gob.mx\/sitio2025\/wp-json\/wp\/v2\/users\/1"}],"replies":[{"embeddable":true,"href":"https:\/\/teegro.gob.mx\/sitio2025\/wp-json\/wp\/v2\/comments?post=6313"}],"version-history":[{"count":12,"href":"https:\/\/teegro.gob.mx\/sitio2025\/wp-json\/wp\/v2\/posts\/6313\/revisions"}],"predecessor-version":[{"id":6348,"href":"https:\/\/teegro.gob.mx\/sitio2025\/wp-json\/wp\/v2\/posts\/6313\/revisions\/6348"}],"wp:featuredmedia":[{"embeddable":true,"href":"https:\/\/teegro.gob.mx\/sitio2025\/wp-json\/wp\/v2\/media\/6316"}],"wp:attachment":[{"href":"https:\/\/teegro.gob.mx\/sitio2025\/wp-json\/wp\/v2\/media?parent=6313"}],"wp:term":[{"taxonomy":"category","embeddable":true,"href":"https:\/\/teegro.gob.mx\/sitio2025\/wp-json\/wp\/v2\/categories?post=6313"},{"taxonomy":"post_tag","embeddable":true,"href":"https:\/\/teegro.gob.mx\/sitio2025\/wp-json\/wp\/v2\/tags?post=6313"}],"curies":[{"name":"wp","href":"https:\/\/api.w.org\/{rel}","templated":true}]}}