{"id":6440,"date":"2018-04-05T19:00:24","date_gmt":"2018-04-06T00:00:24","guid":{"rendered":"http:\/\/teegro.gob.mx\/inicio\/?p=6440"},"modified":"2018-04-23T15:32:50","modified_gmt":"2018-04-23T20:32:50","slug":"improcedencia-de-aclaracion-de-sentencia-al-cee-del-prd-teegro","status":"publish","type":"post","link":"https:\/\/teegro.gob.mx\/sitio2025\/improcedencia-de-aclaracion-de-sentencia-al-cee-del-prd-teegro\/","title":{"rendered":"Improcedencia de aclaraci\u00f3n de sentencia al CEE del PRD: TEEGRO"},"content":{"rendered":"<p><!-- VideographyWP Plugin Message: Automatic video embedding prevented by plugin options. --><\/p>\n<p style=\"text-align: center\"><a href=\"http:\/\/teegro.gob.mx\/inicio\/wp-content\/uploads\/2018\/04\/IMG_1498-b.jpg\"><img fetchpriority=\"high\" decoding=\"async\" class=\"alignnone wp-image-6451\" src=\"http:\/\/teegro.gob.mx\/inicio\/wp-content\/uploads\/2018\/04\/IMG_1498-b.jpg\" alt=\"Vig\u00e9sima Primera Sesi\u00f3n P\u00fablica de Resoluci\u00f3n\" width=\"500\" height=\"305\" srcset=\"https:\/\/teegro.gob.mx\/sitio2025\/wp-content\/uploads\/2018\/04\/IMG_1498-b.jpg 899w, https:\/\/teegro.gob.mx\/sitio2025\/wp-content\/uploads\/2018\/04\/IMG_1498-b-300x183.jpg 300w, https:\/\/teegro.gob.mx\/sitio2025\/wp-content\/uploads\/2018\/04\/IMG_1498-b-768x469.jpg 768w\" sizes=\"(max-width: 500px) 100vw, 500px\" \/><\/a><\/p>\n<p style=\"text-align: center\"><em>Vig\u00e9sima Primera Sesi\u00f3n P\u00fablica de Resoluci\u00f3n<\/em><\/p>\n<p style=\"text-align: justify\">Abril 05 de 2018. Durante la vig\u00e9sima primera sesi\u00f3n p\u00fablica de este jueves, se aprobaron diversos acuerdos plenarios, entre ellos el relacionado con el expediente TEE\/JEC\/020\/2018, interpuesto por Rosa Mar\u00eda Aguilar Miranda precandidata a Diputada por el Quinto Distrito Electoral con sede en Acapulco, en contra del Partido de la Revoluci\u00f3n Democr\u00e1tica y coalici\u00f3n Por Guerrero al Frente.<\/p>\n<p style=\"text-align: justify\">En dicho juicio, en el que acudi\u00f3 como tercer interesado Ernesto Fidel Gonz\u00e1lez P\u00e9rez,\u00a0 Rosa Mar\u00eda Aguilar Miranda impugna la designaci\u00f3n e inminente registro formal del candidato a diputado por el principio de mayor\u00eda relativa en el distrito 05,\u00a0 se\u00f1alando como responsables al PRD y a la coalici\u00f3n Por Guerrero al Frente.<\/p>\n<p style=\"text-align: justify\">En el acuerdo plenario de este jueves, se hace del conocimiento la recepci\u00f3n de un documento presentado por Ricardo \u00c1ngel Barrientos R\u00edos, Presidente del Comit\u00e9 Ejecutivo Estatal (CEE) del PRD en Guerrero, en el que solicita le aclaren la sentencia emitida el pasado 2 de abril sobre el juicio TEE\/JEC\/020\/2018.<\/p>\n<p style=\"text-align: justify\">Recordemos que en la sentencia referida, el TEEGRO deja sin efectos -\u00fanicamente en el distrito 05 de Acapulco- el dictamen de candidatos de unidad de la Comisi\u00f3n de Candidaturas del PRD, asimismo el Tribunal orden\u00f3 al PRD postular candidato en dicho distrito en un pazo de 3 d\u00edas, debiendo considerar los lineamientos que el IEPC emiti\u00f3 para lograr la paridad de g\u00e9nero.<\/p>\n<p style=\"text-align: justify\">Al respecto, a propuesta de la Quinta Ponencia, del Magistrado Ren\u00e9 Patr\u00f3n Mu\u00f1oz, el pleno del TEEGRO resolvi\u00f3 por unanimidad de votos, la improcedencia de aclaraci\u00f3n de sentencia, puesto que el propio presidente del CEE en Guerrero, se\u00f1al\u00f3 de manera expresa -el pasado 12 de marzo- al Tribunal que el CEE del PRD en Guerrero no es autoridad responsable, sino la Comisi\u00f3n Electoral del Comit\u00e9 Ejecutivo Nacional de ese partido, cuyo \u00f3rgano interno es garante de los procesos de elecci\u00f3n y consultas internas nacionales, estatales y municipales.<\/p>\n<p><a href=\"http:\/\/teegro.gob.mx\/inicio\/wp-content\/uploads\/2018\/04\/IMG_1508-bb.jpg\"><img decoding=\"async\" class=\"aligncenter wp-image-6453\" src=\"http:\/\/teegro.gob.mx\/inicio\/wp-content\/uploads\/2018\/04\/IMG_1508-bb.jpg\" alt=\"Vig\u00e9sima Primera Sesi\u00f3n P\u00fablica de Resoluci\u00f3n\" width=\"500\" height=\"298\" srcset=\"https:\/\/teegro.gob.mx\/sitio2025\/wp-content\/uploads\/2018\/04\/IMG_1508-bb.jpg 900w, https:\/\/teegro.gob.mx\/sitio2025\/wp-content\/uploads\/2018\/04\/IMG_1508-bb-300x179.jpg 300w, https:\/\/teegro.gob.mx\/sitio2025\/wp-content\/uploads\/2018\/04\/IMG_1508-bb-768x457.jpg 768w\" sizes=\"(max-width: 500px) 100vw, 500px\" \/><\/a><\/p>\n<p style=\"text-align: justify\">Otra sentencia emitida en la sesi\u00f3n, es la relacionada con los expedientes TEE\/JEC\/027\/2018 y TEE\/JEC\/030\/2018 interpuestos por Zulma Janeth Carvajal Salgado en contra de la Comisi\u00f3n Nacional Jurisdiccional del PRD, en donde alega violaciones a sus derechos pol\u00edticos al no ser considerada para un cargo de elecci\u00f3n popular en el municipio de Iguala de la Independencia.<\/p>\n<p style=\"text-align: justify\">Tras la resoluci\u00f3n emitida el pasado 3 de abril del presente a\u00f1o, por la Sala Regional de M\u00e9xico del TEPJF respecto al Juicio de Carbajal Salgado, el pleno del TEEGRO orden\u00f3 este jueves a la Comisi\u00f3n Nacional del PRD notificar a la actora -en un t\u00e9rmino de 2 d\u00edas- cu\u00e1ndo y cu\u00e1l fue el m\u00e9todo de definici\u00f3n de candidaturas para presidentes y s\u00edndicos municipales en el estado, espec\u00edficamente en el municipio de Iguala.<\/p>\n<p style=\"text-align: justify\">Tambi\u00e9n se desech\u00f3 de plano el Juicio Electoral Ciudadano con numero de expediente TEE\/JEC\/029\/2018 interpuesto por Zulma Janeth Carvajal Salgado, pero este en contra del Comit\u00e9 Ejecutivo Estatal del Partido de la Revoluci\u00f3n Democr\u00e1tica, en el que reclama las mismas violaciones a sus derechos pol\u00edticos, citados en el expediente TEE\/JEC\/027\/2018.<\/p>\n<p style=\"text-align: justify\">Esta \u00faltima sentencia fue aprobada por unanimidad de votos, a propuesta de la Segunda Ponencia del magistrado J. In\u00e9s Betancourt Salgado, desechando de plano el Juicio Electoral ciudadano promovido por Carbajal Salgado, toda vez que la actora ya hab\u00eda interpuesto el Juicio Electoral Ciudadano TEE\/JEC\/027\/2018, en el que expone los mismos agravios, pretendiendo hacer valer el mismo derecho en ambos Juicios Electorales.<\/p>\n<p style=\"text-align: justify\">o -O- o<\/p>\n<p>&nbsp;<\/p>\n","protected":false},"excerpt":{"rendered":"<p>Vig\u00e9sima Primera Sesi\u00f3n P\u00fablica de Resoluci\u00f3n Abril 05 de 2018. Durante la vig\u00e9sima primera sesi\u00f3n p\u00fablica de este jueves, se aprobaron diversos acuerdos plenarios, entre ellos el relacionado con el expediente TEE\/JEC\/020\/2018, interpuesto por Rosa Mar\u00eda Aguilar Miranda precandidata a Diputada por el Quinto Distrito Electoral con sede en Acapulco, en contra del Partido de [&hellip;]<\/p>\n","protected":false},"author":1,"featured_media":6451,"comment_status":"open","ping_status":"open","sticky":false,"template":"","format":"standard","meta":{"_acf_changed":false,"footnotes":""},"categories":[48],"tags":[67,70,71,64,52,69,53,68],"class_list":["post-6440","post","type-post","status-publish","format-standard","has-post-thumbnail","hentry","category-comunicacion-social","tag-j-ines-betancourt-salgado","tag-por-guerrero-al-frente","tag-prd","tag-rene-patron-munoz","tag-resuelve-teegro","tag-rosa-maria-aguilar-miranda","tag-sesion-teegro","tag-zulma-janeth-carvajal-salgado"],"acf":[],"_links":{"self":[{"href":"https:\/\/teegro.gob.mx\/sitio2025\/wp-json\/wp\/v2\/posts\/6440","targetHints":{"allow":["GET"]}}],"collection":[{"href":"https:\/\/teegro.gob.mx\/sitio2025\/wp-json\/wp\/v2\/posts"}],"about":[{"href":"https:\/\/teegro.gob.mx\/sitio2025\/wp-json\/wp\/v2\/types\/post"}],"author":[{"embeddable":true,"href":"https:\/\/teegro.gob.mx\/sitio2025\/wp-json\/wp\/v2\/users\/1"}],"replies":[{"embeddable":true,"href":"https:\/\/teegro.gob.mx\/sitio2025\/wp-json\/wp\/v2\/comments?post=6440"}],"version-history":[{"count":6,"href":"https:\/\/teegro.gob.mx\/sitio2025\/wp-json\/wp\/v2\/posts\/6440\/revisions"}],"predecessor-version":[{"id":6578,"href":"https:\/\/teegro.gob.mx\/sitio2025\/wp-json\/wp\/v2\/posts\/6440\/revisions\/6578"}],"wp:featuredmedia":[{"embeddable":true,"href":"https:\/\/teegro.gob.mx\/sitio2025\/wp-json\/wp\/v2\/media\/6451"}],"wp:attachment":[{"href":"https:\/\/teegro.gob.mx\/sitio2025\/wp-json\/wp\/v2\/media?parent=6440"}],"wp:term":[{"taxonomy":"category","embeddable":true,"href":"https:\/\/teegro.gob.mx\/sitio2025\/wp-json\/wp\/v2\/categories?post=6440"},{"taxonomy":"post_tag","embeddable":true,"href":"https:\/\/teegro.gob.mx\/sitio2025\/wp-json\/wp\/v2\/tags?post=6440"}],"curies":[{"name":"wp","href":"https:\/\/api.w.org\/{rel}","templated":true}]}}