{"id":6444,"date":"2018-04-08T19:00:28","date_gmt":"2018-04-09T00:00:28","guid":{"rendered":"http:\/\/teegro.gob.mx\/inicio\/?p=6444"},"modified":"2018-04-23T15:34:41","modified_gmt":"2018-04-23T20:34:41","slug":"informa-el-iepc-que-pes-y-morena-no-presentaron-ajustes-en-la-coalicion-juntos-haremos-historia-teegro","status":"publish","type":"post","link":"https:\/\/teegro.gob.mx\/sitio2025\/informa-el-iepc-que-pes-y-morena-no-presentaron-ajustes-en-la-coalicion-juntos-haremos-historia-teegro\/","title":{"rendered":"Informa el IEPC que PES y MORENA no presentaron ajustes en la coalici\u00f3n &#8220;Juntos haremos historia&#8221;: TEEGRO"},"content":{"rendered":"<p><!-- VideographyWP Plugin Message: Automatic video embedding prevented by plugin options. --><br \/>\n<a href=\"http:\/\/teegro.gob.mx\/inicio\/wp-content\/uploads\/2018\/04\/IMG_1523-b.jpg\"><img fetchpriority=\"high\" decoding=\"async\" class=\"aligncenter wp-image-6449\" src=\"http:\/\/teegro.gob.mx\/inicio\/wp-content\/uploads\/2018\/04\/IMG_1523-b.jpg\" alt=\"Vig\u00e9sima Segunda Sesi\u00f3n P\u00fablica de Resoluci\u00f3n\" width=\"500\" height=\"293\" srcset=\"https:\/\/teegro.gob.mx\/sitio2025\/wp-content\/uploads\/2018\/04\/IMG_1523-b.jpg 900w, https:\/\/teegro.gob.mx\/sitio2025\/wp-content\/uploads\/2018\/04\/IMG_1523-b-300x176.jpg 300w, https:\/\/teegro.gob.mx\/sitio2025\/wp-content\/uploads\/2018\/04\/IMG_1523-b-768x450.jpg 768w\" sizes=\"(max-width: 500px) 100vw, 500px\" \/><\/a><\/p>\n<p style=\"text-align: justify\">Abril 08 de 2018. No comparecen los partidos Encuentro Social y Morena ante el Instituto Electoral y de Participaci\u00f3n Ciudadana para hacer modificaciones a la coalici\u00f3n \u201cJuntos haremos historia\u201d: TEEGRO.<\/p>\n<p style=\"text-align: justify\">En la sesi\u00f3n de este viernes, el Tribunal Electoral del Estado de Guerrero aprob\u00f3 el acuerdo plenario derivado del expediente TEE\/RAP\/005\/2018 presentado por Benjam\u00edn Ruiz Galeana, representante del Partido Encuentro Social (PES) ante el Consejo General del IEPC de Guerrero en contra del Consejo General del IEPC.<\/p>\n<p style=\"text-align: justify\">Recordemos que en el referido recurso de apelaci\u00f3n se impugna el acuerdo 061\/SE\/23-03-2018 emitido por el Consejo General del IEPC, en el que se tiene por excluido al Partido del Trabajo de la coalici\u00f3n parcial \u201cJuntos haremos historia\u201d, resuelto el pasado 31 de marzo en la D\u00e9cima Octava Sesi\u00f3n P\u00fablica del TEEGRO.<\/p>\n<p style=\"text-align: justify\">En esa misma sesi\u00f3n, se concedi\u00f3 un plazo de 48 horas a los partidos pol\u00edticos subsistentes en la coalici\u00f3n \u201cJuntos haremos historia\u201d para que hicieran los ajustes a la coalici\u00f3n parcial para postular candidaturas en los ayuntamientos y distritos electorales locales. Asimismo, se orden\u00f3 al Consejo General del IEPC informara si proced\u00eda o no el ajuste que los partidos Encuentro Social y MORENA presentaran.<\/p>\n<p style=\"text-align: justify\">Al respecto, en el acuerdo plenario presentado por la Magistrada Ponente Hilda Rosa Delgado Brito, mismo que fue aprobado por unanimidad, se dio cuenta que el IEPC a trav\u00e9s de su Secretario Ejecutivo inform\u00f3 al TEEGRO que los partidos Encuentro Social y MORENA no comparecieron y en consecuencia no se hicieron ajustes a la coalici\u00f3n \u201cJuntos haremos historia\u201d, teni\u00e9ndose por cumplida la sentencia dictada en el expediente TEE\/RAP\/005\/2018.<\/p>\n<p style=\"text-align: justify\"><a href=\"http:\/\/teegro.gob.mx\/inicio\/wp-content\/uploads\/2018\/04\/IMG_1525-b.jpg\"><img decoding=\"async\" class=\"aligncenter wp-image-6448\" src=\"http:\/\/teegro.gob.mx\/inicio\/wp-content\/uploads\/2018\/04\/IMG_1525-b.jpg\" width=\"500\" height=\"323\" srcset=\"https:\/\/teegro.gob.mx\/sitio2025\/wp-content\/uploads\/2018\/04\/IMG_1525-b.jpg 900w, https:\/\/teegro.gob.mx\/sitio2025\/wp-content\/uploads\/2018\/04\/IMG_1525-b-300x194.jpg 300w, https:\/\/teegro.gob.mx\/sitio2025\/wp-content\/uploads\/2018\/04\/IMG_1525-b-768x496.jpg 768w\" sizes=\"(max-width: 500px) 100vw, 500px\" \/><\/a><\/p>\n<p style=\"text-align: justify\">En la misma sesi\u00f3n, la Sala de Segunda Instancia del Tribunal Electoral del Estado de Guerrero, emiti\u00f3 sentencia sobre el juicio laboral derivado del expediente TEE\/SSI\/JLI\/05\/2015,\u00a0 por controversias entre Instituto Electoral y de Participaci\u00f3n Ciudadana del Estado de Guerrero y sus respectivos servidores p\u00fablicos, dicho proyecto\u00a0 fue presentado por el magistrado Emiliano Lozano Cruz.<\/p>\n<p style=\"text-align: center\">o -O- o<\/p>\n","protected":false},"excerpt":{"rendered":"<p>Abril 08 de 2018. No comparecen los partidos Encuentro Social y Morena ante el Instituto Electoral y de Participaci\u00f3n Ciudadana para hacer modificaciones a la coalici\u00f3n \u201cJuntos haremos historia\u201d: TEEGRO. En la sesi\u00f3n de este viernes, el Tribunal Electoral del Estado de Guerrero aprob\u00f3 el acuerdo plenario derivado del expediente TEE\/RAP\/005\/2018 presentado por Benjam\u00edn Ruiz [&hellip;]<\/p>\n","protected":false},"author":1,"featured_media":6448,"comment_status":"open","ping_status":"open","sticky":false,"template":"","format":"standard","meta":{"_acf_changed":false,"footnotes":""},"categories":[48],"tags":[73,60,51,75,49,72,74],"class_list":["post-6444","post","type-post","status-publish","format-standard","has-post-thumbnail","hentry","category-comunicacion-social","tag-benjamin-ruiz-galeana","tag-emiliano-lozano-cruz","tag-hilda-rosa-delgado-brito","tag-juicio-laboral","tag-morena","tag-partido-encuentro-social","tag-pes"],"acf":[],"_links":{"self":[{"href":"https:\/\/teegro.gob.mx\/sitio2025\/wp-json\/wp\/v2\/posts\/6444","targetHints":{"allow":["GET"]}}],"collection":[{"href":"https:\/\/teegro.gob.mx\/sitio2025\/wp-json\/wp\/v2\/posts"}],"about":[{"href":"https:\/\/teegro.gob.mx\/sitio2025\/wp-json\/wp\/v2\/types\/post"}],"author":[{"embeddable":true,"href":"https:\/\/teegro.gob.mx\/sitio2025\/wp-json\/wp\/v2\/users\/1"}],"replies":[{"embeddable":true,"href":"https:\/\/teegro.gob.mx\/sitio2025\/wp-json\/wp\/v2\/comments?post=6444"}],"version-history":[{"count":5,"href":"https:\/\/teegro.gob.mx\/sitio2025\/wp-json\/wp\/v2\/posts\/6444\/revisions"}],"predecessor-version":[{"id":6579,"href":"https:\/\/teegro.gob.mx\/sitio2025\/wp-json\/wp\/v2\/posts\/6444\/revisions\/6579"}],"wp:featuredmedia":[{"embeddable":true,"href":"https:\/\/teegro.gob.mx\/sitio2025\/wp-json\/wp\/v2\/media\/6448"}],"wp:attachment":[{"href":"https:\/\/teegro.gob.mx\/sitio2025\/wp-json\/wp\/v2\/media?parent=6444"}],"wp:term":[{"taxonomy":"category","embeddable":true,"href":"https:\/\/teegro.gob.mx\/sitio2025\/wp-json\/wp\/v2\/categories?post=6444"},{"taxonomy":"post_tag","embeddable":true,"href":"https:\/\/teegro.gob.mx\/sitio2025\/wp-json\/wp\/v2\/tags?post=6444"}],"curies":[{"name":"wp","href":"https:\/\/api.w.org\/{rel}","templated":true}]}}