{"id":6515,"date":"2018-04-18T17:00:07","date_gmt":"2018-04-18T22:00:07","guid":{"rendered":"http:\/\/teegro.gob.mx\/inicio\/?p=6515"},"modified":"2018-04-23T14:37:15","modified_gmt":"2018-04-23T19:37:15","slug":"teegro-inexistente-el-acto-anticipado-de-campana-denunciado-por-morena-en-contra-del-diputado-federal-victoriano-wences-real-y-el-partido-del-trabajo","status":"publish","type":"post","link":"https:\/\/teegro.gob.mx\/sitio2025\/teegro-inexistente-el-acto-anticipado-de-campana-denunciado-por-morena-en-contra-del-diputado-federal-victoriano-wences-real-y-el-partido-del-trabajo\/","title":{"rendered":"TEEGRO: Inexistente el acto anticipado de campa\u00f1a denunciado por MORENA en contra del diputado federal Victoriano Wences Real y el Partido del Trabajo"},"content":{"rendered":"<p><!-- VideographyWP Plugin Message: Automatic video embedding prevented by plugin options. --><br \/>\n<figure id=\"attachment_6516\" aria-describedby=\"caption-attachment-6516\" style=\"width: 500px\" class=\"wp-caption aligncenter\"><a href=\"http:\/\/teegro.gob.mx\/inicio\/wp-content\/uploads\/2018\/04\/IMG_1632-www.jpg\"><img fetchpriority=\"high\" decoding=\"async\" class=\"wp-image-6516\" src=\"http:\/\/teegro.gob.mx\/inicio\/wp-content\/uploads\/2018\/04\/IMG_1632-www.jpg\" alt=\"INEXISTENTE EL ACTO ANTICIPADO DE CAMPA\u00d1A DENUNCIADO POR MORENA: TEEGRO EN CONTRA DEL DIPUTADO FEDERAL VICTORIANO WENCES REAL Y EL PARTIDO DEL TRABAJO\" width=\"500\" height=\"374\" srcset=\"https:\/\/teegro.gob.mx\/sitio2025\/wp-content\/uploads\/2018\/04\/IMG_1632-www.jpg 900w, https:\/\/teegro.gob.mx\/sitio2025\/wp-content\/uploads\/2018\/04\/IMG_1632-www-300x225.jpg 300w, https:\/\/teegro.gob.mx\/sitio2025\/wp-content\/uploads\/2018\/04\/IMG_1632-www-768x575.jpg 768w, https:\/\/teegro.gob.mx\/sitio2025\/wp-content\/uploads\/2018\/04\/IMG_1632-www-200x150.jpg 200w\" sizes=\"(max-width: 500px) 100vw, 500px\" \/><\/a><figcaption id=\"caption-attachment-6516\" class=\"wp-caption-text\">TEEGRO: Inexistente el acto anticipado de campa\u00f1a denunciado por MORENA en contra del diputado federal Victoriano Wences Real y el Partido del Trabajo<\/figcaption><\/figure>\n<p style=\"text-align: justify\">Abril 18 de 2018. En la denuncia presentada en contra de Victoriano Wences Real, diputado federal del V Distrito Federal y el Partido del Trabajo, por actos anticipados de campa\u00f1a, el Tribunal Electoral del Estado de Guerrero declar\u00f3 la inexistencia de la infracci\u00f3n se\u00f1alada.<\/p>\n<p style=\"text-align: justify\">Dicha queja fue interpuesta por Juan Daniel Ortiz \u00c1lvarez, representante de MORENA en el distrito electoral 27, con cabecera en Tlapa de Comonfort, Gro., se\u00f1alando como hecho especifico la entrega de apoyo y art\u00edculos a la ciudadan\u00eda, afuera de las oficinas del Partido del Trabajo en la ciudad de Tlapa, el pasado 29 de marzo.<\/p>\n<p style=\"text-align: justify\">No obstante, el TEEGRO determin\u00f3 que si bien en las pruebas t\u00e9cnicas (fotograf\u00edas) presentadas por el quejoso se observa la entrega de diversos art\u00edculos, en ellas no se advierte la presentaci\u00f3n a la ciudadan\u00eda de una candidatura o precandidatura registrada, por lo que no se logra acreditar alg\u00fan tipo de propaganda electoral que pretenda posicionar a Wences Real.<\/p>\n<p style=\"text-align: justify\">El proyecto de resoluci\u00f3n fue presentado durante la vig\u00e9sima septima sesi\u00f3n p\u00fablica de resoluci\u00f3n, por la ponencia tercera, del Magistrado Emiliano Lozano Cruz, mismo que fue votado por unanimidad, declarando la inexistencia de la infracci\u00f3n denunciada en contra de Victoriano Wences Real y el Partido del Trabajo.<\/p>\n<figure id=\"attachment_6522\" aria-describedby=\"caption-attachment-6522\" style=\"width: 500px\" class=\"wp-caption aligncenter\"><a href=\"http:\/\/teegro.gob.mx\/inicio\/wp-content\/uploads\/2018\/04\/IMG_1637-b.jpg\"><img decoding=\"async\" class=\"wp-image-6522\" src=\"http:\/\/teegro.gob.mx\/inicio\/wp-content\/uploads\/2018\/04\/IMG_1637-b.jpg\" alt=\"Vig\u00e9sima S\u00e9ptima Sesi\u00f3n de Resoluci\u00f3n. 18-abr-18.\" width=\"500\" height=\"375\" srcset=\"https:\/\/teegro.gob.mx\/sitio2025\/wp-content\/uploads\/2018\/04\/IMG_1637-b.jpg 3003w, https:\/\/teegro.gob.mx\/sitio2025\/wp-content\/uploads\/2018\/04\/IMG_1637-b-300x225.jpg 300w, https:\/\/teegro.gob.mx\/sitio2025\/wp-content\/uploads\/2018\/04\/IMG_1637-b-768x576.jpg 768w, https:\/\/teegro.gob.mx\/sitio2025\/wp-content\/uploads\/2018\/04\/IMG_1637-b-1024x768.jpg 1024w, https:\/\/teegro.gob.mx\/sitio2025\/wp-content\/uploads\/2018\/04\/IMG_1637-b-200x150.jpg 200w\" sizes=\"(max-width: 500px) 100vw, 500px\" \/><\/a><figcaption id=\"caption-attachment-6522\" class=\"wp-caption-text\">Vig\u00e9sima S\u00e9ptima Sesi\u00f3n de Resoluci\u00f3n. 18-abr-18.<\/figcaption><\/figure>\n<p style=\"text-align: justify\">A prop\u00f3sito de la presente queja, le recordamos a la ciudadan\u00eda que el periodo de campa\u00f1as para el proceso electoral 2017-2018 para diputados de mayor\u00eda relativa ser\u00e1 del 29 de abril al 27 de junio y para Ayuntamientos del 29 de mayo al 27 de junio ambos de 2018.<\/p>\n","protected":false},"excerpt":{"rendered":"<p>Abril 18 de 2018. En la denuncia presentada en contra de Victoriano Wences Real, diputado federal del V Distrito Federal y el Partido del Trabajo, por actos anticipados de campa\u00f1a, el Tribunal Electoral del Estado de Guerrero declar\u00f3 la inexistencia de la infracci\u00f3n se\u00f1alada. Dicha queja fue interpuesta por Juan Daniel Ortiz \u00c1lvarez, representante de [&hellip;]<\/p>\n","protected":false},"author":1,"featured_media":6517,"comment_status":"open","ping_status":"open","sticky":false,"template":"","format":"standard","meta":{"_acf_changed":false,"footnotes":""},"categories":[48],"tags":[62,60,49,59,52,53,58],"class_list":["post-6515","post","type-post","status-publish","format-standard","has-post-thumbnail","hentry","category-comunicacion-social","tag-actos-anticipados-de-campana","tag-emiliano-lozano-cruz","tag-morena","tag-partido-del-trabajo","tag-resuelve-teegro","tag-sesion-teegro","tag-victoriano-wences-real"],"acf":[],"_links":{"self":[{"href":"https:\/\/teegro.gob.mx\/sitio2025\/wp-json\/wp\/v2\/posts\/6515","targetHints":{"allow":["GET"]}}],"collection":[{"href":"https:\/\/teegro.gob.mx\/sitio2025\/wp-json\/wp\/v2\/posts"}],"about":[{"href":"https:\/\/teegro.gob.mx\/sitio2025\/wp-json\/wp\/v2\/types\/post"}],"author":[{"embeddable":true,"href":"https:\/\/teegro.gob.mx\/sitio2025\/wp-json\/wp\/v2\/users\/1"}],"replies":[{"embeddable":true,"href":"https:\/\/teegro.gob.mx\/sitio2025\/wp-json\/wp\/v2\/comments?post=6515"}],"version-history":[{"count":6,"href":"https:\/\/teegro.gob.mx\/sitio2025\/wp-json\/wp\/v2\/posts\/6515\/revisions"}],"predecessor-version":[{"id":6524,"href":"https:\/\/teegro.gob.mx\/sitio2025\/wp-json\/wp\/v2\/posts\/6515\/revisions\/6524"}],"wp:featuredmedia":[{"embeddable":true,"href":"https:\/\/teegro.gob.mx\/sitio2025\/wp-json\/wp\/v2\/media\/6517"}],"wp:attachment":[{"href":"https:\/\/teegro.gob.mx\/sitio2025\/wp-json\/wp\/v2\/media?parent=6515"}],"wp:term":[{"taxonomy":"category","embeddable":true,"href":"https:\/\/teegro.gob.mx\/sitio2025\/wp-json\/wp\/v2\/categories?post=6515"},{"taxonomy":"post_tag","embeddable":true,"href":"https:\/\/teegro.gob.mx\/sitio2025\/wp-json\/wp\/v2\/tags?post=6515"}],"curies":[{"name":"wp","href":"https:\/\/api.w.org\/{rel}","templated":true}]}}