{"id":6526,"date":"2018-04-17T16:00:22","date_gmt":"2018-04-17T21:00:22","guid":{"rendered":"http:\/\/teegro.gob.mx\/inicio\/?p=6526"},"modified":"2018-04-23T14:37:39","modified_gmt":"2018-04-23T19:37:39","slug":"tribunal-ordena-a-la-comision-de-honor-y-justicia-de-morena-que-en-un-plazo-de-24-horas-emita-respuesta-a-la-solicitud-de-ernesto-fidel-payan-cortinas","status":"publish","type":"post","link":"https:\/\/teegro.gob.mx\/sitio2025\/tribunal-ordena-a-la-comision-de-honor-y-justicia-de-morena-que-en-un-plazo-de-24-horas-emita-respuesta-a-la-solicitud-de-ernesto-fidel-payan-cortinas\/","title":{"rendered":"Tribunal ordena a la Comisi\u00f3n de Honor y Justicia de MORENA que en un plazo de 24 horas emita respuesta a la solicitud de Ernesto Fidel Payan Cortinas"},"content":{"rendered":"<p><!-- VideographyWP Plugin Message: Automatic video embedding prevented by plugin options. --><br \/>\n<a href=\"http:\/\/teegro.gob.mx\/inicio\/wp-content\/uploads\/2018\/04\/sesion-17-abril-18.jpg\"><img fetchpriority=\"high\" decoding=\"async\" class=\"aligncenter wp-image-6527 size-full\" src=\"http:\/\/teegro.gob.mx\/inicio\/wp-content\/uploads\/2018\/04\/sesion-17-abril-18.jpg\" width=\"899\" height=\"502\" srcset=\"https:\/\/teegro.gob.mx\/sitio2025\/wp-content\/uploads\/2018\/04\/sesion-17-abril-18.jpg 899w, https:\/\/teegro.gob.mx\/sitio2025\/wp-content\/uploads\/2018\/04\/sesion-17-abril-18-300x168.jpg 300w, https:\/\/teegro.gob.mx\/sitio2025\/wp-content\/uploads\/2018\/04\/sesion-17-abril-18-768x429.jpg 768w\" sizes=\"(max-width: 899px) 100vw, 899px\" \/><\/a><\/p>\n<p style=\"text-align: justify\">El martes 17 de abril en la vig\u00e9sima sexta sesi\u00f3n de resoluci\u00f3n el TEEGRO resolvi\u00f3 un Juicio Electoral en contra de MORENA, en el que el quejoso Ernesto Fidel Payan Cortinas se\u00f1al\u00f3 como agravio la omisi\u00f3n de la Comisi\u00f3n Nacional de Honestidad y Justicia de MORENA de no proporcionarle informaci\u00f3n sobre el evento de fecha 10 de febrero realizado en la ciudad de M\u00e9xico, consistente en la insaculaci\u00f3n de candidatos a diputados por el principio de representaci\u00f3n proporcional del Estado de Guerrero.<\/p>\n<p style=\"text-align: justify\">Una vez realizado el estudio de fondo, la ponencia cuarta de la magistrada Hilda Rosa Delgado Brito, present\u00f3 proyecto de resoluci\u00f3n en el que se se\u00f1ala que dicha Comisi\u00f3n ten\u00eda la obligaci\u00f3n de solucionar el planteamiento de Pay\u00e1n Cortinas.<\/p>\n<p style=\"text-align: justify\">Al respecto, el Tribunal Electoral resolvi\u00f3 declarar fundado el juicio electoral, ordenando a la Comisi\u00f3n de Honor y Justicia de MORENA que en un plazo de 24 horas emita respuesta a la solicitud del Actor.<\/p>\n<p style=\"text-align: justify\">Las sesiones del Tribunal Electoral del Estado de Guerrero son abiertas y p\u00fablicas, se llevan a cabo en la sala de plenos del Tribunal Electoral del Estado de Guerrero, en ellas participan los magistrados electorales Ren\u00e9 Patr\u00f3n Mu\u00f1oz, Ram\u00f3n Ramos Piedra, J. In\u00e9s Betancourt Salgado, Emiliano Lozano Cruz e Hilda Rosa Delgado Brito.<\/p>\n<p style=\"text-align: center\">o -O- o<\/p>\n","protected":false},"excerpt":{"rendered":"<p>El martes 17 de abril en la vig\u00e9sima sexta sesi\u00f3n de resoluci\u00f3n el TEEGRO resolvi\u00f3 un Juicio Electoral en contra de MORENA, en el que el quejoso Ernesto Fidel Payan Cortinas se\u00f1al\u00f3 como agravio la omisi\u00f3n de la Comisi\u00f3n Nacional de Honestidad y Justicia de MORENA de no proporcionarle informaci\u00f3n sobre el evento de fecha [&hellip;]<\/p>\n","protected":false},"author":1,"featured_media":6527,"comment_status":"open","ping_status":"open","sticky":false,"template":"","format":"standard","meta":{"_acf_changed":false,"footnotes":""},"categories":[48],"tags":[50,51,49,52],"class_list":["post-6526","post","type-post","status-publish","format-standard","has-post-thumbnail","hentry","category-comunicacion-social","tag-ernesto-fidel-payan-cortinas","tag-hilda-rosa-delgado-brito","tag-morena","tag-resuelve-teegro"],"acf":[],"_links":{"self":[{"href":"https:\/\/teegro.gob.mx\/sitio2025\/wp-json\/wp\/v2\/posts\/6526","targetHints":{"allow":["GET"]}}],"collection":[{"href":"https:\/\/teegro.gob.mx\/sitio2025\/wp-json\/wp\/v2\/posts"}],"about":[{"href":"https:\/\/teegro.gob.mx\/sitio2025\/wp-json\/wp\/v2\/types\/post"}],"author":[{"embeddable":true,"href":"https:\/\/teegro.gob.mx\/sitio2025\/wp-json\/wp\/v2\/users\/1"}],"replies":[{"embeddable":true,"href":"https:\/\/teegro.gob.mx\/sitio2025\/wp-json\/wp\/v2\/comments?post=6526"}],"version-history":[{"count":2,"href":"https:\/\/teegro.gob.mx\/sitio2025\/wp-json\/wp\/v2\/posts\/6526\/revisions"}],"predecessor-version":[{"id":6529,"href":"https:\/\/teegro.gob.mx\/sitio2025\/wp-json\/wp\/v2\/posts\/6526\/revisions\/6529"}],"wp:featuredmedia":[{"embeddable":true,"href":"https:\/\/teegro.gob.mx\/sitio2025\/wp-json\/wp\/v2\/media\/6527"}],"wp:attachment":[{"href":"https:\/\/teegro.gob.mx\/sitio2025\/wp-json\/wp\/v2\/media?parent=6526"}],"wp:term":[{"taxonomy":"category","embeddable":true,"href":"https:\/\/teegro.gob.mx\/sitio2025\/wp-json\/wp\/v2\/categories?post=6526"},{"taxonomy":"post_tag","embeddable":true,"href":"https:\/\/teegro.gob.mx\/sitio2025\/wp-json\/wp\/v2\/tags?post=6526"}],"curies":[{"name":"wp","href":"https:\/\/api.w.org\/{rel}","templated":true}]}}