{"id":6533,"date":"2018-04-19T19:00:38","date_gmt":"2018-04-20T00:00:38","guid":{"rendered":"http:\/\/teegro.gob.mx\/inicio\/?p=6533"},"modified":"2018-04-23T14:59:16","modified_gmt":"2018-04-23T19:59:16","slug":"reencausa-teegro-dos-juicios-electorales-contra-morena-quejosos-buscan-controvertir-los-actos-del-proceso-de-seleccion-de-candidatos-de-representacion-proporcional","status":"publish","type":"post","link":"https:\/\/teegro.gob.mx\/sitio2025\/reencausa-teegro-dos-juicios-electorales-contra-morena-quejosos-buscan-controvertir-los-actos-del-proceso-de-seleccion-de-candidatos-de-representacion-proporcional\/","title":{"rendered":"Reencausa TEEGRO dos juicios electorales contra MORENA. Quejosos buscan controvertir los actos del proceso de selecci\u00f3n de candidatos de representaci\u00f3n proporcional."},"content":{"rendered":"<p><!-- VideographyWP Plugin Message: Automatic video embedding prevented by plugin options. --><\/p>\n<p style=\"text-align: justify\">Abril 19 de 2018. Resuelve TEEGRO como improcedente conocer los juicios electorales interpuestos por V\u00edctor Manuel Ramos Garc\u00eda y Norma Guatemala Mayo en contra de la Comisi\u00f3n Nacional de MORENA, porque acudieron directamente a interponer su recurso al Tribunal Electoral sin agotar la primera instancia que es su partido.<\/p>\n<figure id=\"attachment_6534\" aria-describedby=\"caption-attachment-6534\" style=\"width: 500px\" class=\"wp-caption aligncenter\"><a href=\"http:\/\/teegro.gob.mx\/inicio\/wp-content\/uploads\/2018\/04\/IMG_1652-b-ww.jpg\"><img fetchpriority=\"high\" decoding=\"async\" class=\"wp-image-6534\" src=\"http:\/\/teegro.gob.mx\/inicio\/wp-content\/uploads\/2018\/04\/IMG_1652-b-ww.jpg\" alt=\"Reencausa TEEGRO dos juicios electorales contra MORENA de quejosos que buscan controvertir los actos del proceso de selecci\u00f3n de candidatos de representaci\u00f3n proporcional.\" width=\"500\" height=\"281\" srcset=\"https:\/\/teegro.gob.mx\/sitio2025\/wp-content\/uploads\/2018\/04\/IMG_1652-b-ww.jpg 900w, https:\/\/teegro.gob.mx\/sitio2025\/wp-content\/uploads\/2018\/04\/IMG_1652-b-ww-300x169.jpg 300w, https:\/\/teegro.gob.mx\/sitio2025\/wp-content\/uploads\/2018\/04\/IMG_1652-b-ww-768x432.jpg 768w\" sizes=\"(max-width: 500px) 100vw, 500px\" \/><\/a><figcaption id=\"caption-attachment-6534\" class=\"wp-caption-text\">Reencausa TEEGRO dos juicios electorales contra MORENA de quejosos que buscan controvertir los actos del proceso de selecci\u00f3n de candidatos de representaci\u00f3n proporcional.<\/figcaption><\/figure>\n<p style=\"text-align: justify\">Los quejosos en sus juicios TEE\/JEC\/035\/2018 y TEE\/JEC\/036\/2018, buscan controvertir en MORENA diversos actos relacionados con el proceso interno de selecci\u00f3n de candidatos a diputados locales por el principio de representaci\u00f3n proporcional del estado de Guerrero, para el proceso electoral 2017-2018.<\/p>\n<p style=\"text-align: justify\">En la sentencia se aprob\u00f3 como improcedente el juicio presentado v\u00eda \u201cper saltum\u201d en contra de la Comisi\u00f3n Nacional de Honestidad y Justicia (CNHJ) del Partido Movimiento Regeneraci\u00f3n Nacional, y se orden\u00f3 reencausar el juicio y reenviarlo a la CNHJ del mismo partido para que de cabal respuesta a la queja de Ramos Garc\u00eda y Guatemala Mayo.<\/p>\n<p style=\"text-align: justify\">Asimismo, se le orden\u00f3 que una vez resuelta la petici\u00f3n de los actores, dicha CNHJ deber\u00e1 informar al Tribunal Electoral lo concerniente al cumplimiento de la resoluci\u00f3n en las siguientes 24 horas.<\/p>\n<p style=\"text-align: justify\">En esta sesi\u00f3n se aprob\u00f3 tambi\u00e9n el acuerdo plenario del juicio electoral 116 de 2015, interpuesto por Pascual Gonz\u00e1lez Guti\u00e9rrez, Daniel Margarito Abundes, Alejandra Salvador Hidalgo, Celia Mateo Tapia, Aristeo Ger\u00f3nimo Ortega, Pascual Mateo Cruz y Porfiria Victoriano Ju\u00e1rez en contra del ayuntamiento municipal constitucional de Atlixtac.<\/p>\n<figure id=\"attachment_6535\" aria-describedby=\"caption-attachment-6535\" style=\"width: 500px\" class=\"wp-caption aligncenter\"><a href=\"http:\/\/teegro.gob.mx\/inicio\/wp-content\/uploads\/2018\/04\/IMG_1649-ww.jpg\"><img decoding=\"async\" class=\"wp-image-6535\" src=\"http:\/\/teegro.gob.mx\/inicio\/wp-content\/uploads\/2018\/04\/IMG_1649-ww.jpg\" alt=\"En vig\u00e9sima octava sesi\u00f3n de resoluci\u00f3n. 19-abr-18\" width=\"500\" height=\"281\" srcset=\"https:\/\/teegro.gob.mx\/sitio2025\/wp-content\/uploads\/2018\/04\/IMG_1649-ww.jpg 900w, https:\/\/teegro.gob.mx\/sitio2025\/wp-content\/uploads\/2018\/04\/IMG_1649-ww-300x169.jpg 300w, https:\/\/teegro.gob.mx\/sitio2025\/wp-content\/uploads\/2018\/04\/IMG_1649-ww-768x432.jpg 768w\" sizes=\"(max-width: 500px) 100vw, 500px\" \/><\/a><figcaption id=\"caption-attachment-6535\" class=\"wp-caption-text\">En vig\u00e9sima octava sesi\u00f3n de resoluci\u00f3n, se aprueba el acuerdo plenario del juicio electoral 116 de 2015 sobre Ayuntamiento de Atlixtac.<\/figcaption><\/figure>\n<p style=\"text-align: justify\">En el acuerdo plenario se aprueba que el Ayuntamiento de Atlixtac, recoja el monto de los pagos emitidos a favor del demandante fallecido Pascual Mateo Cruz.<\/p>\n<p style=\"text-align: justify\">Asimismo, se orden\u00f3 a la autoridad responsable en el resguardo de los pagos, hacer la devoluci\u00f3n de los documentos expedidos al ayuntamiento citado, para que el \u00f3rgano jurisdiccional lo tenga bajo resguardo y en su momento lo entregue a quien acredite tener capacidad de representaci\u00f3n del finado Pascual Mateo Cruz.<\/p>\n<p style=\"text-align: justify\">La propuesta de sentencia presentada por el magistrado ponente Emiliano Lozano Cruz y el proyecto de acuerdo plenario del magistrado Ren\u00e9 Patr\u00f3n Mu\u00f1\u00f3z, fueron aprobados por unanimidad de votos, con la participaci\u00f3n de los magistrados Ram\u00f3n Ramos Piedra, de la primera ponencia, J. In\u00e9s Betancourt Salgado de la segunda ponencia e Hilda Rosa Delgado Brito de la cuarta ponencia.<\/p>\n<p style=\"text-align: justify\">o -O- o<\/p>\n","protected":false},"excerpt":{"rendered":"<p>Abril 19 de 2018. Resuelve TEEGRO como improcedente conocer los juicios electorales interpuestos por V\u00edctor Manuel Ramos Garc\u00eda y Norma Guatemala Mayo en contra de la Comisi\u00f3n Nacional de MORENA, porque acudieron directamente a interponer su recurso al Tribunal Electoral sin agotar la primera instancia que es su partido. Los quejosos en sus juicios TEE\/JEC\/035\/2018 [&hellip;]<\/p>\n","protected":false},"author":1,"featured_media":6535,"comment_status":"closed","ping_status":"closed","sticky":false,"template":"","format":"standard","meta":{"_acf_changed":false,"footnotes":""},"categories":[48],"tags":[63,60,49,64,52,53],"class_list":["post-6533","post","type-post","status-publish","format-standard","has-post-thumbnail","hentry","category-comunicacion-social","tag-ayuntamiento-de-atlixtac","tag-emiliano-lozano-cruz","tag-morena","tag-rene-patron-munoz","tag-resuelve-teegro","tag-sesion-teegro"],"acf":[],"_links":{"self":[{"href":"https:\/\/teegro.gob.mx\/sitio2025\/wp-json\/wp\/v2\/posts\/6533","targetHints":{"allow":["GET"]}}],"collection":[{"href":"https:\/\/teegro.gob.mx\/sitio2025\/wp-json\/wp\/v2\/posts"}],"about":[{"href":"https:\/\/teegro.gob.mx\/sitio2025\/wp-json\/wp\/v2\/types\/post"}],"author":[{"embeddable":true,"href":"https:\/\/teegro.gob.mx\/sitio2025\/wp-json\/wp\/v2\/users\/1"}],"replies":[{"embeddable":true,"href":"https:\/\/teegro.gob.mx\/sitio2025\/wp-json\/wp\/v2\/comments?post=6533"}],"version-history":[{"count":2,"href":"https:\/\/teegro.gob.mx\/sitio2025\/wp-json\/wp\/v2\/posts\/6533\/revisions"}],"predecessor-version":[{"id":6574,"href":"https:\/\/teegro.gob.mx\/sitio2025\/wp-json\/wp\/v2\/posts\/6533\/revisions\/6574"}],"wp:featuredmedia":[{"embeddable":true,"href":"https:\/\/teegro.gob.mx\/sitio2025\/wp-json\/wp\/v2\/media\/6535"}],"wp:attachment":[{"href":"https:\/\/teegro.gob.mx\/sitio2025\/wp-json\/wp\/v2\/media?parent=6533"}],"wp:term":[{"taxonomy":"category","embeddable":true,"href":"https:\/\/teegro.gob.mx\/sitio2025\/wp-json\/wp\/v2\/categories?post=6533"},{"taxonomy":"post_tag","embeddable":true,"href":"https:\/\/teegro.gob.mx\/sitio2025\/wp-json\/wp\/v2\/tags?post=6533"}],"curies":[{"name":"wp","href":"https:\/\/api.w.org\/{rel}","templated":true}]}}