{"id":6581,"date":"2018-04-16T19:00:27","date_gmt":"2018-04-17T00:00:27","guid":{"rendered":"http:\/\/teegro.gob.mx\/inicio\/?p=6581"},"modified":"2018-04-23T16:05:54","modified_gmt":"2018-04-23T21:05:54","slug":"ordena-teegro-a-comision-nacional-del-prd-dar-respuesta-a-zulma-janeth-respecto-a-la-seleccion-del-candidato-a-presidente-municipal-de-iguala","status":"publish","type":"post","link":"https:\/\/teegro.gob.mx\/sitio2025\/ordena-teegro-a-comision-nacional-del-prd-dar-respuesta-a-zulma-janeth-respecto-a-la-seleccion-del-candidato-a-presidente-municipal-de-iguala\/","title":{"rendered":"Ordena TEEGRO a comisi\u00f3n nacional del PRD, dar respuesta a Zulma Janeth, respecto a la selecci\u00f3n del candidato a presidente municipal de Iguala"},"content":{"rendered":"<p><!-- VideographyWP Plugin Message: Automatic video embedding prevented by plugin options. --><br \/>\nEl IEPC tambi\u00e9n debe dar contestaci\u00f3n a la consulta que piden regidores de Ometepec y Eduardo Neri, sobre la interpretaci\u00f3n de la ley para separase del cargo, tras sus aspiraciones a reelegirse como regidores.<\/p>\n<figure id=\"attachment_6582\" aria-describedby=\"caption-attachment-6582\" style=\"width: 500px\" class=\"wp-caption aligncenter\"><a href=\"http:\/\/teegro.gob.mx\/inicio\/wp-content\/uploads\/2018\/04\/IMG_1613-www.jpg\"><img fetchpriority=\"high\" decoding=\"async\" class=\"wp-image-6582\" src=\"http:\/\/teegro.gob.mx\/inicio\/wp-content\/uploads\/2018\/04\/IMG_1613-www.jpg\" alt=\"Ordena TEEGRO a comisi\u00f3n nacional del PRD, dar respuesta a Zulma Janeth, respecto a la selecci\u00f3n del candidato a presidente municipal de Iguala\" width=\"500\" height=\"281\" srcset=\"https:\/\/teegro.gob.mx\/sitio2025\/wp-content\/uploads\/2018\/04\/IMG_1613-www.jpg 900w, https:\/\/teegro.gob.mx\/sitio2025\/wp-content\/uploads\/2018\/04\/IMG_1613-www-300x169.jpg 300w, https:\/\/teegro.gob.mx\/sitio2025\/wp-content\/uploads\/2018\/04\/IMG_1613-www-768x432.jpg 768w\" sizes=\"(max-width: 500px) 100vw, 500px\" \/><\/a><figcaption id=\"caption-attachment-6582\" class=\"wp-caption-text\">Ordena TEEGRO a comisi\u00f3n nacional del PRD, dar respuesta a Zulma Janeth, respecto a la selecci\u00f3n del candidato a presidente municipal de Iguala<\/figcaption><\/figure>\n<p>Abril 16 de 2018. Desecha el Tribunal Electoral en el Juicio Electoral TEE\/JEC\/033\/2018 interpuesto por Zulma Janeth Carvajal Salgado, espec\u00edficamente el agravio referente al acuerdo del IEPC en el que dicha autoridad acepta el registro de la candidatura a presidente municipal de Iguala, de Oscar D\u00edaz Bello, toda vez que el \u00f3rgano electoral no ha emitido alg\u00fan acuerdo al respecto y la recurrente no aport\u00f3 medios probatorios.<\/p>\n<p>En el juicio Carvajal Salgado, se\u00f1ala que le causa agravio que el PRD no le notificara sobre la postulaci\u00f3n, elecci\u00f3n y registro de la candidatura para presidente municipal de Iguala de Oscar D\u00edaz Bello por la coalici\u00f3n \u201cPor Guerrero al frente\u201d. Entre otros agravios tambi\u00e9n refiere la violaci\u00f3n al art\u00edculo 7 de los lineamientos de paridad de g\u00e9nero y el que en los \u00faltimos 3 a\u00f1os en Iguala las candidaturas hayan reca\u00eddo en el genero masculino, as\u00ed como el hecho de que Oscar D\u00edaz haya sido postulado 3 veces como precandidato.<\/p>\n<p>A propuesta de Ram\u00f3n Ramos Piedra, magistrado de la primera ponencia, el Tribunal determin\u00f3 el reencauzamiento de juicio electoral a recurso de queja electoral previsto el reglamento general de elecciones y consultas del PRD, para que la Comisi\u00f3n Nacional Jurisdiccional del mismo, resuelva a Zulma Janeth lo procedente en relaci\u00f3n a la selecci\u00f3n del candidato municipal de Iguala de la Independencia.<\/p>\n<figure id=\"attachment_6583\" aria-describedby=\"caption-attachment-6583\" style=\"width: 500px\" class=\"wp-caption aligncenter\"><a href=\"http:\/\/teegro.gob.mx\/inicio\/wp-content\/uploads\/2018\/04\/IMG_1618-www.jpg\"><img decoding=\"async\" class=\"wp-image-6583\" src=\"http:\/\/teegro.gob.mx\/inicio\/wp-content\/uploads\/2018\/04\/IMG_1618-www.jpg\" alt=\"El IEPC debe dar contestaci\u00f3n a la consulta que piden regidores de Ometepec y Eduardo Neri, sobre la interpretaci\u00f3n de la ley para separase del cargo, tras sus aspiraciones a reelegirse como regidores.\" width=\"500\" height=\"281\" srcset=\"https:\/\/teegro.gob.mx\/sitio2025\/wp-content\/uploads\/2018\/04\/IMG_1618-www.jpg 900w, https:\/\/teegro.gob.mx\/sitio2025\/wp-content\/uploads\/2018\/04\/IMG_1618-www-300x169.jpg 300w, https:\/\/teegro.gob.mx\/sitio2025\/wp-content\/uploads\/2018\/04\/IMG_1618-www-768x432.jpg 768w\" sizes=\"(max-width: 500px) 100vw, 500px\" \/><\/a><figcaption id=\"caption-attachment-6583\" class=\"wp-caption-text\">El IEPC debe dar contestaci\u00f3n a la consulta que piden regidores de Ometepec y Eduardo Neri, sobre la interpretaci\u00f3n de la ley para separase del cargo, tras sus aspiraciones a reelegirse como regidores.<\/figcaption><\/figure>\n<p>Tambi\u00e9n se resolvi\u00f3 fundado, el juicio electoral 034 de 2017, interpuesto en contra del IEPC, por los regidores Luis Enrique Pachuca Carmona del ayuntamiento de Ometepec y Yanett Teodula Cer\u00f3n Leyva del ayuntamiento de Eduardo Neri, en el que reclaman falta de respuesta a la consulta hecha al IEPC sobre la procedencia e improcedencia de separarse del cargo de regidores, toda vez que pretenden reelegirse al mismo cargo.<\/p>\n<p>Al respecto, el TEEGRO consider\u00f3 que se vulneraron los derechos constitucionales de los regidores, tras la omisi\u00f3n del IEPC de darles certeza en la interpretaci\u00f3n de la ley, es decir, que la omisi\u00f3n de respuesta les impide el conocimiento cierto de ciertos actos, lo que podr\u00eda alimentar la cadena impugnativa.<\/p>\n","protected":false},"excerpt":{"rendered":"<p>El IEPC tambi\u00e9n debe dar contestaci\u00f3n a la consulta que piden regidores de Ometepec y Eduardo Neri, sobre la interpretaci\u00f3n de la ley para separase del cargo, tras sus aspiraciones a reelegirse como regidores. Abril 16 de 2018. Desecha el Tribunal Electoral en el Juicio Electoral TEE\/JEC\/033\/2018 interpuesto por Zulma Janeth Carvajal Salgado, espec\u00edficamente el [&hellip;]<\/p>\n","protected":false},"author":1,"featured_media":6582,"comment_status":"open","ping_status":"open","sticky":false,"template":"","format":"standard","meta":{"_acf_changed":false,"footnotes":""},"categories":[48],"tags":[84,83,70,65,81],"class_list":["post-6581","post","type-post","status-publish","format-standard","has-post-thumbnail","hentry","category-comunicacion-social","tag-eduardo-neri","tag-ometepec","tag-por-guerrero-al-frente","tag-ramon-ramos-piedra","tag-teegro"],"acf":[],"_links":{"self":[{"href":"https:\/\/teegro.gob.mx\/sitio2025\/wp-json\/wp\/v2\/posts\/6581","targetHints":{"allow":["GET"]}}],"collection":[{"href":"https:\/\/teegro.gob.mx\/sitio2025\/wp-json\/wp\/v2\/posts"}],"about":[{"href":"https:\/\/teegro.gob.mx\/sitio2025\/wp-json\/wp\/v2\/types\/post"}],"author":[{"embeddable":true,"href":"https:\/\/teegro.gob.mx\/sitio2025\/wp-json\/wp\/v2\/users\/1"}],"replies":[{"embeddable":true,"href":"https:\/\/teegro.gob.mx\/sitio2025\/wp-json\/wp\/v2\/comments?post=6581"}],"version-history":[{"count":1,"href":"https:\/\/teegro.gob.mx\/sitio2025\/wp-json\/wp\/v2\/posts\/6581\/revisions"}],"predecessor-version":[{"id":6584,"href":"https:\/\/teegro.gob.mx\/sitio2025\/wp-json\/wp\/v2\/posts\/6581\/revisions\/6584"}],"wp:featuredmedia":[{"embeddable":true,"href":"https:\/\/teegro.gob.mx\/sitio2025\/wp-json\/wp\/v2\/media\/6582"}],"wp:attachment":[{"href":"https:\/\/teegro.gob.mx\/sitio2025\/wp-json\/wp\/v2\/media?parent=6581"}],"wp:term":[{"taxonomy":"category","embeddable":true,"href":"https:\/\/teegro.gob.mx\/sitio2025\/wp-json\/wp\/v2\/categories?post=6581"},{"taxonomy":"post_tag","embeddable":true,"href":"https:\/\/teegro.gob.mx\/sitio2025\/wp-json\/wp\/v2\/tags?post=6581"}],"curies":[{"name":"wp","href":"https:\/\/api.w.org\/{rel}","templated":true}]}}