{"id":6586,"date":"2018-01-25T19:00:27","date_gmt":"2018-01-26T01:00:27","guid":{"rendered":"http:\/\/teegro.gob.mx\/inicio\/?p=6586"},"modified":"2018-04-24T14:34:44","modified_gmt":"2018-04-24T19:34:44","slug":"confirma-tribunal-electoral-negativa-de-registro-al-aspirante-a-candidato-independiente-en-el-distrito-27","status":"publish","type":"post","link":"https:\/\/teegro.gob.mx\/sitio2025\/confirma-tribunal-electoral-negativa-de-registro-al-aspirante-a-candidato-independiente-en-el-distrito-27\/","title":{"rendered":"Confirma Tribunal Electoral negativa de registro al aspirante a candidato independiente en el distrito 27, al no subsanar documentos faltantes para su registro."},"content":{"rendered":"<p><!-- VideographyWP Plugin Message: Automatic video embedding prevented by plugin options. --><br \/>\n<figure id=\"attachment_6587\" aria-describedby=\"caption-attachment-6587\" style=\"width: 500px\" class=\"wp-caption aligncenter\"><a href=\"http:\/\/teegro.gob.mx\/inicio\/wp-content\/uploads\/2018\/04\/IMG_0912-ww.jpg\"><img fetchpriority=\"high\" decoding=\"async\" class=\"wp-image-6587\" src=\"http:\/\/teegro.gob.mx\/inicio\/wp-content\/uploads\/2018\/04\/IMG_0912-ww.jpg\" alt=\"Tras la respuesta del IEPC a la Asociaci\u00f3n civil \u201cMovimiento popular por Tlapa\u201d que reclama omisi\u00f3n de la misma: Tribunal sobresee Juicio Electoral\" width=\"500\" height=\"281\" srcset=\"https:\/\/teegro.gob.mx\/sitio2025\/wp-content\/uploads\/2018\/04\/IMG_0912-ww.jpg 640w, https:\/\/teegro.gob.mx\/sitio2025\/wp-content\/uploads\/2018\/04\/IMG_0912-ww-300x169.jpg 300w\" sizes=\"(max-width: 500px) 100vw, 500px\" \/><\/a><figcaption id=\"caption-attachment-6587\" class=\"wp-caption-text\">Tras la respuesta del IEPC a la Asociaci\u00f3n civil \u201cMovimiento popular por Tlapa\u201d que reclama omisi\u00f3n de la misma: Tribunal sobresee Juicio Electoral.<\/figcaption><\/figure>\n<p style=\"text-align: justify\">Durante su Tercera Sesi\u00f3n P\u00fablica de Resoluci\u00f3n, de fecha 25 de enero de 2018, el Pleno del Tribunal Electoral del Estado de Guerrero, resolvi\u00f3 dos medios de impugnaci\u00f3n y aprob\u00f3 el mismo n\u00famero de acuerdos plenarios.<\/p>\n<p style=\"text-align: justify\">Este jueves, la Ponencia II, del Magistrado J. In\u00e9s Betancourt Salgado, present\u00f3 ante el pleno la sentencia del Juicio Electoral Ciudadano (JEC) con el n\u00famero de expediente TEE\/JEC\/005\/2018, interpuesto el pasado 13 de enero de 2018, por Hossein Nabor Guillen, en contra del Consejo General del Instituto Electoral y de Participaci\u00f3n Ciudadana (IEPC) del Estado de Guerrero.<\/p>\n<p style=\"text-align: justify\">Nabor Guillen, reclama que el Consejo General del IEPC omiti\u00f3 dar respuesta a su escrito de consulta ingresado ante dicho \u00f3rgano electoral el 12 enero de 2018, en el cual se solicit\u00f3 informaci\u00f3n sobre la separaci\u00f3n del cargo de servidores p\u00fablicos de elecci\u00f3n popular que desean participar en procesos de elecci\u00f3n consecutiva.<\/p>\n<p style=\"text-align: justify\">Al respecto, el Consejo General del TEEGRO resolvi\u00f3 por mayor\u00eda de votos el sobreseimiento del JEC, puesto que, durante las diligencias, al requerir a la autoridad responsable un informe al respecto, esta comunic\u00f3 que mediante acuerdo de fecha 24 de enero se dio cumplimiento a dicha consulta.<\/p>\n<figure id=\"attachment_6588\" aria-describedby=\"caption-attachment-6588\" style=\"width: 500px\" class=\"wp-caption aligncenter\"><a href=\"http:\/\/teegro.gob.mx\/inicio\/wp-content\/uploads\/2018\/04\/IMG_0914-www.jpg\"><img decoding=\"async\" class=\"wp-image-6588\" src=\"http:\/\/teegro.gob.mx\/inicio\/wp-content\/uploads\/2018\/04\/IMG_0914-www.jpg\" alt=\"Confirma Tribunal Electoral negativa de registro al aspirante a candidato independiente en el distrito 27.\" width=\"500\" height=\"281\" srcset=\"https:\/\/teegro.gob.mx\/sitio2025\/wp-content\/uploads\/2018\/04\/IMG_0914-www.jpg 2046w, https:\/\/teegro.gob.mx\/sitio2025\/wp-content\/uploads\/2018\/04\/IMG_0914-www-300x169.jpg 300w, https:\/\/teegro.gob.mx\/sitio2025\/wp-content\/uploads\/2018\/04\/IMG_0914-www-768x432.jpg 768w, https:\/\/teegro.gob.mx\/sitio2025\/wp-content\/uploads\/2018\/04\/IMG_0914-www-1024x576.jpg 1024w\" sizes=\"(max-width: 500px) 100vw, 500px\" \/><\/a><figcaption id=\"caption-attachment-6588\" class=\"wp-caption-text\">Confirma Tribunal Electoral negativa de registro al aspirante a candidato independiente en el distrito 27.<\/figcaption><\/figure>\n<p style=\"text-align: justify\">Por su parte, el magistrado Emiliano Lozano Cruz, de la Ponencia III, puso a consideraci\u00f3n del pleno la resoluci\u00f3n del Juicio Electoral Ciudadano registrado con el n\u00famero TEE\/JEC\/006\/2018, promovido por Arnulfo Cer\u00f3n Soriano, presidente de la asociaci\u00f3n civil \u201cMovimiento popular por Tlapa\u201d del estado de Guerrero, en contra del Consejo Distrital Electoral 27 del IEPC, con cabecera en Tlapa de Comonfort.<\/p>\n<p style=\"text-align: justify\">En dicho juicio, el ciudadano Arnulfo Cer\u00f3n reclama \u201cLa negativa de otorgarnos el registro o constancia de aspirante para participar como candidato independiente, al cargo de Presidente Municipal y cargos del H. Ayuntamiento de Tlapa de Comonfort, Guerrero, en las elecciones del uno de julio del a\u00f1o dos mil dieciocho\u201d. Toda vez que el Consejero Presidente del CDE 27, Cuauht\u00e9moc Dolores Flores le notific\u00f3 mediante oficio 073, la negativa del registro al no haber presentado en su totalidad la documentaci\u00f3n que le fue requerida.<\/p>\n<p style=\"text-align: justify\">Al respecto, el Pleno del TEEGRO, resolvi\u00f3 por unanimidad de votos, confirmar el oficio 073 emitido por el CDE 27, con la negativa del registro como aspirante a candidato independiente y ratific\u00f3 la negativa del CDE de otorgarle al promovente la ampliaci\u00f3n de prorroga solicitada.<\/p>\n<p style=\"text-align: justify\">Toda vez que a Cer\u00f3n Soriano se le otorg\u00f3 un plazo de 48 horas para subsanar los documentos faltantes para el registro solicitado en t\u00e9rminos de la Ley n\u00famero 483 de Instituciones y Procedimientos Electorales del estado de Guerrero y no present\u00f3 la documentaci\u00f3n faltante, \u201csin que se tradujera en una nueva oportunidad para iniciar los tr\u00e1mites para cumplir con los requisitos respectivos\u201d culmin\u00f3 durante su proyecto de resoluci\u00f3n el Magistrado Emiliano Lozano.<\/p>\n<p style=\"text-align: justify\">En la misma sesi\u00f3n aprobaron los acuerdos plenarios de cumplimiento de sentencia dictados dentro del expediente TEE\/JEC\/038\/2017 y TEE\/JEC\/039\/2017 ACUMULADOS interpuesto por Erasmo Salvador Carrillo en contra del Consejo General y Consejo Distrital 26 del IEPC; as\u00ed como el juicio electoral TEE\/JEC\/036\/2017, TEE\/JEC\/037\/2017, TEE\/JEC\/001\/2018, TEE\/JEC\/002\/2018 Y TEE\/JEC\/003\/2018 ACUMULADOS\u00a0 del actor Israel Robles Castro y Jorge Mart\u00ednez Carbajal en contra del Consejo General y Consejos Distritales 01 y 15 del IEPC, ambos de la Ponencia V a cargo del Magistrado Ren\u00e9 Patr\u00f3n Mu\u00f1oz.<\/p>\n<p style=\"text-align: justify\">Dicha sesi\u00f3n p\u00fablica, se llev\u00f3 a cabo en la sala de plenos, ubicada al interior del edificio del Tribunal Electoral del Estado de Guerrero, situado en Boulevard Ren\u00e9 Ju\u00e1rez Cisneros n\u00famero 21 oriente, colonia Ciudad de los Servicios, en la Capital del Estado de Guerrero.<\/p>\n","protected":false},"excerpt":{"rendered":"<p>Durante su Tercera Sesi\u00f3n P\u00fablica de Resoluci\u00f3n, de fecha 25 de enero de 2018, el Pleno del Tribunal Electoral del Estado de Guerrero, resolvi\u00f3 dos medios de impugnaci\u00f3n y aprob\u00f3 el mismo n\u00famero de acuerdos plenarios. Este jueves, la Ponencia II, del Magistrado J. In\u00e9s Betancourt Salgado, present\u00f3 ante el pleno la sentencia del Juicio [&hellip;]<\/p>\n","protected":false},"author":1,"featured_media":6587,"comment_status":"open","ping_status":"open","sticky":false,"template":"","format":"standard","meta":{"_acf_changed":false,"footnotes":""},"categories":[48],"tags":[87,88,60,67,52,53,86,85],"class_list":["post-6586","post","type-post","status-publish","format-standard","has-post-thumbnail","hentry","category-comunicacion-social","tag-consejo-distrital-15","tag-consejo-distrital-27","tag-emiliano-lozano-cruz","tag-j-ines-betancourt-salgado","tag-resuelve-teegro","tag-sesion-teegro","tag-tlapa-de-comonfort","tag-tribunal-electoral-del-estado-de-guerrero"],"acf":[],"_links":{"self":[{"href":"https:\/\/teegro.gob.mx\/sitio2025\/wp-json\/wp\/v2\/posts\/6586","targetHints":{"allow":["GET"]}}],"collection":[{"href":"https:\/\/teegro.gob.mx\/sitio2025\/wp-json\/wp\/v2\/posts"}],"about":[{"href":"https:\/\/teegro.gob.mx\/sitio2025\/wp-json\/wp\/v2\/types\/post"}],"author":[{"embeddable":true,"href":"https:\/\/teegro.gob.mx\/sitio2025\/wp-json\/wp\/v2\/users\/1"}],"replies":[{"embeddable":true,"href":"https:\/\/teegro.gob.mx\/sitio2025\/wp-json\/wp\/v2\/comments?post=6586"}],"version-history":[{"count":2,"href":"https:\/\/teegro.gob.mx\/sitio2025\/wp-json\/wp\/v2\/posts\/6586\/revisions"}],"predecessor-version":[{"id":6590,"href":"https:\/\/teegro.gob.mx\/sitio2025\/wp-json\/wp\/v2\/posts\/6586\/revisions\/6590"}],"wp:featuredmedia":[{"embeddable":true,"href":"https:\/\/teegro.gob.mx\/sitio2025\/wp-json\/wp\/v2\/media\/6587"}],"wp:attachment":[{"href":"https:\/\/teegro.gob.mx\/sitio2025\/wp-json\/wp\/v2\/media?parent=6586"}],"wp:term":[{"taxonomy":"category","embeddable":true,"href":"https:\/\/teegro.gob.mx\/sitio2025\/wp-json\/wp\/v2\/categories?post=6586"},{"taxonomy":"post_tag","embeddable":true,"href":"https:\/\/teegro.gob.mx\/sitio2025\/wp-json\/wp\/v2\/tags?post=6586"}],"curies":[{"name":"wp","href":"https:\/\/api.w.org\/{rel}","templated":true}]}}