{"id":6596,"date":"2018-04-27T19:00:46","date_gmt":"2018-04-28T00:00:46","guid":{"rendered":"http:\/\/teegro.gob.mx\/inicio\/?p=6596"},"modified":"2018-05-07T12:43:57","modified_gmt":"2018-05-07T17:43:57","slug":"en-conferencia-de-prensa-piden-a-tribunales-aplicacion-de-justicia-con-perspectiva-de-genero-para-mejorar-el-acceso-de-la-justicia-a-las-mujeres","status":"publish","type":"post","link":"https:\/\/teegro.gob.mx\/sitio2025\/en-conferencia-de-prensa-piden-a-tribunales-aplicacion-de-justicia-con-perspectiva-de-genero-para-mejorar-el-acceso-de-la-justicia-a-las-mujeres\/","title":{"rendered":"En conferencia de prensa piden a tribunales aplicaci\u00f3n de justicia con perspectiva de g\u00e9nero, para mejorar el acceso de la justicia a las mujeres."},"content":{"rendered":"<p><!-- VideographyWP Plugin Message: Automatic video embedding prevented by plugin options. --><br \/>\n<figure id=\"attachment_6600\" aria-describedby=\"caption-attachment-6600\" style=\"width: 500px\" class=\"wp-caption aligncenter\"><a href=\"http:\/\/teegro.gob.mx\/inicio\/wp-content\/uploads\/2018\/04\/conferencia-tribunales-5-www-1.jpg\"><img fetchpriority=\"high\" decoding=\"async\" class=\"wp-image-6600\" src=\"http:\/\/teegro.gob.mx\/inicio\/wp-content\/uploads\/2018\/04\/conferencia-tribunales-5-www-1.jpg\" alt=\"El objetivo de la conferencia fue dar a conocer el funcionamiento del Centro de Justicia para las mujeres que depende de la Fiscal\u00eda General del Estado e informar sobres sus programas, tareas y actividades.\" width=\"500\" height=\"281\" srcset=\"https:\/\/teegro.gob.mx\/sitio2025\/wp-content\/uploads\/2018\/04\/conferencia-tribunales-5-www-1.jpg 797w, https:\/\/teegro.gob.mx\/sitio2025\/wp-content\/uploads\/2018\/04\/conferencia-tribunales-5-www-1-300x169.jpg 300w, https:\/\/teegro.gob.mx\/sitio2025\/wp-content\/uploads\/2018\/04\/conferencia-tribunales-5-www-1-768x432.jpg 768w\" sizes=\"(max-width: 500px) 100vw, 500px\" \/><\/a><figcaption id=\"caption-attachment-6600\" class=\"wp-caption-text\">El objetivo, dar a conocer el funcionamiento del Centro de Justicia para las mujeres que depende de la Fiscal\u00eda General del Estado.<\/figcaption><\/figure>\n<p style=\"text-align: justify\">Abril 27 de 2018. Participa Tribunal Electoral en coordinaci\u00f3n con el Tribunal Superior de Justicia, Tribunal de Justicia Administrativa y Tribunal de Conciliaci\u00f3n y Arbitraje, todos ellos del estado de Guerrero en conferencia denominada \u201cPrograma de acceso a la justicia para las mujeres\u201d.<\/p>\n<p style=\"text-align: justify\">El objetivo de la conferencia fue dar a conocer el funcionamiento del Centro de Justicia para las mujeres que depende de la Fiscal\u00eda General del Estado e informar sobres sus programas, tareas y actividades.<\/p>\n<p style=\"text-align: justify\">Asimismo, se persuadi\u00f3 a los tribunales participantes a que cada uno desde su \u00e1mbito de competencia aplique la justicia con perspectiva de g\u00e9nero, ya sea dom\u00e9stica, penal, electoral, administrativa o laboral, desde luego respetando y procurando las leyes que en la actualidad se han creado a favor de la igualdad de las mujeres.<\/p>\n<p style=\"text-align: justify\">La conferencia fue disertada por la maestra Dalia Luz Carbajal Plancarte, coordinadora general del Centro de justicia para las mujeres, de la Fiscal\u00eda General del Estado de Guerrero. Se llev\u00f3 a cabo este viernes 27 de abril en el auditorio Jos\u00e9 Francisco Ruiz Massieu, ubicado en las instalaciones del Tribunal de Justicia Administrativa del Estado de Guerrero.<\/p>\n<figure id=\"attachment_6599\" aria-describedby=\"caption-attachment-6599\" style=\"width: 500px\" class=\"wp-caption aligncenter\"><a href=\"http:\/\/teegro.gob.mx\/inicio\/wp-content\/uploads\/2018\/04\/conferencia-tribunales-7-www.jpg\"><img decoding=\"async\" class=\"wp-image-6599\" src=\"http:\/\/teegro.gob.mx\/inicio\/wp-content\/uploads\/2018\/04\/conferencia-tribunales-7-www.jpg\" alt=\"Maestro Francisco Guzm\u00e1n D\u00edaz, Secretario de Acuerdos del Tribunal Electoral del Estado de Guerrero, en representaci\u00f3n del Magdo. presidente Ren\u00e9 Patr\u00f3n Mu\u00f1oz.\" width=\"500\" height=\"375\" srcset=\"https:\/\/teegro.gob.mx\/sitio2025\/wp-content\/uploads\/2018\/04\/conferencia-tribunales-7-www.jpg 900w, https:\/\/teegro.gob.mx\/sitio2025\/wp-content\/uploads\/2018\/04\/conferencia-tribunales-7-www-300x225.jpg 300w, https:\/\/teegro.gob.mx\/sitio2025\/wp-content\/uploads\/2018\/04\/conferencia-tribunales-7-www-768x576.jpg 768w, https:\/\/teegro.gob.mx\/sitio2025\/wp-content\/uploads\/2018\/04\/conferencia-tribunales-7-www-200x150.jpg 200w\" sizes=\"(max-width: 500px) 100vw, 500px\" \/><\/a><figcaption id=\"caption-attachment-6599\" class=\"wp-caption-text\">Maestro Francisco Guzm\u00e1n D\u00edaz, Secretario de Acuerdos del Tribunal Electoral del Estado de Guerrero, en representaci\u00f3n del Magdo. presidente Ren\u00e9 Patr\u00f3n Mu\u00f1oz.<\/figcaption><\/figure>\n<p style=\"text-align: justify\">En representaci\u00f3n del presidente del Tribunal Electoral del Estado de Guerrero, Ren\u00e9 Patr\u00f3n Mu\u00f1oz, asisti\u00f3 a la conferencia \u201cPrograma de acceso a la justicia para las mujeres\u201d el maestro Francisco Guzm\u00e1n D\u00edaz, Secretario de Acuerdos de esta autoridad jurisdiccional Electoral.<\/p>\n<p style=\"text-align: justify\">Al final del evento, se entreg\u00f3 un reconocimiento a la conferencista, Dalia Luz Carbajal Plancarte, coordinadora general del Centro de Justicia para las Mujeres de la Fiscal\u00eda General del Estado de Guerrero, por la acertada conferencia en favor de las mujeres Guerrerenses que sufren alg\u00fan tipo de violencia.<\/p>\n<p style=\"text-align: justify\">\n<p style=\"text-align: center\">o -O- o<\/p>\n","protected":false},"excerpt":{"rendered":"<p>Abril 27 de 2018. Participa Tribunal Electoral en coordinaci\u00f3n con el Tribunal Superior de Justicia, Tribunal de Justicia Administrativa y Tribunal de Conciliaci\u00f3n y Arbitraje, todos ellos del estado de Guerrero en conferencia denominada \u201cPrograma de acceso a la justicia para las mujeres\u201d. El objetivo de la conferencia fue dar a conocer el funcionamiento del [&hellip;]<\/p>\n","protected":false},"author":1,"featured_media":6600,"comment_status":"closed","ping_status":"open","sticky":false,"template":"","format":"standard","meta":{"_acf_changed":false,"footnotes":""},"categories":[48],"tags":[90,89,85],"class_list":["post-6596","post","type-post","status-publish","format-standard","has-post-thumbnail","hentry","category-comunicacion-social","tag-conferencia-teegro","tag-perspectiva-de-genero","tag-tribunal-electoral-del-estado-de-guerrero"],"acf":[],"_links":{"self":[{"href":"https:\/\/teegro.gob.mx\/sitio2025\/wp-json\/wp\/v2\/posts\/6596","targetHints":{"allow":["GET"]}}],"collection":[{"href":"https:\/\/teegro.gob.mx\/sitio2025\/wp-json\/wp\/v2\/posts"}],"about":[{"href":"https:\/\/teegro.gob.mx\/sitio2025\/wp-json\/wp\/v2\/types\/post"}],"author":[{"embeddable":true,"href":"https:\/\/teegro.gob.mx\/sitio2025\/wp-json\/wp\/v2\/users\/1"}],"replies":[{"embeddable":true,"href":"https:\/\/teegro.gob.mx\/sitio2025\/wp-json\/wp\/v2\/comments?post=6596"}],"version-history":[{"count":1,"href":"https:\/\/teegro.gob.mx\/sitio2025\/wp-json\/wp\/v2\/posts\/6596\/revisions"}],"predecessor-version":[{"id":6601,"href":"https:\/\/teegro.gob.mx\/sitio2025\/wp-json\/wp\/v2\/posts\/6596\/revisions\/6601"}],"wp:featuredmedia":[{"embeddable":true,"href":"https:\/\/teegro.gob.mx\/sitio2025\/wp-json\/wp\/v2\/media\/6600"}],"wp:attachment":[{"href":"https:\/\/teegro.gob.mx\/sitio2025\/wp-json\/wp\/v2\/media?parent=6596"}],"wp:term":[{"taxonomy":"category","embeddable":true,"href":"https:\/\/teegro.gob.mx\/sitio2025\/wp-json\/wp\/v2\/categories?post=6596"},{"taxonomy":"post_tag","embeddable":true,"href":"https:\/\/teegro.gob.mx\/sitio2025\/wp-json\/wp\/v2\/tags?post=6596"}],"curies":[{"name":"wp","href":"https:\/\/api.w.org\/{rel}","templated":true}]}}