{"id":6636,"date":"2018-05-02T19:00:35","date_gmt":"2018-05-03T00:00:35","guid":{"rendered":"http:\/\/teegro.gob.mx\/inicio\/?p=6636"},"modified":"2018-05-07T12:43:17","modified_gmt":"2018-05-07T17:43:17","slug":"declara-teegro-infundado-el-juicio-electoral-ciudadano-interpuesto-por-hipolito-arriaga-pote-en-contra-del-presidente-del-iepc-tras-negarle-el-registro-de-candidatos-indigenas-que-haria-valer-a-tra","status":"publish","type":"post","link":"https:\/\/teegro.gob.mx\/sitio2025\/declara-teegro-infundado-el-juicio-electoral-ciudadano-interpuesto-por-hipolito-arriaga-pote-en-contra-del-presidente-del-iepc-tras-negarle-el-registro-de-candidatos-indigenas-que-haria-valer-a-tra\/","title":{"rendered":"Declara TEEGRO infundado el Juicio Electoral Ciudadano interpuesto por Hip\u00f3lito Arriaga Pote, en contra del presidente del IEPC, tras negarle el registro de candidatos ind\u00edgenas, que har\u00eda valer a trav\u00e9s de un oficio"},"content":{"rendered":"<p><!-- VideographyWP Plugin Message: Automatic video embedding prevented by plugin options. --><\/p>\n<p style=\"text-align: justify\">\n<p style=\"text-align: justify\">Mayo 02 de 2018. Este mi\u00e9rcoles el Tribunal Electoral declar\u00f3 infundado el Juicio Electoral Ciudadano interpuesto por Hip\u00f3lito Arriaga Pote, en contra del Consejero Presidente del Instituto Electoral y de Participaci\u00f3n Ciudadana del Estado de Guerrero.<\/p>\n<figure id=\"attachment_6637\" aria-describedby=\"caption-attachment-6637\" style=\"width: 500px\" class=\"wp-caption aligncenter\"><a href=\"http:\/\/teegro.gob.mx\/inicio\/wp-content\/uploads\/2018\/05\/IMG_1731-www.jpg\"><img fetchpriority=\"high\" decoding=\"async\" class=\"wp-image-6637\" src=\"http:\/\/teegro.gob.mx\/inicio\/wp-content\/uploads\/2018\/05\/IMG_1731-www.jpg\" alt=\"Para acceder a cargos de elecci\u00f3n popular, solo podr\u00eda ser a trav\u00e9s de la postulaci\u00f3n de candidaturas propuestas por los partidos pol\u00edticos, por candidaturas independientes o a trav\u00e9s de elecci\u00f3n por usos y costumbres.\" width=\"500\" height=\"281\" srcset=\"https:\/\/teegro.gob.mx\/sitio2025\/wp-content\/uploads\/2018\/05\/IMG_1731-www.jpg 900w, https:\/\/teegro.gob.mx\/sitio2025\/wp-content\/uploads\/2018\/05\/IMG_1731-www-300x169.jpg 300w, https:\/\/teegro.gob.mx\/sitio2025\/wp-content\/uploads\/2018\/05\/IMG_1731-www-768x432.jpg 768w\" sizes=\"(max-width: 500px) 100vw, 500px\" \/><\/a><figcaption id=\"caption-attachment-6637\" class=\"wp-caption-text\">Para acceder a cargos de elecci\u00f3n popular, solo podr\u00eda ser a trav\u00e9s de la postulaci\u00f3n de candidaturas propuestas por los partidos pol\u00edticos, por candidaturas independientes o a trav\u00e9s de elecci\u00f3n por usos y costumbres.<\/figcaption><\/figure>\n<p style=\"text-align: justify\">Hipolito Arriaga Pote, quien en su demanda se ostenta como gobernador nacional ind\u00edgena y representante de las 62 lenguas maternas, pidi\u00f3 al IEPC a trav\u00e9s de un oficio, el registro de candidatos ind\u00edgenas a cargos de elecci\u00f3n popular para diputados federales y locales, as\u00ed como regidores para el Estado de Guerrero, para participar en el proceso electoral concurrente 2017-2018.<\/p>\n<p style=\"text-align: justify\">Al respecto, la ponencia de la magistrada Hilda Rosa Delgado Brito, present\u00f3 al pleno el proyecto de sentencia en la que de acuerdo a un estudio de fondo de su ponencia se declar\u00f3 infundado el juicio, toda vez que, de acuerdo a la ley para acceder a dichos cargos, solo podr\u00eda ser a trav\u00e9s de la postulaci\u00f3n de candidaturas propuestas por los partidos pol\u00edticos, por candidaturas independientes o a trav\u00e9s de elecci\u00f3n por usos y costumbres.<\/p>\n<p style=\"text-align: justify\">Tambi\u00e9n se abord\u00f3 el asunto General 14, derivado de la sentencia del emitida el pasado 26 de abril por la sala regional del TEPJF, con sede en la Ciudad de M\u00e9xico, respecto a la interposici\u00f3n del Juicio de Revisi\u00f3n Constitucional Electoral del Ciudadano, Heriberto Huicochea V\u00e1zquez y Roberto Ju\u00e1rez Adame, en contra de la sentencia del 26 de febrero presentada por el magistrado de la tercera ponencia.<\/p>\n<figure id=\"attachment_6638\" aria-describedby=\"caption-attachment-6638\" style=\"width: 500px\" class=\"wp-caption aligncenter\"><a href=\"http:\/\/teegro.gob.mx\/inicio\/wp-content\/uploads\/2018\/05\/IMG_1728-www.jpg\"><img decoding=\"async\" class=\"wp-image-6638\" src=\"http:\/\/teegro.gob.mx\/inicio\/wp-content\/uploads\/2018\/05\/IMG_1728-www.jpg\" alt=\"31\u00b0 Sesi\u00f3n 02-may-18\" width=\"500\" height=\"281\" srcset=\"https:\/\/teegro.gob.mx\/sitio2025\/wp-content\/uploads\/2018\/05\/IMG_1728-www.jpg 3264w, https:\/\/teegro.gob.mx\/sitio2025\/wp-content\/uploads\/2018\/05\/IMG_1728-www-300x169.jpg 300w, https:\/\/teegro.gob.mx\/sitio2025\/wp-content\/uploads\/2018\/05\/IMG_1728-www-768x432.jpg 768w, https:\/\/teegro.gob.mx\/sitio2025\/wp-content\/uploads\/2018\/05\/IMG_1728-www-1024x576.jpg 1024w\" sizes=\"(max-width: 500px) 100vw, 500px\" \/><\/a><figcaption id=\"caption-attachment-6638\" class=\"wp-caption-text\">Trig\u00e9sima primera sesi\u00f3n p\u00fablica de resoluci\u00f3n<\/figcaption><\/figure>\n<p style=\"text-align: justify\">Al respecto el pleno del tribunal resolvi\u00f3 fundado el agravio presentado por el Comit\u00e9 Directivo del PRI y orden\u00f3 el IEPC que en un plazo de 48 horas restituya la cantidad que por concepto de multa se le retuvo al Partido Revolucionario Institucional.<\/p>\n<p style=\"text-align: justify\">Las sesiones del Tribunal Electoral del Estado de Guerrero son abiertas y p\u00fablicas, se llevan a cabo en la sala de plenos del Tribunal Electoral del Estado de Guerrero.<\/p>\n<p style=\"text-align: center\">o -O- o<\/p>\n","protected":false},"excerpt":{"rendered":"<p>Mayo 02 de 2018. Este mi\u00e9rcoles el Tribunal Electoral declar\u00f3 infundado el Juicio Electoral Ciudadano interpuesto por Hip\u00f3lito Arriaga Pote, en contra del Consejero Presidente del Instituto Electoral y de Participaci\u00f3n Ciudadana del Estado de Guerrero. Hipolito Arriaga Pote, quien en su demanda se ostenta como gobernador nacional ind\u00edgena y representante de las 62 lenguas [&hellip;]<\/p>\n","protected":false},"author":1,"featured_media":6637,"comment_status":"closed","ping_status":"open","sticky":false,"template":"","format":"standard","meta":{"_acf_changed":false,"footnotes":""},"categories":[48],"tags":[51,52,92,53,85],"class_list":["post-6636","post","type-post","status-publish","format-standard","has-post-thumbnail","hentry","category-comunicacion-social","tag-hilda-rosa-delgado-brito","tag-resuelve-teegro","tag-sentencia-teegro","tag-sesion-teegro","tag-tribunal-electoral-del-estado-de-guerrero"],"acf":[],"_links":{"self":[{"href":"https:\/\/teegro.gob.mx\/sitio2025\/wp-json\/wp\/v2\/posts\/6636","targetHints":{"allow":["GET"]}}],"collection":[{"href":"https:\/\/teegro.gob.mx\/sitio2025\/wp-json\/wp\/v2\/posts"}],"about":[{"href":"https:\/\/teegro.gob.mx\/sitio2025\/wp-json\/wp\/v2\/types\/post"}],"author":[{"embeddable":true,"href":"https:\/\/teegro.gob.mx\/sitio2025\/wp-json\/wp\/v2\/users\/1"}],"replies":[{"embeddable":true,"href":"https:\/\/teegro.gob.mx\/sitio2025\/wp-json\/wp\/v2\/comments?post=6636"}],"version-history":[{"count":2,"href":"https:\/\/teegro.gob.mx\/sitio2025\/wp-json\/wp\/v2\/posts\/6636\/revisions"}],"predecessor-version":[{"id":6640,"href":"https:\/\/teegro.gob.mx\/sitio2025\/wp-json\/wp\/v2\/posts\/6636\/revisions\/6640"}],"wp:featuredmedia":[{"embeddable":true,"href":"https:\/\/teegro.gob.mx\/sitio2025\/wp-json\/wp\/v2\/media\/6637"}],"wp:attachment":[{"href":"https:\/\/teegro.gob.mx\/sitio2025\/wp-json\/wp\/v2\/media?parent=6636"}],"wp:term":[{"taxonomy":"category","embeddable":true,"href":"https:\/\/teegro.gob.mx\/sitio2025\/wp-json\/wp\/v2\/categories?post=6636"},{"taxonomy":"post_tag","embeddable":true,"href":"https:\/\/teegro.gob.mx\/sitio2025\/wp-json\/wp\/v2\/tags?post=6636"}],"curies":[{"name":"wp","href":"https:\/\/api.w.org\/{rel}","templated":true}]}}