{"id":6794,"date":"2018-06-07T19:11:47","date_gmt":"2018-06-08T00:11:47","guid":{"rendered":"http:\/\/teegro.gob.mx\/inicio\/?p=6794"},"modified":"2018-06-11T14:28:02","modified_gmt":"2018-06-11T19:28:02","slug":"organiza-tribunal-conferencia-nulidades-de-eleccion-por-rebase-de-topes-de-gastos-de-campana-y-financiamiento-publico-ilicito","status":"publish","type":"post","link":"https:\/\/teegro.gob.mx\/sitio2025\/organiza-tribunal-conferencia-nulidades-de-eleccion-por-rebase-de-topes-de-gastos-de-campana-y-financiamiento-publico-ilicito\/","title":{"rendered":"* ORGANIZA TRIBUNAL CONFERENCIA \u201cNULIDADES DE ELECCI\u00d3N POR REBASE DE TOPES DE GASTOS DE CAMPA\u00d1A Y FINANCIAMIENTO P\u00daBLICO IL\u00cdCITO\u201d."},"content":{"rendered":"<p><!-- VideographyWP Plugin Message: Automatic video embedding prevented by plugin options. --><\/p>\n<p style=\"text-align: justify\">07 de junio de 2018.- Como parte de los trabajos\u00a0de capacitaci\u00f3n y actualizaci\u00f3n tanto del personal del Tribunal Electoral del Estado de Guerrero como de otras instituciones invitadas, este jueves se llev\u00f3 a cabo\u00a0la conferencia denominada \u201cNulidades de Elecci\u00f3n por rebase de topes de gastos de campa\u00f1a y financiamiento il\u00edcito\u201d.<\/p>\n<figure id=\"attachment_6795\" aria-describedby=\"caption-attachment-6795\" style=\"width: 499px\" class=\"wp-caption aligncenter\"><a href=\"http:\/\/teegro.gob.mx\/inicio\/wp-content\/uploads\/2018\/06\/IMG_2444-www.jpg\"><img fetchpriority=\"high\" decoding=\"async\" class=\"wp-image-6795\" src=\"http:\/\/teegro.gob.mx\/inicio\/wp-content\/uploads\/2018\/06\/IMG_2444-www-460x600.jpg\" alt=\"Curso-taller \u201cNulidades de Elecci\u00f3n por rebase de topes de gastos de campa\u00f1a y financiamiento il\u00edcito\u201d.\" width=\"499\" height=\"333\" srcset=\"https:\/\/teegro.gob.mx\/sitio2025\/wp-content\/uploads\/2018\/06\/IMG_2444-www-300x200.jpg 300w, https:\/\/teegro.gob.mx\/sitio2025\/wp-content\/uploads\/2018\/06\/IMG_2444-www-768x512.jpg 768w, https:\/\/teegro.gob.mx\/sitio2025\/wp-content\/uploads\/2018\/06\/IMG_2444-www.jpg 900w\" sizes=\"(max-width: 499px) 100vw, 499px\" \/><\/a><figcaption id=\"caption-attachment-6795\" class=\"wp-caption-text\">Conferencia\u00a0\u201cNulidades de elecci\u00f3n por rebase de topes de gastos de campa\u00f1a y financiamiento il\u00edcito\u201d.<\/figcaption><\/figure>\n<p style=\"text-align: justify\">El curso-taller denominado \u201cNulidades de Elecci\u00f3n por rebase de topes de gastos de campa\u00f1a y financiamiento il\u00edcito\u201d fue impartido por el maestro Ernesto Camacho Ochoa, Secretario Instructor del Tribunal Electoral del Poder Judicial de la Federaci\u00f3n (TEPJF).<\/p>\n<figure id=\"attachment_6798\" aria-describedby=\"caption-attachment-6798\" style=\"width: 500px\" class=\"wp-caption aligncenter\"><a href=\"http:\/\/teegro.gob.mx\/inicio\/wp-content\/uploads\/2018\/06\/IMG_2208-www.jpg\"><img decoding=\"async\" class=\"wp-image-6798\" src=\"http:\/\/teegro.gob.mx\/inicio\/wp-content\/uploads\/2018\/06\/IMG_2208-www-460x660.jpg\" alt=\"* ORGANIZA TRIBUNAL CONFERENCIA \u201cNULIDADES DE ELECCI\u00d3N POR REBASE DE TOPES DE GASTOS DE CAMPA\u00d1A Y FINANCIAMIENTO P\u00daBLICO IL\u00cdCITO\u201d.\" width=\"500\" height=\"367\" srcset=\"https:\/\/teegro.gob.mx\/sitio2025\/wp-content\/uploads\/2018\/06\/IMG_2208-www-300x220.jpg 300w, https:\/\/teegro.gob.mx\/sitio2025\/wp-content\/uploads\/2018\/06\/IMG_2208-www-768x563.jpg 768w, https:\/\/teegro.gob.mx\/sitio2025\/wp-content\/uploads\/2018\/06\/IMG_2208-www.jpg 900w\" sizes=\"(max-width: 500px) 100vw, 500px\" \/><\/a><figcaption id=\"caption-attachment-6798\" class=\"wp-caption-text\">* ORGANIZA TRIBUNAL CONFERENCIA \u201cNULIDADES DE ELECCI\u00d3N POR REBASE DE TOPES DE GASTOS DE CAMPA\u00d1A Y FINANCIAMIENTO P\u00daBLICO IL\u00cdCITO\u201d.<\/figcaption><\/figure>\n<p style=\"text-align: justify\">Las palabras de bienvenida estuvieron a cargo del magistrado electoral de la Ponencia Primera, Mtro. Ram\u00f3n Ramos Piedra, quien a nombre del magistrado presidente, Ren\u00e9 Patr\u00f3n Mu\u00f1oz, agradeci\u00f3 la presencia de los asistentes. Durante su intervenci\u00f3n, Ramos Piedra se sum\u00f3 a la celebraci\u00f3n de este tipo de eventos de alto impacto, realizados en el marco del proceso electoral concurrente de Ayuntamientos y Diputados locales 2017-2018.<\/p>\n<figure id=\"attachment_6797\" aria-describedby=\"caption-attachment-6797\" style=\"width: 500px\" class=\"wp-caption aligncenter\"><a href=\"http:\/\/teegro.gob.mx\/inicio\/wp-content\/uploads\/2018\/06\/IMG_2526-www.jpg\"><img decoding=\"async\" class=\"wp-image-6797\" src=\"http:\/\/teegro.gob.mx\/inicio\/wp-content\/uploads\/2018\/06\/IMG_2526-www-460x342.jpg\" alt=\"Curso-taller \u201cNulidades de Elecci\u00f3n por rebase de topes de gastos de campa\u00f1a y financiamiento il\u00edcito\u201d.\" width=\"500\" height=\"190\" srcset=\"https:\/\/teegro.gob.mx\/sitio2025\/wp-content\/uploads\/2018\/06\/IMG_2526-www-300x114.jpg 300w, https:\/\/teegro.gob.mx\/sitio2025\/wp-content\/uploads\/2018\/06\/IMG_2526-www-768x292.jpg 768w, https:\/\/teegro.gob.mx\/sitio2025\/wp-content\/uploads\/2018\/06\/IMG_2526-www.jpg 900w\" sizes=\"(max-width: 500px) 100vw, 500px\" \/><\/a><figcaption id=\"caption-attachment-6797\" class=\"wp-caption-text\">TEEGro\u00a0Conferencia en el marco del proceso electoral 2017-2018 07-jun-2018<\/figcaption><\/figure>\n<p style=\"text-align: justify\">Este evento estuvo a cargo del Centro de Capacitaci\u00f3n, Investigaci\u00f3n y Difusi\u00f3n Electoral (CCIDE) que dirige la licenciada Jacqueline Carranza Reyes, el cual tuvo una duraci\u00f3n de cuatro horas, en el se recalc\u00f3 que para la emisi\u00f3n de las sentencias se debe considerar el impacto de las resoluciones en las mayor\u00edas y que los tribunales deben tener una perspectiva m\u00e1s amplia incluyendo los partidos, los impugnantes y a los ciudadanos en su conjunto.<\/p>\n<p style=\"text-align: center\">o-O-o<\/p>\n","protected":false},"excerpt":{"rendered":"<p>07 de junio de 2018.- Como parte de los trabajos\u00a0de capacitaci\u00f3n y actualizaci\u00f3n tanto del personal del Tribunal Electoral del Estado de Guerrero como de otras instituciones invitadas, este jueves se llev\u00f3 a cabo\u00a0la conferencia denominada \u201cNulidades de Elecci\u00f3n por rebase de topes de gastos de campa\u00f1a y financiamiento il\u00edcito\u201d. El curso-taller denominado \u201cNulidades de [&hellip;]<\/p>\n","protected":false},"author":1,"featured_media":6798,"comment_status":"open","ping_status":"open","sticky":false,"template":"","format":"standard","meta":{"_acf_changed":false,"footnotes":""},"categories":[48],"tags":[],"class_list":["post-6794","post","type-post","status-publish","format-standard","has-post-thumbnail","hentry","category-comunicacion-social"],"acf":[],"_links":{"self":[{"href":"https:\/\/teegro.gob.mx\/sitio2025\/wp-json\/wp\/v2\/posts\/6794","targetHints":{"allow":["GET"]}}],"collection":[{"href":"https:\/\/teegro.gob.mx\/sitio2025\/wp-json\/wp\/v2\/posts"}],"about":[{"href":"https:\/\/teegro.gob.mx\/sitio2025\/wp-json\/wp\/v2\/types\/post"}],"author":[{"embeddable":true,"href":"https:\/\/teegro.gob.mx\/sitio2025\/wp-json\/wp\/v2\/users\/1"}],"replies":[{"embeddable":true,"href":"https:\/\/teegro.gob.mx\/sitio2025\/wp-json\/wp\/v2\/comments?post=6794"}],"version-history":[{"count":3,"href":"https:\/\/teegro.gob.mx\/sitio2025\/wp-json\/wp\/v2\/posts\/6794\/revisions"}],"predecessor-version":[{"id":6801,"href":"https:\/\/teegro.gob.mx\/sitio2025\/wp-json\/wp\/v2\/posts\/6794\/revisions\/6801"}],"wp:featuredmedia":[{"embeddable":true,"href":"https:\/\/teegro.gob.mx\/sitio2025\/wp-json\/wp\/v2\/media\/6798"}],"wp:attachment":[{"href":"https:\/\/teegro.gob.mx\/sitio2025\/wp-json\/wp\/v2\/media?parent=6794"}],"wp:term":[{"taxonomy":"category","embeddable":true,"href":"https:\/\/teegro.gob.mx\/sitio2025\/wp-json\/wp\/v2\/categories?post=6794"},{"taxonomy":"post_tag","embeddable":true,"href":"https:\/\/teegro.gob.mx\/sitio2025\/wp-json\/wp\/v2\/tags?post=6794"}],"curies":[{"name":"wp","href":"https:\/\/api.w.org\/{rel}","templated":true}]}}