{"id":6824,"date":"2018-06-11T20:07:01","date_gmt":"2018-06-12T01:07:01","guid":{"rendered":"http:\/\/teegro.gob.mx\/inicio\/?p=6824"},"modified":"2018-07-11T12:24:34","modified_gmt":"2018-07-11T17:24:34","slug":"teegro-sede-del-3er-ciclo-de-dialogos-democraticos-los-desafios-que-enfrenta-mexico-para-su-democratizacion","status":"publish","type":"post","link":"https:\/\/teegro.gob.mx\/sitio2025\/teegro-sede-del-3er-ciclo-de-dialogos-democraticos-los-desafios-que-enfrenta-mexico-para-su-democratizacion\/","title":{"rendered":"TEEGRO sede del 3er. ciclo de di\u00e1logos democr\u00e1ticos \u201cLos desaf\u00edos que enfrenta M\u00e9xico para su democratizaci\u00f3n\u201d."},"content":{"rendered":"<p><!-- VideographyWP Plugin Message: Automatic video embedding prevented by plugin options. --><\/p>\n<p style=\"text-align: center\"><em><u>Coordina este ejercicio acad\u00e9mico la Sala Regional Cd de M\u00e9xico del TEPJF<\/u><\/em><\/p>\n<figure id=\"attachment_6825\" aria-describedby=\"caption-attachment-6825\" style=\"width: 500px\" class=\"wp-caption aligncenter\"><a href=\"http:\/\/teegro.gob.mx\/inicio\/wp-content\/uploads\/2018\/06\/IMG_2558-copia.jpg\"><img fetchpriority=\"high\" decoding=\"async\" class=\"wp-image-6825\" src=\"http:\/\/teegro.gob.mx\/inicio\/wp-content\/uploads\/2018\/06\/IMG_2558-copia-460x538.jpg\" alt=\"Tercer ciclo de di\u00e1logos democr\u00e1ticos \u201cLos desaf\u00edos que enfrenta M\u00e9xico para su democratizaci\u00f3n\u201d en el marco de las elecciones 2018.\" width=\"500\" height=\"299\" srcset=\"https:\/\/teegro.gob.mx\/sitio2025\/wp-content\/uploads\/2018\/06\/IMG_2558-copia-300x179.jpg 300w, https:\/\/teegro.gob.mx\/sitio2025\/wp-content\/uploads\/2018\/06\/IMG_2558-copia-768x459.jpg 768w, https:\/\/teegro.gob.mx\/sitio2025\/wp-content\/uploads\/2018\/06\/IMG_2558-copia.jpg 900w\" sizes=\"(max-width: 500px) 100vw, 500px\" \/><\/a><figcaption id=\"caption-attachment-6825\" class=\"wp-caption-text\">Tercer ciclo de di\u00e1logos democr\u00e1ticos \u201cLos desaf\u00edos que enfrenta M\u00e9xico para su democratizaci\u00f3n\u201d en el marco de las elecciones 2018.<\/figcaption><\/figure>\n<p style=\"text-align: justify\"><a href=\"http:\/\/teegro.gob.mx\/inicio\/wp-content\/uploads\/2018\/06\/IMG_2537-copia.jpg\"><br \/>\n<\/a><\/p>\n<p style=\"text-align: justify\">Acapulco Gro., 11 de junio de 2018.- El Tribunal Electoral del Poder Judicial de la Federaci\u00f3n (TEPJF) en coordinaci\u00f3n con el Tribunal Electoral del estado de Guerrero (TEEGro), llevaron a cabo este lunes el tercer ciclo de di\u00e1logos democr\u00e1ticos \u201cLos desaf\u00edos que enfrenta M\u00e9xico para su democratizaci\u00f3n\u201d en el marco de las elecciones 2018.<\/p>\n<p style=\"text-align: justify\">Al TEEGRO le correspondi\u00f3 participar en el quinto dialogo democr\u00e1tico de los cinco que organiz\u00f3 el TEPJF, el cual llev\u00f3 por nombre \u201cClientes vs. ciudadan\u00eda: \u00bfEn qu\u00e9 usan el recurso p\u00fablico los partidos y los candidatos?\u201d en donde se abordaron temas como las acciones de las autoridades administrativas electorales y los tribunales electorales para proteger el voto libre de los ciudadanos.<\/p>\n<p style=\"text-align: justify\">El presidente del Tribunal, magistrado Ren\u00e9 Patr\u00f3n Mu\u00f1oz fungi\u00f3 como moderador del Dialogo democr\u00e1tico #5, asimismo dio el mensaje y palabras de bienvenida a los representantes de la Sala Regional Ciudad de M\u00e9xico del TEPJF y a los asistentes.<\/p>\n<figure id=\"attachment_6826\" aria-describedby=\"caption-attachment-6826\" style=\"width: 500px\" class=\"wp-caption aligncenter\"><a href=\"http:\/\/teegro.gob.mx\/inicio\/wp-content\/uploads\/2018\/06\/IMG_2537-copia.jpg\"><img decoding=\"async\" class=\"wp-image-6826\" src=\"http:\/\/teegro.gob.mx\/inicio\/wp-content\/uploads\/2018\/06\/IMG_2537-copia-460x600.jpg\" alt=\"El presidente del Tribunal, magistrado Ren\u00e9 Patr\u00f3n Mu\u00f1oz, durante las palabras de bienvenida a los representantes de la Sala Regional Ciudad de M\u00e9xico del TEPJF y a los asistentes.\" width=\"500\" height=\"333\" srcset=\"https:\/\/teegro.gob.mx\/sitio2025\/wp-content\/uploads\/2018\/06\/IMG_2537-copia-300x200.jpg 300w, https:\/\/teegro.gob.mx\/sitio2025\/wp-content\/uploads\/2018\/06\/IMG_2537-copia-768x512.jpg 768w, https:\/\/teegro.gob.mx\/sitio2025\/wp-content\/uploads\/2018\/06\/IMG_2537-copia.jpg 900w\" sizes=\"(max-width: 500px) 100vw, 500px\" \/><\/a><figcaption id=\"caption-attachment-6826\" class=\"wp-caption-text\">El presidente del Tribunal, magistrado Ren\u00e9 Patr\u00f3n Mu\u00f1oz, durante las palabras de bienvenida a los representantes de la Sala Regional Ciudad de M\u00e9xico del TEPJF y a los asistentes.<\/figcaption><\/figure>\n<p style=\"text-align: justify\">Durante el desarrollo del evento, se retomaron temas concernientes al impulso del voto libre de la ciudadan\u00eda, la creaci\u00f3n de herramientas para que los ciudadanos logren emitir un voto consciente, un voto informado, adem\u00e1s del contraste e impacto del voto tras las practicas electorales tanto en la zona urbana como en la rural.<\/p>\n<p style=\"text-align: justify\">En esta ocasi\u00f3n los expositores Mar\u00eda de Guadalupe Salmor\u00e1n Villar, del Instituto de Investigaciones Jur\u00eddicas de la UNAM; Zue Valenzuela Rodr\u00edguez Rodr\u00edguez, de la Red Nacional de Organismos Civiles de Derechos Humanos (RED TDT) y Emmanuel Rodr\u00edguez Dom\u00ednguez, maestro de la facultad de ciencias pol\u00edticas y sociales de la UNAM fueron los encargados de contestar de manera ordenada, las preguntas de los participantes.<\/p>\n<figure id=\"attachment_6827\" aria-describedby=\"caption-attachment-6827\" style=\"width: 500px\" class=\"wp-caption aligncenter\"><a href=\"http:\/\/teegro.gob.mx\/inicio\/wp-content\/uploads\/2018\/06\/IMG_2674-copia.jpg\"><img decoding=\"async\" class=\"wp-image-6827\" src=\"http:\/\/teegro.gob.mx\/inicio\/wp-content\/uploads\/2018\/06\/IMG_2674-copia-460x600.jpg\" alt=\"3er. ciclo de di\u00e1logos democr\u00e1ticos \u201cLos desaf\u00edos que enfrenta M\u00e9xico para su democratizaci\u00f3n\u201d\" width=\"500\" height=\"333\" srcset=\"https:\/\/teegro.gob.mx\/sitio2025\/wp-content\/uploads\/2018\/06\/IMG_2674-copia-300x200.jpg 300w, https:\/\/teegro.gob.mx\/sitio2025\/wp-content\/uploads\/2018\/06\/IMG_2674-copia-768x512.jpg 768w, https:\/\/teegro.gob.mx\/sitio2025\/wp-content\/uploads\/2018\/06\/IMG_2674-copia.jpg 900w\" sizes=\"(max-width: 500px) 100vw, 500px\" \/><\/a><figcaption id=\"caption-attachment-6827\" class=\"wp-caption-text\">3er. ciclo de di\u00e1logos democr\u00e1ticos \u201cLos desaf\u00edos que enfrenta M\u00e9xico para su democratizaci\u00f3n\u201d.<\/figcaption><\/figure>\n<p style=\"text-align: justify\">Al final del programa, se emitieron algunas conclusiones breves del magistrado anfitri\u00f3n y se entregaron reconocimientos a los participantes del 3er. ciclo de di\u00e1logos democr\u00e1ticos \u201cLos desaf\u00edos que enfrenta M\u00e9xico para su democratizaci\u00f3n\u201d. El evento se llev\u00f3 a cabo en el sal\u00f3n B1, del F\u00f3rum Mundo Imperial, en la ciudad y puerto de Acapulco, Guerrero.<\/p>\n<p style=\"text-align: center\">o-0-o<\/p>\n","protected":false},"excerpt":{"rendered":"<p>Coordina este ejercicio acad\u00e9mico la Sala Regional Cd de M\u00e9xico del TEPJF Acapulco Gro., 11 de junio de 2018.- El Tribunal Electoral del Poder Judicial de la Federaci\u00f3n (TEPJF) en coordinaci\u00f3n con el Tribunal Electoral del estado de Guerrero (TEEGro), llevaron a cabo este lunes el tercer ciclo de di\u00e1logos democr\u00e1ticos \u201cLos desaf\u00edos que enfrenta [&hellip;]<\/p>\n","protected":false},"author":1,"featured_media":6825,"comment_status":"open","ping_status":"open","sticky":false,"template":"","format":"standard","meta":{"_acf_changed":false,"footnotes":""},"categories":[48],"tags":[127,96,81,126,125,85,128],"class_list":["post-6824","post","type-post","status-publish","format-standard","has-post-thumbnail","hentry","category-comunicacion-social","tag-sala-regional-ciudad-de-mexico","tag-tee","tag-teegro","tag-tepjf-tee","tag-tercer-ciclo-de-dialogos-democraticos","tag-tribunal-electoral-del-estado-de-guerrero","tag-tribunal-electoral-del-poder-judicial-de-la-federacion"],"acf":[],"_links":{"self":[{"href":"https:\/\/teegro.gob.mx\/sitio2025\/wp-json\/wp\/v2\/posts\/6824","targetHints":{"allow":["GET"]}}],"collection":[{"href":"https:\/\/teegro.gob.mx\/sitio2025\/wp-json\/wp\/v2\/posts"}],"about":[{"href":"https:\/\/teegro.gob.mx\/sitio2025\/wp-json\/wp\/v2\/types\/post"}],"author":[{"embeddable":true,"href":"https:\/\/teegro.gob.mx\/sitio2025\/wp-json\/wp\/v2\/users\/1"}],"replies":[{"embeddable":true,"href":"https:\/\/teegro.gob.mx\/sitio2025\/wp-json\/wp\/v2\/comments?post=6824"}],"version-history":[{"count":2,"href":"https:\/\/teegro.gob.mx\/sitio2025\/wp-json\/wp\/v2\/posts\/6824\/revisions"}],"predecessor-version":[{"id":6864,"href":"https:\/\/teegro.gob.mx\/sitio2025\/wp-json\/wp\/v2\/posts\/6824\/revisions\/6864"}],"wp:featuredmedia":[{"embeddable":true,"href":"https:\/\/teegro.gob.mx\/sitio2025\/wp-json\/wp\/v2\/media\/6825"}],"wp:attachment":[{"href":"https:\/\/teegro.gob.mx\/sitio2025\/wp-json\/wp\/v2\/media?parent=6824"}],"wp:term":[{"taxonomy":"category","embeddable":true,"href":"https:\/\/teegro.gob.mx\/sitio2025\/wp-json\/wp\/v2\/categories?post=6824"},{"taxonomy":"post_tag","embeddable":true,"href":"https:\/\/teegro.gob.mx\/sitio2025\/wp-json\/wp\/v2\/tags?post=6824"}],"curies":[{"name":"wp","href":"https:\/\/api.w.org\/{rel}","templated":true}]}}