{"id":6833,"date":"2018-06-22T16:47:05","date_gmt":"2018-06-22T21:47:05","guid":{"rendered":"http:\/\/teegro.gob.mx\/inicio\/?p=6833"},"modified":"2018-07-11T12:24:17","modified_gmt":"2018-07-11T17:24:17","slug":"a-peticion-de-la-interesada-que-argumento-ser-registrada-sin-su-consentimiento-teegro-deja-sin-efecto-el-registro-de-la-candidata-a-primera-regidora-suplente-del-pri-en-martir-de-cuilapan","status":"publish","type":"post","link":"https:\/\/teegro.gob.mx\/sitio2025\/a-peticion-de-la-interesada-que-argumento-ser-registrada-sin-su-consentimiento-teegro-deja-sin-efecto-el-registro-de-la-candidata-a-primera-regidora-suplente-del-pri-en-martir-de-cuilapan\/","title":{"rendered":"A petici\u00f3n de la interesada que argument\u00f3 ser registrada sin su consentimiento, TEEGRO deja sin efecto el registro de Leydi Abigail Ram\u00edrez Chino, candidata a primera regidora suplente del PRI en M\u00e1rtir de Cuilapan."},"content":{"rendered":"<p><!-- VideographyWP Plugin Message: Automatic video embedding prevented by plugin options. --><\/p>\n<p style=\"text-align: justify\">\n<p style=\"text-align: justify\">\n<p style=\"text-align: justify\"><em>\u00a0<\/em>22 de junio de 2018. Fundado el juicio electoral TEE\/JEC\/088\/2018 en la 50\u00b0 sesi\u00f3n de resoluci\u00f3n del Tribunal Electoral del Estado de Guerrero, interpuesto por Leydi Abigail Ram\u00edrez Chino, no as\u00ed sus acumulados TEE\/JEC\/086\/2018 y TEE\/JEC\/87\/2018 promovidos en contra del acuerdo 134\/SE\/08-06-2018 del IEPC por el que se aprueba la planilla y listas de regidur\u00eda del Ayuntamiento de M\u00e1rtir de Cuilapan del PRI.<\/p>\n<figure id=\"attachment_6835\" aria-describedby=\"caption-attachment-6835\" style=\"width: 500px\" class=\"wp-caption aligncenter\"><a href=\"http:\/\/teegro.gob.mx\/inicio\/wp-content\/uploads\/2018\/06\/Foto-50\u00b0-sesion-teegro-22-jun-18-JEC-086-087-088-14-WWW.jpg\"><img fetchpriority=\"high\" decoding=\"async\" class=\"wp-image-6835\" src=\"http:\/\/teegro.gob.mx\/inicio\/wp-content\/uploads\/2018\/06\/Foto-50\u00b0-sesion-teegro-22-jun-18-JEC-086-087-088-14-WWW-460x514.jpg\" alt=\"TEEGRO orden\u00f3 al IEPC que en un t\u00e9rmino de 48 horas cancele el registro de Ram\u00edrez Chino como candidata a la primera regidur\u00eda del ayuntamiento de M\u00e1rtir de Cuilapan.\" width=\"500\" height=\"286\" srcset=\"https:\/\/teegro.gob.mx\/sitio2025\/wp-content\/uploads\/2018\/06\/Foto-50\u00b0-sesion-teegro-22-jun-18-JEC-086-087-088-14-WWW-300x171.jpg 300w, https:\/\/teegro.gob.mx\/sitio2025\/wp-content\/uploads\/2018\/06\/Foto-50\u00b0-sesion-teegro-22-jun-18-JEC-086-087-088-14-WWW-768x439.jpg 768w, https:\/\/teegro.gob.mx\/sitio2025\/wp-content\/uploads\/2018\/06\/Foto-50\u00b0-sesion-teegro-22-jun-18-JEC-086-087-088-14-WWW.jpg 900w\" sizes=\"(max-width: 500px) 100vw, 500px\" \/><\/a><figcaption id=\"caption-attachment-6835\" class=\"wp-caption-text\">TEEGRO orden\u00f3 al IEPC que en un t\u00e9rmino de 48 horas cancele el registro de Ram\u00edrez Chino como candidata a la primera regidur\u00eda del ayuntamiento de M\u00e1rtir de Cuilapan.<\/figcaption><\/figure>\n<p style=\"text-align: justify\">En el juicio Electoral Leydi Abigail Ram\u00edrez Chino, candidata a la primera regidur\u00eda suplente en el municipio de M\u00e1rtir de Cuilap\u00e1n por el Partido Revolucionario Institucional, se\u00f1ala como agravio que el PRI la postul\u00f3 sin que haya tenido su consentimiento por escrito ni verbal, violentando as\u00ed sus derechos fundamentales y humanos. Adem\u00e1s de que el acuerdo del IEPC en el que se designara como candidata viola sus derechos ya que no otorg\u00f3 su voluntad de aceptar dicha candidatura.<\/p>\n<p style=\"text-align: justify\">Al entrar al fondo del estudio el Tribunal Electoral estableci\u00f3 que la actora pretend\u00eda dejar sin efectos su registro de la candidatura a primera regidora suplente, por lo que sustentado en las leyes electorales y partiendo de que la solicitud de registro debi\u00f3 acompa\u00f1arse de la declaraci\u00f3n de aceptaci\u00f3n de la candidatura de propietarios y suplentes orden\u00f3 al IEPC que en un t\u00e9rmino de 48 horas cancele el registro de Ram\u00edrez Chino como candidata a la primera regidur\u00eda del ayuntamiento de M\u00e1rtir de Cuilapan.<\/p>\n<p style=\"text-align: justify\">Por lo que el PRI deber\u00e1 hacer llegar al IEPC la solicitud de registro de la persona que sustituir\u00e1 a la ciudadana en un plazo de 48 horas, con los requisitos exigidos por la ley, dicha resoluci\u00f3n fue propuesta por la ponencia segunda del magistrado Emiliano Lozano Cruz.<\/p>\n<p style=\"text-align: justify\">Se desech\u00f3 de plano el juicio TEE\/JEC\/078\/2018 promovido por Gilberto Pel\u00e1ez Mart\u00ednez en contra de un dictamen de la Comisi\u00f3n Nacional del Partido Movimiento de Regeneraci\u00f3n Nacional (MORENA), derivado del proceso interno de selecci\u00f3n de candidatos a diputados locales para controvertir la designaci\u00f3n de Luis Enrique R\u00edos Saucedo, como candidato a diputado suplente en la f\u00f3rmula 3, cuyo propietario es el candidato Pablo Am\u00edlcar Sandoval Ballesteros.<\/p>\n<figure id=\"attachment_6834\" aria-describedby=\"caption-attachment-6834\" style=\"width: 500px\" class=\"wp-caption aligncenter\"><a href=\"http:\/\/teegro.gob.mx\/inicio\/wp-content\/uploads\/2018\/06\/Foto-50\u00b0-sesion-teegro-22-jun-18-JEC-078-WW.jpg\"><img decoding=\"async\" class=\"wp-image-6834\" src=\"http:\/\/teegro.gob.mx\/inicio\/wp-content\/uploads\/2018\/06\/Foto-50\u00b0-sesion-teegro-22-jun-18-JEC-078-WW-460x675.jpg\" alt=\"Se desech\u00f3 de plano el juicio TEE\/JEC\/078\/2018 promovido por Gilberto Pel\u00e1ez Mart\u00ednez en contra de un dictamen de la Comisi\u00f3n Nacional de MORENA\" width=\"500\" height=\"375\" srcset=\"https:\/\/teegro.gob.mx\/sitio2025\/wp-content\/uploads\/2018\/06\/Foto-50\u00b0-sesion-teegro-22-jun-18-JEC-078-WW-300x225.jpg 300w, https:\/\/teegro.gob.mx\/sitio2025\/wp-content\/uploads\/2018\/06\/Foto-50\u00b0-sesion-teegro-22-jun-18-JEC-078-WW-768x576.jpg 768w, https:\/\/teegro.gob.mx\/sitio2025\/wp-content\/uploads\/2018\/06\/Foto-50\u00b0-sesion-teegro-22-jun-18-JEC-078-WW-200x150.jpg 200w, https:\/\/teegro.gob.mx\/sitio2025\/wp-content\/uploads\/2018\/06\/Foto-50\u00b0-sesion-teegro-22-jun-18-JEC-078-WW.jpg 900w\" sizes=\"(max-width: 500px) 100vw, 500px\" \/><\/a><figcaption id=\"caption-attachment-6834\" class=\"wp-caption-text\">Se desech\u00f3 de plano el juicio TEE\/JEC\/078\/2018 promovido por Gilberto Pel\u00e1ez Mart\u00ednez en contra de un dictamen de la Comisi\u00f3n Nacional de MORENA. Magistrado Ponente Emiliano Lozano Cruz.<\/figcaption><\/figure>\n<p style=\"text-align: justify\">El magistrado Emiliano Lozano Cruz, ponente en este juicio propuso al pleno desechar la demanda toda vez que no existe materia sobre la cual pronunciarse, debido a que la CNHJ de MORENA en cumplimiento al TEPJF dej\u00f3 sin efectos la designaci\u00f3n de la f\u00f3rmula n\u00famero 3, conformada por Sandoval Ballesteros y R\u00edos Saucedo, quedando sin materia la pretensi\u00f3n inicial.<\/p>\n<p style=\"text-align: justify\">Otro asunto declarado infundado en la 50\u00b0 sesi\u00f3n de resoluci\u00f3n fue el reca\u00eddo en los expedientes TEE\/JEC\/089\/2018 y su acumulado TEE\/JEC\/091\/2018, presentados por Ernesto Payan Cortinas, Gilberto Pel\u00e1ez Mart\u00ednez, Luis Alberto Cruz L\u00f3pez, Norma Guatemala Mayo y V\u00edctor Manuel Ramos Garc\u00eda en contra del acuerdo 137\/SE\/10-06-2018 emitido por el IEPC, por el que se aprueba el registro de la tercera y sexta f\u00f3rmula de diputados locales por la v\u00eda de representaci\u00f3n proporcional de MORENA.<\/p>\n<figure id=\"attachment_6836\" aria-describedby=\"caption-attachment-6836\" style=\"width: 500px\" class=\"wp-caption aligncenter\"><a href=\"http:\/\/teegro.gob.mx\/inicio\/wp-content\/uploads\/2018\/06\/Foto-50\u00b0-sesion-teegro-22-jun-18-JEC-089-11WWW.jpg\"><img decoding=\"async\" class=\"wp-image-6836\" src=\"http:\/\/teegro.gob.mx\/inicio\/wp-content\/uploads\/2018\/06\/Foto-50\u00b0-sesion-teegro-22-jun-18-JEC-089-11WWW-460x675.jpg\" alt=\"infundados los juicios TEE\/JEC\/089\/2018 y su acumulado TEE\/JEC\/091\/2018, presentados por Ernesto Payan Cortinas, Gilberto Pel\u00e1ez Mart\u00ednez, Luis Alberto Cruz L\u00f3pez, Norma Guatemala Mayo y V\u00edctor Manuel Ramos Garc\u00eda en contra del acuerdo 137 del IEPC.\" width=\"500\" height=\"375\" srcset=\"https:\/\/teegro.gob.mx\/sitio2025\/wp-content\/uploads\/2018\/06\/Foto-50\u00b0-sesion-teegro-22-jun-18-JEC-089-11WWW-300x225.jpg 300w, https:\/\/teegro.gob.mx\/sitio2025\/wp-content\/uploads\/2018\/06\/Foto-50\u00b0-sesion-teegro-22-jun-18-JEC-089-11WWW-768x576.jpg 768w, https:\/\/teegro.gob.mx\/sitio2025\/wp-content\/uploads\/2018\/06\/Foto-50\u00b0-sesion-teegro-22-jun-18-JEC-089-11WWW-200x150.jpg 200w, https:\/\/teegro.gob.mx\/sitio2025\/wp-content\/uploads\/2018\/06\/Foto-50\u00b0-sesion-teegro-22-jun-18-JEC-089-11WWW.jpg 900w\" sizes=\"(max-width: 500px) 100vw, 500px\" \/><\/a><figcaption id=\"caption-attachment-6836\" class=\"wp-caption-text\">infundados los juicios TEE\/JEC\/089\/2018 y su acumulado TEE\/JEC\/091\/2018, presentados por Ernesto Payan Cortinas, Gilberto Pel\u00e1ez Mart\u00ednez, Luis Alberto Cruz L\u00f3pez, Norma Guatemala Mayo y V\u00edctor Manuel Ramos Garc\u00eda en contra del acuerdo 137 del IEPC.<\/figcaption><\/figure>\n<p style=\"text-align: justify\">En la demanda \u201clos agraviados consideran tener un mejor derecho a obtener las candidaturas impugnadas, en cuanto a los hechos que los actores exponen sobre su militancia y participaci\u00f3n en el proceso interno de candidatos para conformar la lista de diputados de RP registrada por morena\u201d. Al respecto la sentencia presentada por la cuarta ponencia de la magistrada Hilda Rosa Delgado Brito, declar\u00f3 infundados los agravios planteados por los actores, confirmando el acuerdo impugnado.<\/p>\n<p style=\"text-align: center\">o-0-o<\/p>\n","protected":false},"excerpt":{"rendered":"<p>\u00a022 de junio de 2018. Fundado el juicio electoral TEE\/JEC\/088\/2018 en la 50\u00b0 sesi\u00f3n de resoluci\u00f3n del Tribunal Electoral del Estado de Guerrero, interpuesto por Leydi Abigail Ram\u00edrez Chino, no as\u00ed sus acumulados TEE\/JEC\/086\/2018 y TEE\/JEC\/87\/2018 promovidos en contra del acuerdo 134\/SE\/08-06-2018 del IEPC por el que se aprueba la planilla y listas de regidur\u00eda [&hellip;]<\/p>\n","protected":false},"author":1,"featured_media":6835,"comment_status":"open","ping_status":"open","sticky":false,"template":"","format":"standard","meta":{"_acf_changed":false,"footnotes":""},"categories":[48],"tags":[60,139,137,51,140,142,118,49,138,141,52,53,96,81,85],"class_list":["post-6833","post","type-post","status-publish","format-standard","has-post-thumbnail","hentry","category-comunicacion-social","tag-emiliano-lozano-cruz","tag-ernesto-payan-cortinas","tag-gilberto-pelaez-martinez","tag-hilda-rosa-delgado-brito","tag-leydi-abigail-ramirez-chino","tag-magistrados-electorales","tag-martir-de-cuilapan","tag-morena","tag-pablo-amilcar-sandoval-ballesteros","tag-partido-revolucionario-institucional","tag-resuelve-teegro","tag-sesion-teegro","tag-tee","tag-teegro","tag-tribunal-electoral-del-estado-de-guerrero"],"acf":[],"_links":{"self":[{"href":"https:\/\/teegro.gob.mx\/sitio2025\/wp-json\/wp\/v2\/posts\/6833","targetHints":{"allow":["GET"]}}],"collection":[{"href":"https:\/\/teegro.gob.mx\/sitio2025\/wp-json\/wp\/v2\/posts"}],"about":[{"href":"https:\/\/teegro.gob.mx\/sitio2025\/wp-json\/wp\/v2\/types\/post"}],"author":[{"embeddable":true,"href":"https:\/\/teegro.gob.mx\/sitio2025\/wp-json\/wp\/v2\/users\/1"}],"replies":[{"embeddable":true,"href":"https:\/\/teegro.gob.mx\/sitio2025\/wp-json\/wp\/v2\/comments?post=6833"}],"version-history":[{"count":3,"href":"https:\/\/teegro.gob.mx\/sitio2025\/wp-json\/wp\/v2\/posts\/6833\/revisions"}],"predecessor-version":[{"id":6863,"href":"https:\/\/teegro.gob.mx\/sitio2025\/wp-json\/wp\/v2\/posts\/6833\/revisions\/6863"}],"wp:featuredmedia":[{"embeddable":true,"href":"https:\/\/teegro.gob.mx\/sitio2025\/wp-json\/wp\/v2\/media\/6835"}],"wp:attachment":[{"href":"https:\/\/teegro.gob.mx\/sitio2025\/wp-json\/wp\/v2\/media?parent=6833"}],"wp:term":[{"taxonomy":"category","embeddable":true,"href":"https:\/\/teegro.gob.mx\/sitio2025\/wp-json\/wp\/v2\/categories?post=6833"},{"taxonomy":"post_tag","embeddable":true,"href":"https:\/\/teegro.gob.mx\/sitio2025\/wp-json\/wp\/v2\/tags?post=6833"}],"curies":[{"name":"wp","href":"https:\/\/api.w.org\/{rel}","templated":true}]}}