{"id":6842,"date":"2018-07-01T09:56:02","date_gmt":"2018-07-01T14:56:02","guid":{"rendered":"http:\/\/teegro.gob.mx\/inicio\/?p=6842"},"modified":"2018-07-11T15:24:17","modified_gmt":"2018-07-11T20:24:17","slug":"tribunal-electoral-amonesto-publicamente-a-carlos-arriaga-ramos-candidato-a-presidente-municipal-del-xochihuehuetlan-y-al-partido-del-trabajo-tambien-se-amonesto-al-partido-morena-en-ese-mismo-mun","status":"publish","type":"post","link":"https:\/\/teegro.gob.mx\/sitio2025\/tribunal-electoral-amonesto-publicamente-a-carlos-arriaga-ramos-candidato-a-presidente-municipal-del-xochihuehuetlan-y-al-partido-del-trabajo-tambien-se-amonesto-al-partido-morena-en-ese-mismo-mun\/","title":{"rendered":"Tribunal Electoral amonest\u00f3 p\u00fablicamente a Carlos Arriaga Ramos, candidato a presidente municipal del Xochihuehuetl\u00e1n y al Partido del Trabajo.  Tambi\u00e9n se amonest\u00f3 al partido MORENA en ese mismo municipio."},"content":{"rendered":"<p><!-- VideographyWP Plugin Message: Automatic video embedding prevented by plugin options. --><\/p>\n<p style=\"text-align: justify\"><em>Por violaciones al art\u00edculo 286 de la ley electoral consistentes en fijar propaganda electoral en el equipamiento urbano <\/em><\/p>\n<p style=\"text-align: justify\">01 de julio de 2018. Este domingo primero de julio a las 8 de la ma\u00f1ana el Tribunal Electoral del Estado de Guerrero sesion\u00f3 para resolver dos procedimientos especiales sancionadores y un juicio electoral ciudadano relativos al proceso electoral de ayuntamientos y diputados locales 2017-2018.<\/p>\n<figure id=\"attachment_6874\" aria-describedby=\"caption-attachment-6874\" style=\"width: 500px\" class=\"wp-caption aligncenter\"><a href=\"http:\/\/teegro.gob.mx\/inicio\/wp-content\/uploads\/2018\/07\/Asunto-ponencia-Emiliano-Lozano-Cruz-1.jpg\"><img fetchpriority=\"high\" decoding=\"async\" class=\"wp-image-6874\" src=\"http:\/\/teegro.gob.mx\/inicio\/wp-content\/uploads\/2018\/07\/Asunto-ponencia-Emiliano-Lozano-Cruz-1-460x521.jpg\" alt=\"En la 54\u00b0 sesi\u00f3n de resoluci\u00f3n celebrada el domingo 1\u00b0 de julio a las 8 de la ma\u00f1ana, se amonest\u00f3 p\u00fablicamente a MORENA y se le orden\u00f3 el retiro inmediato de la propaganda electoral denunciada en el expediente TEE\/PES\/035\/2018. Magistrado Ponente Emiliano Lozano Cruz.\" width=\"500\" height=\"289\" srcset=\"https:\/\/teegro.gob.mx\/sitio2025\/wp-content\/uploads\/2018\/07\/Asunto-ponencia-Emiliano-Lozano-Cruz-1-300x174.jpg 300w, https:\/\/teegro.gob.mx\/sitio2025\/wp-content\/uploads\/2018\/07\/Asunto-ponencia-Emiliano-Lozano-Cruz-1-768x445.jpg 768w, https:\/\/teegro.gob.mx\/sitio2025\/wp-content\/uploads\/2018\/07\/Asunto-ponencia-Emiliano-Lozano-Cruz-1.jpg 900w\" sizes=\"(max-width: 500px) 100vw, 500px\" \/><\/a><figcaption id=\"caption-attachment-6874\" class=\"wp-caption-text\">En la 54\u00b0 sesi\u00f3n de resoluci\u00f3n celebrada el domingo 1\u00b0 de julio a las 8 de la ma\u00f1ana, se amonest\u00f3 p\u00fablicamente a MORENA y se le orden\u00f3 el retiro inmediato de la propaganda electoral denunciada en el expediente TEE\/PES\/035\/2018. Magistrado Ponente Emiliano Lozano Cruz.<\/figcaption><\/figure>\n<p style=\"text-align: justify\">Durante su 54\u00b0 sesi\u00f3n de resoluci\u00f3n Emiliano Lozano Cruz, de la tercera ponencia present\u00f3 propuesta de sentencia al pleno del Tribunal, sobre el Procedimiento Especial Sancionador TEE\/PES\/035\/2018 interpuesto por Erik Garc\u00eda Ponciano en contra de Leopoldina Hern\u00e1ndez Venegas, candidata a presidenta municipal del municipio de Xochihuehuetl\u00e1n y en contra del partido pol\u00edtico Movimiento Regeneraci\u00f3n Nacional (MORENA) por la colocaci\u00f3n de propaganda electoral en el equipamiento urbano.<\/p>\n<p style=\"text-align: justify\">En la resoluci\u00f3n se amonest\u00f3 p\u00fablicamente solo al partido pol\u00edtico MORENA, por lo que se le aplic\u00f3 una sanci\u00f3n consistente en la amonestaci\u00f3n p\u00fablica, orden\u00e1ndosele el retiro inmediato de la propaganda electoral. En cuanto a la candidata Leopoldina Hern\u00e1ndez Venegas no se acredit\u00f3 la existencia de la infracci\u00f3n puesto que la propaganda era para posicionar al partido y no se inclu\u00eda el nombre de la candidata ni el llamado al voto a su favor.<\/p>\n<p style=\"text-align: justify\">Tambi\u00e9n se amonest\u00f3 p\u00fablicamente a Carlos Arriaga Ramos, candidato a presidente municipal del Xochihuehuetl\u00e1n, y al Partido del Trabajo que lo postul\u00f3, por transgredir el art\u00edculo 286 de la Ley de Instituciones y procedimientos electorales del estado de Guerrero (LIPEEG), que proh\u00edbe fijar propaganda electoral en el equipamiento urbano.<\/p>\n<p style=\"text-align: justify\">Esta denuncia fue presentada por Erik Garc\u00eda Ponciano y confirmados los hechos denunciados en una inspecci\u00f3n ocular realizada por el personal del Consejo Distrital Electoral 27 con cabecera en Tlapa de Comonfort. Despu\u00e9s de analizar el procedimiento TEE\/PES\/036\/2018 la primera ponencia present\u00f3 la propuesta al pleno del Tribunal y se declar\u00f3 la existencia de la infracci\u00f3n catalog\u00e1ndose como lev\u00edsima orden\u00e1ndose subir la p\u00e1gina de internet del TEEGro la amonestaci\u00f3n para una mayor publicidad.<\/p>\n<p style=\"text-align: justify\">A propuesta de la primera ponencia, del magistrado Ram\u00f3n Ramos Piedra, se desech\u00f3 de plano el juicio electoral ciudadano TEE\/JEC\/095\/2018 interpuesto por Jos\u00e9 Luis Celestino Mart\u00ednez en contra del Consejo General del Instituto Electoral y de Participaci\u00f3n Ciudadana, toda vez de que el promovente carece de inter\u00e9s jur\u00eddico, adem\u00e1s de que no acredit\u00f3 con alg\u00fan documento su participaci\u00f3n dentro del proceso electivo y en lo consecuente no se le vulner\u00f3 su derecho a ser votado.<\/p>\n<figure id=\"attachment_6876\" aria-describedby=\"caption-attachment-6876\" style=\"width: 500px\" class=\"wp-caption aligncenter\"><a href=\"http:\/\/teegro.gob.mx\/inicio\/wp-content\/uploads\/2018\/07\/Asunto-ponencia-Ramon-Ramos-Pedra.jpg\"><img decoding=\"async\" class=\"wp-image-6876\" src=\"http:\/\/teegro.gob.mx\/inicio\/wp-content\/uploads\/2018\/07\/Asunto-ponencia-Ramon-Ramos-Pedra-460x553.jpg\" alt=\"Se desech\u00f3 de plano el juicio TEE\/JEC\/095\/2018 toda vez que el promovente Jos\u00e9 Luis Celestino Mart\u00ednez carece de inter\u00e9s jur\u00eddico. Asunto de la ponencia primera a cargo del magistrado, Ram\u00f3n Ramos Piedra.\" width=\"500\" height=\"307\" srcset=\"https:\/\/teegro.gob.mx\/sitio2025\/wp-content\/uploads\/2018\/07\/Asunto-ponencia-Ramon-Ramos-Pedra-300x184.jpg 300w, https:\/\/teegro.gob.mx\/sitio2025\/wp-content\/uploads\/2018\/07\/Asunto-ponencia-Ramon-Ramos-Pedra-768x472.jpg 768w, https:\/\/teegro.gob.mx\/sitio2025\/wp-content\/uploads\/2018\/07\/Asunto-ponencia-Ramon-Ramos-Pedra.jpg 900w\" sizes=\"(max-width: 500px) 100vw, 500px\" \/><\/a><figcaption id=\"caption-attachment-6876\" class=\"wp-caption-text\">Se desech\u00f3 de plano el juicio TEE\/JEC\/095\/2018 toda vez que el promovente Jos\u00e9 Luis Celestino Mart\u00ednez carece de inter\u00e9s jur\u00eddico. Asunto de la ponencia primera a cargo del magistrado, Ram\u00f3n Ramos Piedra.<\/figcaption><\/figure>\n<p style=\"text-align: justify\">En este juicio, Celestino Mart\u00ednez impugn\u00f3 el acuerdo 082\/SO\/20-04-2018 del IEPC por el que se aprob\u00f3 el registro supletorio de las f\u00f3rmulas de candidaturas a diputaciones por el principio de mayor\u00eda relativa postulados por los partidos pol\u00edticos, coaliciones y candidaturas comunes para el proceso electoral ordinario 2017-2018, espec\u00edficamente buscaba controvertir la f\u00f3rmula de candidatos por el distrito 23 con cabecera en Huitzuco de la coalici\u00f3n \u201cTransformando Guerrero\u201d en donde va como suplente H\u00e9ctor Vicario Castrej\u00f3n.<\/p>\n<p>&nbsp;<\/p>\n<p style=\"text-align: center\">o-0-o<\/p>\n<p>&nbsp;<\/p>\n","protected":false},"excerpt":{"rendered":"<p>Por violaciones al art\u00edculo 286 de la ley electoral consistentes en fijar propaganda electoral en el equipamiento urbano 01 de julio de 2018. Este domingo primero de julio a las 8 de la ma\u00f1ana el Tribunal Electoral del Estado de Guerrero sesion\u00f3 para resolver dos procedimientos especiales sancionadores y un juicio electoral ciudadano relativos al [&hellip;]<\/p>\n","protected":false},"author":1,"featured_media":6874,"comment_status":"open","ping_status":"open","sticky":false,"template":"","format":"standard","meta":{"_acf_changed":false,"footnotes":""},"categories":[48],"tags":[60,65,52,143],"class_list":["post-6842","post","type-post","status-publish","format-standard","has-post-thumbnail","hentry","category-comunicacion-social","tag-emiliano-lozano-cruz","tag-ramon-ramos-piedra","tag-resuelve-teegro","tag-sesiona-teegro"],"acf":[],"_links":{"self":[{"href":"https:\/\/teegro.gob.mx\/sitio2025\/wp-json\/wp\/v2\/posts\/6842","targetHints":{"allow":["GET"]}}],"collection":[{"href":"https:\/\/teegro.gob.mx\/sitio2025\/wp-json\/wp\/v2\/posts"}],"about":[{"href":"https:\/\/teegro.gob.mx\/sitio2025\/wp-json\/wp\/v2\/types\/post"}],"author":[{"embeddable":true,"href":"https:\/\/teegro.gob.mx\/sitio2025\/wp-json\/wp\/v2\/users\/1"}],"replies":[{"embeddable":true,"href":"https:\/\/teegro.gob.mx\/sitio2025\/wp-json\/wp\/v2\/comments?post=6842"}],"version-history":[{"count":6,"href":"https:\/\/teegro.gob.mx\/sitio2025\/wp-json\/wp\/v2\/posts\/6842\/revisions"}],"predecessor-version":[{"id":6877,"href":"https:\/\/teegro.gob.mx\/sitio2025\/wp-json\/wp\/v2\/posts\/6842\/revisions\/6877"}],"wp:featuredmedia":[{"embeddable":true,"href":"https:\/\/teegro.gob.mx\/sitio2025\/wp-json\/wp\/v2\/media\/6874"}],"wp:attachment":[{"href":"https:\/\/teegro.gob.mx\/sitio2025\/wp-json\/wp\/v2\/media?parent=6842"}],"wp:term":[{"taxonomy":"category","embeddable":true,"href":"https:\/\/teegro.gob.mx\/sitio2025\/wp-json\/wp\/v2\/categories?post=6842"},{"taxonomy":"post_tag","embeddable":true,"href":"https:\/\/teegro.gob.mx\/sitio2025\/wp-json\/wp\/v2\/tags?post=6842"}],"curies":[{"name":"wp","href":"https:\/\/api.w.org\/{rel}","templated":true}]}}