{"id":6920,"date":"2018-07-25T15:05:29","date_gmt":"2018-07-25T20:05:29","guid":{"rendered":"http:\/\/teegro.gob.mx\/inicio\/?p=6920"},"modified":"2018-07-25T15:08:15","modified_gmt":"2018-07-25T20:08:15","slug":"tribunal-electoral-aprueba-recuento-total-de-votos-en-el-municipio-de-tecoanapa-en-donde-la-diferencia-entre-el-primer-y-segundo-lugar-es-de-56-votos","status":"publish","type":"post","link":"https:\/\/teegro.gob.mx\/sitio2025\/tribunal-electoral-aprueba-recuento-total-de-votos-en-el-municipio-de-tecoanapa-en-donde-la-diferencia-entre-el-primer-y-segundo-lugar-es-de-56-votos\/","title":{"rendered":"Tribunal Electoral aprueba recuento total de votos en el municipio de Tecoanapa en donde la diferencia entre el primer y segundo lugar es de 56 votos."},"content":{"rendered":"<p><!-- VideographyWP Plugin Message: Automatic video embedding prevented by plugin options. --><br \/>\n&nbsp;<\/p>\n<p style=\"text-align: justify\">25 de julio de 2018. El pleno del Tribunal Electoral del Estado de Guerrero aprob\u00f3 en su sexag\u00e9sima sesi\u00f3n p\u00fablica realizar el recuento total de votos de la elecci\u00f3n del ayuntamiento de Tecoanapa, municipio que de acuerdo al c\u00f3mputo realizado por el Consejo Distrital del Instituto Electoral y de Participaci\u00f3n Ciudadana habr\u00eda resultado presidente electo Henos Roque Ram\u00edrez candidato de MORENA y Encuentro Social.<\/p>\n<p style=\"text-align: justify\"><a href=\"http:\/\/teegro.gob.mx\/inicio\/wp-content\/uploads\/2018\/07\/IMG_2831-ww-copia.jpg\"><img fetchpriority=\"high\" decoding=\"async\" class=\"aligncenter wp-image-6921\" src=\"http:\/\/teegro.gob.mx\/inicio\/wp-content\/uploads\/2018\/07\/IMG_2831-ww-copia-460x675.jpg\" alt=\"IMG_2831 ww - copia\" width=\"500\" height=\"375\" srcset=\"https:\/\/teegro.gob.mx\/sitio2025\/wp-content\/uploads\/2018\/07\/IMG_2831-ww-copia-300x225.jpg 300w, https:\/\/teegro.gob.mx\/sitio2025\/wp-content\/uploads\/2018\/07\/IMG_2831-ww-copia-768x576.jpg 768w, https:\/\/teegro.gob.mx\/sitio2025\/wp-content\/uploads\/2018\/07\/IMG_2831-ww-copia-200x150.jpg 200w, https:\/\/teegro.gob.mx\/sitio2025\/wp-content\/uploads\/2018\/07\/IMG_2831-ww-copia.jpg 900w\" sizes=\"(max-width: 500px) 100vw, 500px\" \/><\/a><\/p>\n<p style=\"text-align: justify\">El recuento de votos en este municipio se solicit\u00f3 de manera parcial en los expedientes acumulados TEE\/JIN\/002\/2018 y TEE\/JEC\/099\/2018 por el Partido Acci\u00f3n Nacional y Naim Morales Leyva. Mientras que el recuento total fue petici\u00f3n del Partido Verde Ecologista de M\u00e9xico en el expediente TEE\/JIN\/027\/2018 todos ellos turnados a la segunda ponencia del magistrado electoral J. In\u00e9s Betancourt Salgado.<\/p>\n<p style=\"text-align: justify\">En esta \u201cresoluci\u00f3n incidental\u201d se declar\u00f3 fundada la solicitud del Partido Verde Ecologista de M\u00e9xico de realizar un recuento total de la votaci\u00f3n emitida el pasado primero de julio en el que se eligi\u00f3 presidente municipal, s\u00edndicos y regidores, en la sede jurisdiccional, es decir, en las oficinas que ocupa el Tribunal Electoral del Estado de Guerrero, por lo que la ponencia consider\u00f3 innecesario el an\u00e1lisis de las peticiones del recuento parcial de la casilla 2235 b\u00e1sica hechas por el PAN y Morales Leyva, en virtud de que se llevar\u00e1 a cabo en todas las casillas.<\/p>\n<p style=\"text-align: justify\">Tras un estudio de fondo se consider\u00f3 que en este juicio se re\u00fanen los elementos legales necesarios para realizar el recuento total de votos, toda vez que la diferencia entre el primer lugar que obtuvo la coalici\u00f3n \u201cJuntos haremos historia\u201d y segundo lugar \u201cTransformando Guerrero\u201d es igual o menor a 0.5 por ciento, con una diferencia de 56 votos.<\/p>\n<figure id=\"attachment_6922\" aria-describedby=\"caption-attachment-6922\" style=\"width: 500px\" class=\"wp-caption aligncenter\"><a href=\"http:\/\/teegro.gob.mx\/inicio\/wp-content\/uploads\/2018\/07\/IMG_2839-w.jpg\"><img decoding=\"async\" class=\"wp-image-6922\" src=\"http:\/\/teegro.gob.mx\/inicio\/wp-content\/uploads\/2018\/07\/IMG_2839-w-460x2448.jpg\" alt=\"En \u201cresoluci\u00f3n incidental\u201d TEE declar\u00f3 fundada la solicitud del Partido Verde Ecologista de M\u00e9xico de realizar un recuento total de la votaci\u00f3n emitida el pasado primero de julio en Tecoanapa.\" width=\"500\" height=\"375\" srcset=\"https:\/\/teegro.gob.mx\/sitio2025\/wp-content\/uploads\/2018\/07\/IMG_2839-w-300x225.jpg 300w, https:\/\/teegro.gob.mx\/sitio2025\/wp-content\/uploads\/2018\/07\/IMG_2839-w-768x576.jpg 768w, https:\/\/teegro.gob.mx\/sitio2025\/wp-content\/uploads\/2018\/07\/IMG_2839-w-1024x768.jpg 1024w, https:\/\/teegro.gob.mx\/sitio2025\/wp-content\/uploads\/2018\/07\/IMG_2839-w-200x150.jpg 200w\" sizes=\"(max-width: 500px) 100vw, 500px\" \/><\/a><figcaption id=\"caption-attachment-6922\" class=\"wp-caption-text\">En \u201cresoluci\u00f3n incidental\u201d TEE declar\u00f3 fundada la solicitud del Partido Verde Ecologista de M\u00e9xico de realizar un recuento total de la votaci\u00f3n emitida el pasado primero de julio en Tecoanapa.<\/figcaption><\/figure>\n<p style=\"text-align: justify\">Pare ello, una vez reunidas las condiciones \u00f3ptimas para practicar el recuento, el magistrado ponente J. In\u00e9s Betancourt Salgado fijar\u00e1 la fecha para su realizaci\u00f3n, previa notificaci\u00f3n personal a las partes y a los dem\u00e1s partidos pol\u00edticos que participaron en la elecci\u00f3n de ayuntamiento de Tecoanapa.<\/p>\n<p style=\"text-align: justify\">De acuerdo al acta del c\u00f3mputo de la elecci\u00f3n en Tecoanapa realizado en el CDE 13 con cabecera en San Marcos, la coalici\u00f3n \u201cJuntos haremos historia\u201d (MORENA-PES) obtuvo 6 mil 532 votos; la coalici\u00f3n \u201cTransformando Guerrero\u201d (PRI-PVEM) 6 mil 476 votos; el Partido Acci\u00f3n Nacional 4 mil 411 votos; el Partido de la Revoluci\u00f3n Democr\u00e1tica 2 mil 967 votos; Movimiento Ciudadano 849 votos; Partido del Pueblo de Guerrero 514 votos; Partido Nueva Alianza 226 votos; Partido del Trabajo 128; entre otros, obteniendo una votaci\u00f3n total de 23 mil 072 entre candidatos no registrados y votos nulos.<\/p>\n<p style=\"text-align: justify\">Vale la pena hacer menci\u00f3n que para el recuento total de votos proceda en el Tribunal Electoral, se debe considerar que el partido inconforme cumpla con ciertos elementos, entre ellos que la diferencia entre el primer y el segundo lugar de la elecci\u00f3n sea igual o menor a medio punto porcentual; que el partido que se encuentra en segundo lugar haya hecho la solicitud de recuento ante el Consejo Distrital Electoral antes del computo de la elecci\u00f3n y que el Consejo Distrital se haya negado a practicarlo de manera injustificada.<\/p>\n<p style=\"text-align: center\">o-0-o<\/p>\n","protected":false},"excerpt":{"rendered":"<p>&nbsp; 25 de julio de 2018. El pleno del Tribunal Electoral del Estado de Guerrero aprob\u00f3 en su sexag\u00e9sima sesi\u00f3n p\u00fablica realizar el recuento total de votos de la elecci\u00f3n del ayuntamiento de Tecoanapa, municipio que de acuerdo al c\u00f3mputo realizado por el Consejo Distrital del Instituto Electoral y de Participaci\u00f3n Ciudadana habr\u00eda resultado presidente [&hellip;]<\/p>\n","protected":false},"author":1,"featured_media":6921,"comment_status":"open","ping_status":"open","sticky":false,"template":"","format":"standard","meta":{"_acf_changed":false,"footnotes":""},"categories":[48],"tags":[166,67,165,92,96,81],"class_list":["post-6920","post","type-post","status-publish","format-standard","has-post-thumbnail","hentry","category-comunicacion-social","tag-henos-roque-ramirez","tag-j-ines-betancourt-salgado","tag-recuento-de-votos-en-el-municipio-de-tecoanapa","tag-sentencia-teegro","tag-tee","tag-teegro"],"acf":[],"_links":{"self":[{"href":"https:\/\/teegro.gob.mx\/sitio2025\/wp-json\/wp\/v2\/posts\/6920","targetHints":{"allow":["GET"]}}],"collection":[{"href":"https:\/\/teegro.gob.mx\/sitio2025\/wp-json\/wp\/v2\/posts"}],"about":[{"href":"https:\/\/teegro.gob.mx\/sitio2025\/wp-json\/wp\/v2\/types\/post"}],"author":[{"embeddable":true,"href":"https:\/\/teegro.gob.mx\/sitio2025\/wp-json\/wp\/v2\/users\/1"}],"replies":[{"embeddable":true,"href":"https:\/\/teegro.gob.mx\/sitio2025\/wp-json\/wp\/v2\/comments?post=6920"}],"version-history":[{"count":2,"href":"https:\/\/teegro.gob.mx\/sitio2025\/wp-json\/wp\/v2\/posts\/6920\/revisions"}],"predecessor-version":[{"id":6924,"href":"https:\/\/teegro.gob.mx\/sitio2025\/wp-json\/wp\/v2\/posts\/6920\/revisions\/6924"}],"wp:featuredmedia":[{"embeddable":true,"href":"https:\/\/teegro.gob.mx\/sitio2025\/wp-json\/wp\/v2\/media\/6921"}],"wp:attachment":[{"href":"https:\/\/teegro.gob.mx\/sitio2025\/wp-json\/wp\/v2\/media?parent=6920"}],"wp:term":[{"taxonomy":"category","embeddable":true,"href":"https:\/\/teegro.gob.mx\/sitio2025\/wp-json\/wp\/v2\/categories?post=6920"},{"taxonomy":"post_tag","embeddable":true,"href":"https:\/\/teegro.gob.mx\/sitio2025\/wp-json\/wp\/v2\/tags?post=6920"}],"curies":[{"name":"wp","href":"https:\/\/api.w.org\/{rel}","templated":true}]}}