{"id":6966,"date":"2018-07-31T12:00:01","date_gmt":"2018-07-31T17:00:01","guid":{"rendered":"http:\/\/teegro.gob.mx\/inicio\/?p=6966"},"modified":"2018-07-31T15:18:43","modified_gmt":"2018-07-31T20:18:43","slug":"en-su-sexagesima-segunda-sesion-tribunal-confirma-los-resultados-electorales-de-los-computos-realizados-por-el-iepc-en-los-ayuntamientos-de-iguala-tepecoacuilco-y-coahuayutla","status":"publish","type":"post","link":"https:\/\/teegro.gob.mx\/sitio2025\/en-su-sexagesima-segunda-sesion-tribunal-confirma-los-resultados-electorales-de-los-computos-realizados-por-el-iepc-en-los-ayuntamientos-de-iguala-tepecoacuilco-y-coahuayutla\/","title":{"rendered":"En su sexag\u00e9sima segunda sesi\u00f3n\u00a0Tribunal confirma los resultados electorales de los c\u00f3mputos realizados por el IEPC en los ayuntamientos de Iguala, Tepecoacuilco y Coahuayutla."},"content":{"rendered":"<p><!-- VideographyWP Plugin Message: Automatic video embedding prevented by plugin options. --><br \/>\n&nbsp;<\/p>\n<p style=\"text-align: justify\">31 de julio de 2018. Tribunal Electoral confirm\u00f3 los candidatos electos Antonio Salvador Jaimes Herrera de MORENA y PES en el municipio de Iguala, Ignacio Ocampo Zavaleta del PRI en Tepecoacuilco y Rafael Mart\u00ednez Ram\u00edrez de MORENA en Coahuayutla, asimismo ratific\u00f3 la regidur\u00eda asignada por el IEPC a planilla independiente de Iguala.<\/p>\n<figure id=\"attachment_6967\" aria-describedby=\"caption-attachment-6967\" style=\"width: 500px\" class=\"wp-caption aligncenter\"><a href=\"http:\/\/teegro.gob.mx\/inicio\/wp-content\/uploads\/2018\/07\/IMG_2980-w-copia.jpg\"><img fetchpriority=\"high\" decoding=\"async\" class=\"wp-image-6967\" src=\"http:\/\/teegro.gob.mx\/inicio\/wp-content\/uploads\/2018\/07\/IMG_2980-w-copia-460x675.jpg\" alt=\"TEEGRO 62\u00b0 31-jul-18\" width=\"500\" height=\"375\" srcset=\"https:\/\/teegro.gob.mx\/sitio2025\/wp-content\/uploads\/2018\/07\/IMG_2980-w-copia-300x225.jpg 300w, https:\/\/teegro.gob.mx\/sitio2025\/wp-content\/uploads\/2018\/07\/IMG_2980-w-copia-768x576.jpg 768w, https:\/\/teegro.gob.mx\/sitio2025\/wp-content\/uploads\/2018\/07\/IMG_2980-w-copia-200x150.jpg 200w, https:\/\/teegro.gob.mx\/sitio2025\/wp-content\/uploads\/2018\/07\/IMG_2980-w-copia.jpg 900w\" sizes=\"(max-width: 500px) 100vw, 500px\" \/><\/a><figcaption id=\"caption-attachment-6967\" class=\"wp-caption-text\">Tribunal confirma los resultados electorales de los c\u00f3mputos realizados por el IEPC en los ayuntamientos de Iguala, Tepecoacuilco y Coahuayutla.<\/figcaption><\/figure>\n<p style=\"text-align: justify\">Como parte de los trabajos del \u00f3rgano jurisdiccional, este martes se resolvieron infundados los juicios de impugnaci\u00f3n del c\u00f3mputo municipal de <strong><u>Iguala<\/u><\/strong> reca\u00eddos en los expedientes TEE\/JIN\/048\/2018, TEE\/JIN\/50\/2018, TEE\/JIN\/051\/2018 y TEE\/JEC\/108\/2018 en contra del Consejo Distrital Electoral 22 de Iguala.<\/p>\n<p style=\"text-align: justify\">En estos asuntos acumulados y analizados por la tercera ponencia del Magistrado Emiliano Lozano Cruz, se objetan el c\u00f3mputo del ayuntamiento a favor de la coalici\u00f3n \u201cJuntos haremos historia\u201d integrada por los partidos MORENA y PES y la asignaci\u00f3n de una regidur\u00eda a la planilla de candidatura independiente por el principio de representaci\u00f3n proporcional.<\/p>\n<p style=\"text-align: justify\">Dichas demandas se declararon improcedentes y se orden\u00f3 notificar y dar vista al Consejo Distrital y a los actores; Partido Revolucionario Institucional, Partido Verde Ecologista de M\u00e9xico, MORENA, Ricardo Mendoza Pastrana e Iv\u00e1n V\u00e1zquez Flores, candidatos a regidores propietario y suplente por el Partido del Trabajo, sobre el fallo del TEEGRO respecto a la confirmaci\u00f3n del c\u00f3mputo, la declaratoria de validez y constancia de mayor\u00eda.<\/p>\n<p style=\"text-align: justify\">En cuanto al expediente TEE\/JIN\/047\/2018, la cuarta ponencia de la magistrada Hilda Rosa Delgado Brito, resolvi\u00f3 declarar improcedente la solicitud de recuento de total de votos en el municipio de <strong><u>Tepecoacuilco<\/u><\/strong>, toda vez que el Partido Acci\u00f3n Nacional no cumple con el requisito previsto en la Ley de Medios de Impugnaci\u00f3n que establece la necesidad de una diferencia igual o menor a 0.5% entre el primero y segundo lugar para el recuento total.<\/p>\n<figure id=\"attachment_6968\" aria-describedby=\"caption-attachment-6968\" style=\"width: 500px\" class=\"wp-caption aligncenter\"><a href=\"http:\/\/teegro.gob.mx\/inicio\/wp-content\/uploads\/2018\/07\/IMG_2982-ww-copia-Hilda.jpg\"><img decoding=\"async\" class=\"wp-image-6968\" src=\"http:\/\/teegro.gob.mx\/inicio\/wp-content\/uploads\/2018\/07\/IMG_2982-ww-copia-Hilda-460x675.jpg\" alt=\"TEEGRO 62\u00b0 sesi\u00f3n 31-jul-18, resuelve la cuarta ponencia de la magistrada Hilda Rosa Delgado Brito impugnaci\u00f3n de Tepecoacuilco.\" width=\"500\" height=\"375\" srcset=\"https:\/\/teegro.gob.mx\/sitio2025\/wp-content\/uploads\/2018\/07\/IMG_2982-ww-copia-Hilda-300x225.jpg 300w, https:\/\/teegro.gob.mx\/sitio2025\/wp-content\/uploads\/2018\/07\/IMG_2982-ww-copia-Hilda-768x576.jpg 768w, https:\/\/teegro.gob.mx\/sitio2025\/wp-content\/uploads\/2018\/07\/IMG_2982-ww-copia-Hilda-200x150.jpg 200w, https:\/\/teegro.gob.mx\/sitio2025\/wp-content\/uploads\/2018\/07\/IMG_2982-ww-copia-Hilda.jpg 900w\" sizes=\"(max-width: 500px) 100vw, 500px\" \/><\/a><figcaption id=\"caption-attachment-6968\" class=\"wp-caption-text\">TEEGRO 62\u00b0 sesi\u00f3n 31-jul-18, resuelve la cuarta ponencia de la magistrada Hilda Rosa Delgado Brito impugnaci\u00f3n de Tepecoacuilco.<\/figcaption><\/figure>\n<p style=\"text-align: justify\">El porcentaje entre el PRI \u201cpartido ganador en Tepecoacuilco\u201d y el segundo lugar del PAN fue de 1.2%, por esta raz\u00f3n no procedi\u00f3 la impugnaci\u00f3n del Partido Acci\u00f3n Nacional en contra del Consejo Distrital Electoral 23 del IEPC con sede en Huitzuco.<\/p>\n<p style=\"text-align: justify\">Por \u00faltimo, la ponencia del magistrado Ren\u00e9 Patr\u00f3n Mu\u00f1oz resolvi\u00f3 confirmar los resultados del c\u00f3mputo municipal en <strong><u>Coahuayutla<\/u><\/strong> de Jos\u00e9 Mar\u00eda Izazaga realizados por el Consejo Distrital Electoral 12 de Zihuatanejo, en donde result\u00f3 presidente electo Rafael Mart\u00ednez Ram\u00edrez de MORENA.<\/p>\n<figure id=\"attachment_6969\" aria-describedby=\"caption-attachment-6969\" style=\"width: 500px\" class=\"wp-caption aligncenter\"><a href=\"http:\/\/teegro.gob.mx\/inicio\/wp-content\/uploads\/2018\/07\/IMG_3517-www-Ren\u00e9-Patr\u00f3n-copia.jpg\"><img decoding=\"async\" class=\"wp-image-6969\" src=\"http:\/\/teegro.gob.mx\/inicio\/wp-content\/uploads\/2018\/07\/IMG_3517-www-Ren\u00e9-Patr\u00f3n-copia-460x600.jpg\" alt=\"TEEGRO 62\u00b0 sesi\u00f3n 31-jul-18, resuelve la quinta ponencia del magistrado Ren\u00e9 Patr\u00f3n Mu\u00f1oz.\" width=\"500\" height=\"333\" srcset=\"https:\/\/teegro.gob.mx\/sitio2025\/wp-content\/uploads\/2018\/07\/IMG_3517-www-Ren\u00e9-Patr\u00f3n-copia-300x200.jpg 300w, https:\/\/teegro.gob.mx\/sitio2025\/wp-content\/uploads\/2018\/07\/IMG_3517-www-Ren\u00e9-Patr\u00f3n-copia-768x512.jpg 768w, https:\/\/teegro.gob.mx\/sitio2025\/wp-content\/uploads\/2018\/07\/IMG_3517-www-Ren\u00e9-Patr\u00f3n-copia.jpg 900w\" sizes=\"(max-width: 500px) 100vw, 500px\" \/><\/a><figcaption id=\"caption-attachment-6969\" class=\"wp-caption-text\">TEEGRO 62\u00b0 sesi\u00f3n 31-jul-18, resuelve la quinta ponencia del magistrado Ren\u00e9 Patr\u00f3n Mu\u00f1oz\u00a0 impugnaci\u00f3n de Coahuayutla.<\/figcaption><\/figure>\n<p>&nbsp;<\/p>\n<p style=\"text-align: justify\">En la impugnaci\u00f3n TEE\/JIN\/020\/2018, MORENA pide la anulaci\u00f3n de las casillas 0810 y 0811 b\u00e1sicas por considerar que existi\u00f3 dolo o error en la computaci\u00f3n de los votos, mientras que el Partido Verde Ecologista de M\u00e9xico en el expediente TEE\/JIN\/023\/2018 solicita la anulaci\u00f3n de 7 casillas por varias razones, entre ellas haberse entregado los paquetes electorales fuera de los plazos establecidos por la ley; haberles impedido el acceso a los representantes de los partidos; ejercer violencia contra los funcionarios de las mesas directivas; impedir a los ciudadanos emitir su voto e irregularidades graves, sin embargo tras un estudio de los agravios el Tribunal no acredit\u00f3 la nulidad planteada.<\/p>\n<p style=\"text-align: justify\">En la impugnaci\u00f3n el PVEM pidi\u00f3 la anulaci\u00f3n otras casillas argumentando que MORENA hab\u00eda obtenido un porcentaje \u201cexageradamente alto y que en anteriores elecciones el porcentaje hab\u00eda sido menor\u201d a lo que el organismo jurisdiccional consider\u00f3 que el alto porcentaje de votaci\u00f3n no constituye una irregularidad grave m\u00e1s bien la calific\u00f3 como \u201cuna condici\u00f3n extraordinaria, pero en sentido positivo, porque es una de las metas buscadas con el sistema electoral representativo\u201d.<\/p>\n<p style=\"text-align: center\">o-0-o<\/p>\n","protected":false},"excerpt":{"rendered":"<p>&nbsp; 31 de julio de 2018. Tribunal Electoral confirm\u00f3 los candidatos electos Antonio Salvador Jaimes Herrera de MORENA y PES en el municipio de Iguala, Ignacio Ocampo Zavaleta del PRI en Tepecoacuilco y Rafael Mart\u00ednez Ram\u00edrez de MORENA en Coahuayutla, asimismo ratific\u00f3 la regidur\u00eda asignada por el IEPC a planilla independiente de Iguala. Como parte [&hellip;]<\/p>\n","protected":false},"author":1,"featured_media":6967,"comment_status":"open","ping_status":"open","sticky":false,"template":"","format":"standard","meta":{"_acf_changed":false,"footnotes":""},"categories":[48],"tags":[176,60,51,174,64,53,175,85],"class_list":["post-6966","post","type-post","status-publish","format-standard","has-post-thumbnail","hentry","category-comunicacion-social","tag-coahuayutla","tag-emiliano-lozano-cruz","tag-hilda-rosa-delgado-brito","tag-iguala","tag-rene-patron-munoz","tag-sesion-teegro","tag-tepecoacoacuilco","tag-tribunal-electoral-del-estado-de-guerrero"],"acf":[],"_links":{"self":[{"href":"https:\/\/teegro.gob.mx\/sitio2025\/wp-json\/wp\/v2\/posts\/6966","targetHints":{"allow":["GET"]}}],"collection":[{"href":"https:\/\/teegro.gob.mx\/sitio2025\/wp-json\/wp\/v2\/posts"}],"about":[{"href":"https:\/\/teegro.gob.mx\/sitio2025\/wp-json\/wp\/v2\/types\/post"}],"author":[{"embeddable":true,"href":"https:\/\/teegro.gob.mx\/sitio2025\/wp-json\/wp\/v2\/users\/1"}],"replies":[{"embeddable":true,"href":"https:\/\/teegro.gob.mx\/sitio2025\/wp-json\/wp\/v2\/comments?post=6966"}],"version-history":[{"count":2,"href":"https:\/\/teegro.gob.mx\/sitio2025\/wp-json\/wp\/v2\/posts\/6966\/revisions"}],"predecessor-version":[{"id":6971,"href":"https:\/\/teegro.gob.mx\/sitio2025\/wp-json\/wp\/v2\/posts\/6966\/revisions\/6971"}],"wp:featuredmedia":[{"embeddable":true,"href":"https:\/\/teegro.gob.mx\/sitio2025\/wp-json\/wp\/v2\/media\/6967"}],"wp:attachment":[{"href":"https:\/\/teegro.gob.mx\/sitio2025\/wp-json\/wp\/v2\/media?parent=6966"}],"wp:term":[{"taxonomy":"category","embeddable":true,"href":"https:\/\/teegro.gob.mx\/sitio2025\/wp-json\/wp\/v2\/categories?post=6966"},{"taxonomy":"post_tag","embeddable":true,"href":"https:\/\/teegro.gob.mx\/sitio2025\/wp-json\/wp\/v2\/tags?post=6966"}],"curies":[{"name":"wp","href":"https:\/\/api.w.org\/{rel}","templated":true}]}}