{"id":7020,"date":"2018-08-10T21:37:07","date_gmt":"2018-08-11T02:37:07","guid":{"rendered":"http:\/\/teegro.gob.mx\/inicio\/?p=7020"},"modified":"2018-08-21T10:57:14","modified_gmt":"2018-08-21T15:57:14","slug":"nueva-asignacion-de-diputados-por-la-via-de-representacion-proporcional-morena-1-pri-5-prd-4-pt-2-pvem-2-pan-2-y-mc-2-tribunal-electoral","status":"publish","type":"post","link":"https:\/\/teegro.gob.mx\/sitio2025\/nueva-asignacion-de-diputados-por-la-via-de-representacion-proporcional-morena-1-pri-5-prd-4-pt-2-pvem-2-pan-2-y-mc-2-tribunal-electoral\/","title":{"rendered":"Nueva asignaci\u00f3n de diputados por la v\u00eda de representaci\u00f3n proporcional; MORENA 1, PRI 5, PRD 4, PT 2, PVEM 2, PAN 2 y MC 2: Tribunal Electoral"},"content":{"rendered":"<p><!-- VideographyWP Plugin Message: Automatic video embedding prevented by plugin options. --><\/p>\n<p style=\"text-align: justify\"><sup>-Ordenan recuento de la casilla 752 contigua2 de la elecci\u00f3n de ayuntamiento en Marquelia, ser\u00e1 el pr\u00f3ximo 14 de agosto a las 11 de la ma\u00f1ana.<\/sup><\/p>\n<p style=\"text-align: justify\"><em>10 de agosto de 2018.\u00a0<\/em>Tras concluir que la f\u00f3rmula utilizada por el \u00f3rgano administrativo fue indebida, modifica el Tribunal Electoral el acuerdo 168 emitido por el IEPC el pasado 8 de julio, por el que se asignan las 18 diputaciones de representaci\u00f3n proporcional a los partidos pol\u00edticos y en consecuencia la lista de asignaci\u00f3n de diputados plurinominales.<\/p>\n<p style=\"text-align: justify\"><a href=\"http:\/\/teegro.gob.mx\/inicio\/wp-content\/uploads\/2018\/08\/IMG_4496-copia.jpg\"><img fetchpriority=\"high\" decoding=\"async\" class=\"aligncenter wp-image-7023\" src=\"http:\/\/teegro.gob.mx\/inicio\/wp-content\/uploads\/2018\/08\/IMG_4496-copia-460x600.jpg\" alt=\"TEEGRO SESI\u00d3N 66\u00b0 10-AGO-18\" width=\"470\" height=\"313\" srcset=\"https:\/\/teegro.gob.mx\/sitio2025\/wp-content\/uploads\/2018\/08\/IMG_4496-copia-300x200.jpg 300w, https:\/\/teegro.gob.mx\/sitio2025\/wp-content\/uploads\/2018\/08\/IMG_4496-copia-768x512.jpg 768w, https:\/\/teegro.gob.mx\/sitio2025\/wp-content\/uploads\/2018\/08\/IMG_4496-copia.jpg 900w\" sizes=\"(max-width: 470px) 100vw, 470px\" \/><\/a><\/p>\n<p style=\"text-align: justify\">De acuerdo a la aplicaci\u00f3n de la f\u00f3rmula propuesta por el magistrado ponente, Ram\u00f3n Ramos Piedra, MORENA tendr\u00eda 17 diputados en el congreso local, 16 de MR y 1 de RP; el PRI queda con 10, 5 de MR y 5 de RP; el PRD con 8, 4 de MR y 4 de RP; el PT con 2 de RP; el PVEM con 3 diputados, 1 de MR y 2 de RP; el PAN queda con 2 diputados de RP; MC queda con 2 diputados de RP y PES tendr\u00eda una representaci\u00f3n de 2 diputados de MR.<\/p>\n<p style=\"text-align: justify\">El Tribunal orden\u00f3 la revocaci\u00f3n de las constancias de representaci\u00f3n proporcional que contravienen al nuevo acuerdo y orden\u00f3 la expedici\u00f3n de las constancias como diputados a Carlos Cruz L\u00f3pez de MORENA; H\u00e9ctor Apreza Patr\u00f3n, Mar\u00eda Ver\u00f3nica Mu\u00f1oz Parra, Heriberto Huicochea V\u00e1zquez, Araceli Alhel\u00ed Alvarado y Jorge Salgado Parra del PRI.<\/p>\n<p style=\"text-align: justify\">Celestino Ces\u00e1reo Guzm\u00e1n, Perla Edith Mart\u00ednez R\u00edos, Alberto Catal\u00e1n Bastida y Dimna Guadalupe Salgado del PRD; Leticia Mosso Hern\u00e1ndez y Servando de Jes\u00fas Salgado del PT; Hilda Jennifer Ponce Mendoza y Juan Manuel Santamar\u00eda del PVEM; Guadalupe Gonz\u00e1lez Suastegui y Julio Alberto Galarza Castro del PAN y Arturo L\u00f3pez Sug\u00eda y Claudia de la O Pineda de Movimiento Ciudadano.<\/p>\n<p style=\"text-align: justify\">Este acuerdo fue votado por \u201cmayor\u00eda\u201d de votos por los magistrados Ram\u00f3n Ramos Piedra, J. In\u00e9s Betancourt Salgado, Hilda Rosa Delgado Brito y el presidente Ren\u00e9 Patr\u00f3n Mu\u00f1oz, con el voto particular en contra del magistrado Emiliano Lozano Cruz.<\/p>\n<p style=\"text-align: justify\">Por otro lado, en cumplimiento a la resoluci\u00f3n emitida por la Sala Regional Ciudad de M\u00e9xico del Tribunal Electoral del Estado de Guerrero, este viernes la ponencia del magistrado J. In\u00e9s Betancourt Salgado emiti\u00f3 sentencia en la que se establece el recuento de la casilla 752 contigua2, de la elecci\u00f3n de ayuntamiento de <strong><u>Marquelia<\/u><\/strong>.<\/p>\n<p style=\"text-align: justify\">Tras el juicio de revisi\u00f3n constitucional al Juicio TEE\/JIN\/037\/2018, promovido por el PVEM, el recuento de dicha casilla se llevar\u00e1 a cabo el d\u00eda 14 de agosto del presente a\u00f1o a las 11:00 horas, en la sede de la segunda ponencia del Magistrado J. In\u00e9s Betancourt Salgado, instal\u00e1ndose para ello una mesa de trabajo, en las que podr\u00e1n estar presentes las partes y un representante de los partidos pol\u00edticos o coaliciones, que postularon candidatos en la elecci\u00f3n de ayuntamiento de Marquelia.<\/p>\n<p style=\"text-align: justify\">Asimismo, se orden\u00f3 a la presidenta del Consejo Distrital Electoral del Distrito 15 con sede en San Luis Acatl\u00e1n que tome las medidas necesarias de seguridad para el resguardo del paquete electoral durante el traslado para entrega y devoluci\u00f3n al Consejo Distrital. Tambi\u00e9n se vincul\u00f3 al IEPC para que junto con el distrito se tomen las medidas pertinentes a efecto de garantizar la integridad del paquete.<\/p>\n<p style=\"text-align: justify\">En otro asunto, se declar\u00f3 infundado el recurso de apelaci\u00f3n TEE\/RAP\/032\/2018 promovido por el Partido del Trabajo en contra del Instituto Electoral, espec\u00edficamente del oficio 04133 de fecha 28 de junio de 2018 por el que el Secretario Ejecutivo del IEPC, Pedro Pablo Mart\u00ednez Ortiz, le notifica el monto de la multa derivada de la fiscalizaci\u00f3n al informe anual 2016 emitido por el INE.<\/p>\n<p style=\"text-align: justify\">En su demanda el PT se\u00f1ala que tanto el INE como el IEPC violan sus derechos humanos en virtud de que son arbitrarias y desproporcionadas las multas a sus partidos, al respecto el Tribunal declar\u00f3 infundado el recurso ya que el secretario del IEPC se remiti\u00f3 \u00fanicamente a la notificaci\u00f3n y la multa deriva de los acuerdos INE\/CG522\/2017 e INE\/CG478\/2018 aprobados por el Consejo General del INE.<\/p>\n<p>&nbsp;<\/p>\n<p style=\"text-align: center\">o-0-o<\/p>\n","protected":false},"excerpt":{"rendered":"<p>-Ordenan recuento de la casilla 752 contigua2 de la elecci\u00f3n de ayuntamiento en Marquelia, ser\u00e1 el pr\u00f3ximo 14 de agosto a las 11 de la ma\u00f1ana. 10 de agosto de 2018.\u00a0Tras concluir que la f\u00f3rmula utilizada por el \u00f3rgano administrativo fue indebida, modifica el Tribunal Electoral el acuerdo 168 emitido por el IEPC el pasado [&hellip;]<\/p>\n","protected":false},"author":1,"featured_media":7023,"comment_status":"open","ping_status":"open","sticky":false,"template":"","format":"standard","meta":{"_acf_changed":false,"footnotes":""},"categories":[48],"tags":[190,60,67,191,49,65,96,81],"class_list":["post-7020","post","type-post","status-publish","format-standard","has-post-thumbnail","hentry","category-comunicacion-social","tag-diputados-plurinominales","tag-emiliano-lozano-cruz","tag-j-ines-betancourt-salgado","tag-marquelia","tag-morena","tag-ramon-ramos-piedra","tag-tee","tag-teegro"],"acf":[],"_links":{"self":[{"href":"https:\/\/teegro.gob.mx\/sitio2025\/wp-json\/wp\/v2\/posts\/7020","targetHints":{"allow":["GET"]}}],"collection":[{"href":"https:\/\/teegro.gob.mx\/sitio2025\/wp-json\/wp\/v2\/posts"}],"about":[{"href":"https:\/\/teegro.gob.mx\/sitio2025\/wp-json\/wp\/v2\/types\/post"}],"author":[{"embeddable":true,"href":"https:\/\/teegro.gob.mx\/sitio2025\/wp-json\/wp\/v2\/users\/1"}],"replies":[{"embeddable":true,"href":"https:\/\/teegro.gob.mx\/sitio2025\/wp-json\/wp\/v2\/comments?post=7020"}],"version-history":[{"count":3,"href":"https:\/\/teegro.gob.mx\/sitio2025\/wp-json\/wp\/v2\/posts\/7020\/revisions"}],"predecessor-version":[{"id":7022,"href":"https:\/\/teegro.gob.mx\/sitio2025\/wp-json\/wp\/v2\/posts\/7020\/revisions\/7022"}],"wp:featuredmedia":[{"embeddable":true,"href":"https:\/\/teegro.gob.mx\/sitio2025\/wp-json\/wp\/v2\/media\/7023"}],"wp:attachment":[{"href":"https:\/\/teegro.gob.mx\/sitio2025\/wp-json\/wp\/v2\/media?parent=7020"}],"wp:term":[{"taxonomy":"category","embeddable":true,"href":"https:\/\/teegro.gob.mx\/sitio2025\/wp-json\/wp\/v2\/categories?post=7020"},{"taxonomy":"post_tag","embeddable":true,"href":"https:\/\/teegro.gob.mx\/sitio2025\/wp-json\/wp\/v2\/tags?post=7020"}],"curies":[{"name":"wp","href":"https:\/\/api.w.org\/{rel}","templated":true}]}}