{"id":7065,"date":"2018-08-31T13:27:25","date_gmt":"2018-08-31T18:27:25","guid":{"rendered":"http:\/\/teegro.gob.mx\/inicio\/?p=7065"},"modified":"2018-09-04T10:27:17","modified_gmt":"2018-09-04T15:27:17","slug":"tras-la-retencion-ilegal-del-sueldo-a-funcionarios-de-la-actual-administracion-municipal-tribunal-ordena-al-ayuntamiento-de-tecoanapa-coordinacion-con-la-secretaria-de-finanzas-y-administracion","status":"publish","type":"post","link":"https:\/\/teegro.gob.mx\/sitio2025\/tras-la-retencion-ilegal-del-sueldo-a-funcionarios-de-la-actual-administracion-municipal-tribunal-ordena-al-ayuntamiento-de-tecoanapa-coordinacion-con-la-secretaria-de-finanzas-y-administracion\/","title":{"rendered":"Tras la retenci\u00f3n ilegal del sueldo a funcionarios de la actual administraci\u00f3n municipal,\u00a0Tribunal ordena al ayuntamiento de Tecoanapa coordinaci\u00f3n con la Secretar\u00eda de Finanzas y Administraci\u00f3n para determinar de qu\u00e9 partida deber\u00e1n pagar remuneraciones.\u00a0Tambi\u00e9n resolvi\u00f3 nueva demanda ahora por falta de pagos de los meses de mayo a agosto."},"content":{"rendered":"<p><!-- VideographyWP Plugin Message: Automatic video embedding prevented by plugin options. --><\/p>\n<p style=\"text-align: justify\"><em>30 de agosto de 2018. <\/em>En el marco de la septuag\u00e9sima segunda sesi\u00f3n p\u00fablica celebrada este jueves por el Tribunal Electoral, se aprob\u00f3 el acuerdo plenario del juicio electoral ciudadano TEE\/JEC\/004\/2018 interpuesto por Mar\u00eda de Jes\u00fas L\u00f3pez del Moral, s\u00edndica procuradora y los regidores Orlando Meneses Ch\u00e1vez, Ignacio Morales Chino y Javier Leyva Ram\u00edrez, en contra del ayuntamiento municipal constitucional de Tecoanapa, por la retenci\u00f3n ilegal de las remuneraciones econ\u00f3micas a las que tiene derecho.<\/p>\n<figure id=\"attachment_7066\" aria-describedby=\"caption-attachment-7066\" style=\"width: 470px\" class=\"wp-caption aligncenter\"><a href=\"http:\/\/teegro.gob.mx\/inicio\/wp-content\/uploads\/2018\/08\/IMG_4820-copia.jpg\"><img fetchpriority=\"high\" decoding=\"async\" class=\"wp-image-7066\" src=\"http:\/\/teegro.gob.mx\/inicio\/wp-content\/uploads\/2018\/08\/IMG_4820-copia.jpg\" alt=\"Durante la sesi\u00f3n 72\u00b0 se resolvieron dos asuntos laborales del ayuntamiento de Tecoanapa.\" width=\"470\" height=\"313\" srcset=\"https:\/\/teegro.gob.mx\/sitio2025\/wp-content\/uploads\/2018\/08\/IMG_4820-copia.jpg 900w, https:\/\/teegro.gob.mx\/sitio2025\/wp-content\/uploads\/2018\/08\/IMG_4820-copia-300x200.jpg 300w, https:\/\/teegro.gob.mx\/sitio2025\/wp-content\/uploads\/2018\/08\/IMG_4820-copia-768x512.jpg 768w\" sizes=\"(max-width: 470px) 100vw, 470px\" \/><\/a><figcaption id=\"caption-attachment-7066\" class=\"wp-caption-text\">Durante la sesi\u00f3n 72\u00b0 del Tribunal se resolvieron dos asuntos laborales del ayuntamiento de Tecoanapa.<\/figcaption><\/figure>\n<p style=\"text-align: justify\">La primera resoluci\u00f3n emitida por el TEEGRO a favor del pago de diversas prestaciones a los demandantes se dio en abril de 2018, conden\u00e1ndose al ayuntamiento de Tecoanapa y al presidente municipal Ren\u00e9 Morales Leyva a realizar las remuneraciones a los servidores p\u00fablicos del cabildo municipal.<\/p>\n<p style=\"text-align: justify\">Sin embargo, despu\u00e9s de una serie de objeciones sobre la forma de pago, en el mes de julio se aprob\u00f3 un calendario de pagos propuesto por el ayuntamiento, mismo que fue impugnado por los demandantes y este 16 de agosto la Sala Regional Ciudad de M\u00e9xico del TEPJF revoc\u00f3 el acuerdo a fin de que el Tribunal emita un nuevo fallo debidamente fundado y motivado.<\/p>\n<p style=\"text-align: justify\">Finalmente, este jueves, a propuesta de la ponencia del magistrado Ram\u00f3n Ramos Piedra, se acord\u00f3 vincular al H. Ayuntamiento Municipal Constitucional de Tecoanapa y a la secretar\u00eda de finanzas y administraci\u00f3n del estado, para que a la brevedad y de manera coordinada determinen la partida de la que se llevar\u00e1n a cabo los descuentos para pagar a los demandantes, previendo que no se afecte a la hacienda p\u00fablica municipal.<\/p>\n<p style=\"text-align: justify\">Tambi\u00e9n se resolvi\u00f3 parcialmente fundado el juicio electoral TEE\/JEC\/116\/2018 interpuesto por los mismos servidores p\u00fablicos que fueron elegidos mediante sufragio para el ayuntamiento de Tecoanapa durante el periodo 2015-2018, en contra del propio ayuntamiento de Tecoanapa, ahora por la falta de pago de los meses de mayo, junio, julio y agosto.<\/p>\n<p style=\"text-align: justify\"><a href=\"http:\/\/teegro.gob.mx\/inicio\/wp-content\/uploads\/2018\/08\/IMG_4834-copia.jpg\"><img decoding=\"async\" class=\"aligncenter wp-image-7067\" src=\"http:\/\/teegro.gob.mx\/inicio\/wp-content\/uploads\/2018\/08\/IMG_4834-copia.jpg\" alt=\"teegro 72 sesi\u00f3n 72 30-ago-18.\" width=\"470\" height=\"313\" srcset=\"https:\/\/teegro.gob.mx\/sitio2025\/wp-content\/uploads\/2018\/08\/IMG_4834-copia.jpg 900w, https:\/\/teegro.gob.mx\/sitio2025\/wp-content\/uploads\/2018\/08\/IMG_4834-copia-300x200.jpg 300w, https:\/\/teegro.gob.mx\/sitio2025\/wp-content\/uploads\/2018\/08\/IMG_4834-copia-768x512.jpg 768w\" sizes=\"(max-width: 470px) 100vw, 470px\" \/><\/a><\/p>\n<p style=\"text-align: justify\">Al respecto, el \u00f3rgano jurisdiccional orden\u00f3 al ayuntamiento de Tecoanapa realizar el pago de las remuneraciones correspondientes a 4 meses, en un plazo de 5 d\u00edas a partir de la notificaci\u00f3n de la presente sentencia y lo exhort\u00f3 para que las quincenas del mes de septiembre sean cubiertas en tiempo y forma a los actores.<\/p>\n<p style=\"text-align: justify\">Este expediente fue resuelto por el magistrado Emiliano Lozano Cruz, quien vincul\u00f3 en esta nueva sentencia a la Secretar\u00eda de Finanzas y Administraci\u00f3n del gobierno del estado y a su titular, para que en caso de incumplimiento del ayuntamiento se le retengan los recursos del presupuesto o en su defecto que de manera sustituta realice el pago de las remuneraciones retenidas a la s\u00edndica Mar\u00eda de Jes\u00fas L\u00f3pez del Moral y a los regidores Orlando Meneses Ch\u00e1vez, Ignacio Morales Chino y Javier Leyva Ram\u00edrez.<\/p>\n<p>&nbsp;<\/p>\n<p style=\"text-align: center\">o-0-o<\/p>\n","protected":false},"excerpt":{"rendered":"<p>30 de agosto de 2018. En el marco de la septuag\u00e9sima segunda sesi\u00f3n p\u00fablica celebrada este jueves por el Tribunal Electoral, se aprob\u00f3 el acuerdo plenario del juicio electoral ciudadano TEE\/JEC\/004\/2018 interpuesto por Mar\u00eda de Jes\u00fas L\u00f3pez del Moral, s\u00edndica procuradora y los regidores Orlando Meneses Ch\u00e1vez, Ignacio Morales Chino y Javier Leyva Ram\u00edrez, en [&hellip;]<\/p>\n","protected":false},"author":1,"featured_media":7067,"comment_status":"open","ping_status":"open","sticky":false,"template":"","format":"standard","meta":{"_acf_changed":false,"footnotes":""},"categories":[48],"tags":[202,187,96,81],"class_list":["post-7065","post","type-post","status-publish","format-standard","has-post-thumbnail","hentry","category-comunicacion-social","tag-finanzas","tag-tecoanapa","tag-tee","tag-teegro"],"acf":[],"_links":{"self":[{"href":"https:\/\/teegro.gob.mx\/sitio2025\/wp-json\/wp\/v2\/posts\/7065","targetHints":{"allow":["GET"]}}],"collection":[{"href":"https:\/\/teegro.gob.mx\/sitio2025\/wp-json\/wp\/v2\/posts"}],"about":[{"href":"https:\/\/teegro.gob.mx\/sitio2025\/wp-json\/wp\/v2\/types\/post"}],"author":[{"embeddable":true,"href":"https:\/\/teegro.gob.mx\/sitio2025\/wp-json\/wp\/v2\/users\/1"}],"replies":[{"embeddable":true,"href":"https:\/\/teegro.gob.mx\/sitio2025\/wp-json\/wp\/v2\/comments?post=7065"}],"version-history":[{"count":4,"href":"https:\/\/teegro.gob.mx\/sitio2025\/wp-json\/wp\/v2\/posts\/7065\/revisions"}],"predecessor-version":[{"id":7071,"href":"https:\/\/teegro.gob.mx\/sitio2025\/wp-json\/wp\/v2\/posts\/7065\/revisions\/7071"}],"wp:featuredmedia":[{"embeddable":true,"href":"https:\/\/teegro.gob.mx\/sitio2025\/wp-json\/wp\/v2\/media\/7067"}],"wp:attachment":[{"href":"https:\/\/teegro.gob.mx\/sitio2025\/wp-json\/wp\/v2\/media?parent=7065"}],"wp:term":[{"taxonomy":"category","embeddable":true,"href":"https:\/\/teegro.gob.mx\/sitio2025\/wp-json\/wp\/v2\/categories?post=7065"},{"taxonomy":"post_tag","embeddable":true,"href":"https:\/\/teegro.gob.mx\/sitio2025\/wp-json\/wp\/v2\/tags?post=7065"}],"curies":[{"name":"wp","href":"https:\/\/api.w.org\/{rel}","templated":true}]}}