{"id":7398,"date":"2019-02-16T12:05:08","date_gmt":"2019-02-16T18:05:08","guid":{"rendered":"http:\/\/teegro.gob.mx\/inicio\/?p=7398"},"modified":"2019-02-16T12:05:08","modified_gmt":"2019-02-16T18:05:08","slug":"busca-el-tee-contribuir-en-la-formacion-academica-de-estudiantes-de-derecho-en-guerrero","status":"publish","type":"post","link":"https:\/\/teegro.gob.mx\/sitio2025\/busca-el-tee-contribuir-en-la-formacion-academica-de-estudiantes-de-derecho-en-guerrero\/","title":{"rendered":"Busca el TEE contribuir en la formaci\u00f3n acad\u00e9mica de estudiantes de derecho en Guerrero"},"content":{"rendered":"<p><!-- VideographyWP Plugin Message: Automatic video embedding prevented by plugin options. --><\/p>\n<p style=\"text-align: left;\">*Firma el \u00f3rgano jurisdiccional un convenio de colaboraci\u00f3n de investigaci\u00f3n, servicio social y pr\u00e1cticas profesionales con la Universidad Hip\u00f3crates<\/p>\n<p><a href=\"http:\/\/teegro.gob.mx\/inicio\/wp-content\/uploads\/2019\/02\/convenio-hipocrates.jpeg\"><img fetchpriority=\"high\" decoding=\"async\" class=\"aligncenter wp-image-7400\" src=\"http:\/\/teegro.gob.mx\/inicio\/wp-content\/uploads\/2019\/02\/convenio-hipocrates.jpeg\" alt=\"\" width=\"500\" height=\"243\" srcset=\"https:\/\/teegro.gob.mx\/sitio2025\/wp-content\/uploads\/2019\/02\/convenio-hipocrates.jpeg 1280w, https:\/\/teegro.gob.mx\/sitio2025\/wp-content\/uploads\/2019\/02\/convenio-hipocrates-300x146.jpeg 300w, https:\/\/teegro.gob.mx\/sitio2025\/wp-content\/uploads\/2019\/02\/convenio-hipocrates-768x373.jpeg 768w, https:\/\/teegro.gob.mx\/sitio2025\/wp-content\/uploads\/2019\/02\/convenio-hipocrates-1024x498.jpeg 1024w\" sizes=\"(max-width: 500px) 100vw, 500px\" \/><\/a><\/p>\n<p>CHILPANCINGO, Gro., 15 de febrero de 2019.- Buscando contribuir en la formaci\u00f3n acad\u00e9mica de los estudiantes de derecho en Guerrero, el Tribunal Electoral firm\u00f3 un convenio de colaboraci\u00f3n de investigaci\u00f3n, servicio social y pr\u00e1cticas profesionales con la Universidad Hip\u00f3crates.<\/p>\n<p>En el evento se llev\u00f3 a cabo este viernes en Acapulco, el Magistrado Presidente, Ram\u00f3n Ramos Piedra dijo que con estas acciones se fortalece el v\u00ednculo entre la sociedad y el \u00f3rgano jurisdiccional, principalmente con los j\u00f3venes, quienes ser\u00e1n los futuros defensores en los procesos pol\u00edticos, judiciales o administrativos.<\/p>\n<p>En entrevista, el Mtro. Ram\u00f3n Ramos Piedra coment\u00f3 que, adem\u00e1s de las actividades cotidianas que se realizan respecto a la defensa de los derechos pol\u00edticos-electorales, se busca establecer un convenio con la UAGro y sumar esfuerzos en materia de educaci\u00f3n e investigaci\u00f3n.<\/p>\n<p>Por su parte, la Rectora de la Universidad Hip\u00f3crates resalt\u00f3 que el convenio representa una gran oportunidad para que los estudiantes interact\u00faen con el Tribunal Electoral, ya que ofrecer\u00e1 a sus egresados las herramientas necesarias para al egresar, tener un amplio conocimiento en lo laboral.<\/p>\n","protected":false},"excerpt":{"rendered":"<p>*Firma el \u00f3rgano jurisdiccional un convenio de colaboraci\u00f3n de investigaci\u00f3n, servicio social y pr\u00e1cticas profesionales con la Universidad Hip\u00f3crates CHILPANCINGO, Gro., 15 de febrero de 2019.- Buscando contribuir en la formaci\u00f3n acad\u00e9mica de los estudiantes de derecho en Guerrero, el Tribunal Electoral firm\u00f3 un convenio de colaboraci\u00f3n de investigaci\u00f3n, servicio social y pr\u00e1cticas profesionales con [&hellip;]<\/p>\n","protected":false},"author":1,"featured_media":7400,"comment_status":"open","ping_status":"open","sticky":false,"template":"","format":"standard","meta":{"_acf_changed":false,"footnotes":""},"categories":[48],"tags":[],"class_list":["post-7398","post","type-post","status-publish","format-standard","has-post-thumbnail","hentry","category-comunicacion-social"],"acf":[],"_links":{"self":[{"href":"https:\/\/teegro.gob.mx\/sitio2025\/wp-json\/wp\/v2\/posts\/7398","targetHints":{"allow":["GET"]}}],"collection":[{"href":"https:\/\/teegro.gob.mx\/sitio2025\/wp-json\/wp\/v2\/posts"}],"about":[{"href":"https:\/\/teegro.gob.mx\/sitio2025\/wp-json\/wp\/v2\/types\/post"}],"author":[{"embeddable":true,"href":"https:\/\/teegro.gob.mx\/sitio2025\/wp-json\/wp\/v2\/users\/1"}],"replies":[{"embeddable":true,"href":"https:\/\/teegro.gob.mx\/sitio2025\/wp-json\/wp\/v2\/comments?post=7398"}],"version-history":[{"count":1,"href":"https:\/\/teegro.gob.mx\/sitio2025\/wp-json\/wp\/v2\/posts\/7398\/revisions"}],"predecessor-version":[{"id":7401,"href":"https:\/\/teegro.gob.mx\/sitio2025\/wp-json\/wp\/v2\/posts\/7398\/revisions\/7401"}],"wp:featuredmedia":[{"embeddable":true,"href":"https:\/\/teegro.gob.mx\/sitio2025\/wp-json\/wp\/v2\/media\/7400"}],"wp:attachment":[{"href":"https:\/\/teegro.gob.mx\/sitio2025\/wp-json\/wp\/v2\/media?parent=7398"}],"wp:term":[{"taxonomy":"category","embeddable":true,"href":"https:\/\/teegro.gob.mx\/sitio2025\/wp-json\/wp\/v2\/categories?post=7398"},{"taxonomy":"post_tag","embeddable":true,"href":"https:\/\/teegro.gob.mx\/sitio2025\/wp-json\/wp\/v2\/tags?post=7398"}],"curies":[{"name":"wp","href":"https:\/\/api.w.org\/{rel}","templated":true}]}}