{"id":7452,"date":"2019-03-07T14:39:21","date_gmt":"2019-03-07T20:39:21","guid":{"rendered":"http:\/\/teegro.gob.mx\/inicio\/?p=7452"},"modified":"2019-11-12T11:56:57","modified_gmt":"2019-11-12T17:56:57","slug":"invita-el-tee-a-ninos-de-guerrero-participar-en-la-integracion-del-tribunal-electoral-infantil-2019","status":"publish","type":"post","link":"https:\/\/teegro.gob.mx\/sitio2025\/invita-el-tee-a-ninos-de-guerrero-participar-en-la-integracion-del-tribunal-electoral-infantil-2019\/","title":{"rendered":"Invita el TEE a ni\u00f1os de Guerrero participar en la integraci\u00f3n del Tribunal Electoral Infantil 2019"},"content":{"rendered":"<p><!-- VideographyWP Plugin Message: Automatic video embedding prevented by plugin options. --><br \/>\n* La convocatoria dirigida a menores que cursen quinte o sexto de primaria, se realiza en coordinaci\u00f3n con la Sala Superior y Regionales del TEPJF, as\u00ed como los Tribunales Electorales de la Entidades Federativas del pa\u00eds.<\/p>\n<p style=\"text-align: center;\"><a href=\"http:\/\/teegro.gob.mx\/inicio\/wp-content\/uploads\/2019\/03\/tribunal-infantil.jpeg\"><img fetchpriority=\"high\" decoding=\"async\" class=\"aligncenter wp-image-7454\" src=\"http:\/\/teegro.gob.mx\/inicio\/wp-content\/uploads\/2019\/03\/convocatoria-ninos.jpeg\" alt=\"\" width=\"500\" height=\"500\" srcset=\"https:\/\/teegro.gob.mx\/sitio2025\/wp-content\/uploads\/2019\/03\/convocatoria-ninos.jpeg 1280w, https:\/\/teegro.gob.mx\/sitio2025\/wp-content\/uploads\/2019\/03\/convocatoria-ninos-150x150.jpeg 150w, https:\/\/teegro.gob.mx\/sitio2025\/wp-content\/uploads\/2019\/03\/convocatoria-ninos-300x300.jpeg 300w, https:\/\/teegro.gob.mx\/sitio2025\/wp-content\/uploads\/2019\/03\/convocatoria-ninos-768x768.jpeg 768w, https:\/\/teegro.gob.mx\/sitio2025\/wp-content\/uploads\/2019\/03\/convocatoria-ninos-1024x1024.jpeg 1024w\" sizes=\"(max-width: 500px) 100vw, 500px\" \/><\/a><em>Clic en la imagen para ver convocatoria<\/em><\/p>\n<p style=\"text-align: center;\">\n<p>Chilpancingo, Gro., 04 de marzo de 2019.- Buscando acercarse a la ciudadan\u00eda, fortaleciendo las actividades que promuevan la cultura de la legalidad y valores que se transmiten desde la infancia, el Tribunal Electoral del Estado, invita a las ni\u00f1as y ni\u00f1os de Guerrero a participar en el proceso de selecci\u00f3n p\u00fablica con el tema de los Derechos de las ni\u00f1as y ni\u00f1os migrantes, que se llevar\u00e1 a cabo en la Sala Superior del TEPJF con sede en la Ciudad de M\u00e9xico.<\/p>\n<p>Realizado en coordinaci\u00f3n con Tribunal Electoral del Poder Judicial de la Federaci\u00f3n y como los Tribunales Electorales de la Entidades Federativas del pa\u00eds, la convocatoria se dirige a ni\u00f1os que cursen quinto o sexto a\u00f1os de primaria, quienes deber\u00e1n registrarse del 18 al 22 de marzo, en la Secretaria General del Tribunal Electoral del Estado de Guerrero, de lunes a viernes a partir de las 10:00 horas a 15:00 horas.<\/p>\n<p>El Tribunal Electoral Infantil constar\u00e1 de las tres siguientes etapas, estatal, regional y de instalaci\u00f3n del Tribunal Electoral Infantil. En la primera etapa, los menores deber\u00e1n exponer en un m\u00e1ximo de 5 minutos el tema de la convocatoria en el Tribunal Electoral del Estado de Guerrero, quienes videograbar\u00e1n las exposiciones, contando con un traductor para los ni\u00f1os que hagan su presentaci\u00f3n en lengua ind\u00edgena y un traductor para ni\u00f1os con discapacidad oral o auditiva.<\/p>\n<p>En la etapa regional, se subir\u00e1n los videos de los ganadores de cada estado a la p\u00e1gina del TEPJF y se elegir\u00e1n mediante votaciones, evaluando la claridad, fluidez y dominio del tema a los menores recrear\u00e1n la sesi\u00f3n p\u00fablica de la Sala Regional que les corresponde, hasta elegir a los finalistas del 17 al 19 de abril, una ni\u00f1a y ni\u00f1o de cada Sala Regional que integrar\u00e1n el 30 de abril, el Tribunal Electoral Infantil 2019.<\/p>\n","protected":false},"excerpt":{"rendered":"<p>* La convocatoria dirigida a menores que cursen quinte o sexto de primaria, se realiza en coordinaci\u00f3n con la Sala Superior y Regionales del TEPJF, as\u00ed como los Tribunales Electorales de la Entidades Federativas del pa\u00eds. Clic en la imagen para ver convocatoria Chilpancingo, Gro., 04 de marzo de 2019.- Buscando acercarse a la ciudadan\u00eda, [&hellip;]<\/p>\n","protected":false},"author":1,"featured_media":0,"comment_status":"open","ping_status":"open","sticky":false,"template":"","format":"standard","meta":{"_acf_changed":false,"footnotes":""},"categories":[48,213],"tags":[],"class_list":["post-7452","post","type-post","status-publish","format-standard","hentry","category-comunicacion-social","category-eventos"],"acf":[],"_links":{"self":[{"href":"https:\/\/teegro.gob.mx\/sitio2025\/wp-json\/wp\/v2\/posts\/7452","targetHints":{"allow":["GET"]}}],"collection":[{"href":"https:\/\/teegro.gob.mx\/sitio2025\/wp-json\/wp\/v2\/posts"}],"about":[{"href":"https:\/\/teegro.gob.mx\/sitio2025\/wp-json\/wp\/v2\/types\/post"}],"author":[{"embeddable":true,"href":"https:\/\/teegro.gob.mx\/sitio2025\/wp-json\/wp\/v2\/users\/1"}],"replies":[{"embeddable":true,"href":"https:\/\/teegro.gob.mx\/sitio2025\/wp-json\/wp\/v2\/comments?post=7452"}],"version-history":[{"count":3,"href":"https:\/\/teegro.gob.mx\/sitio2025\/wp-json\/wp\/v2\/posts\/7452\/revisions"}],"predecessor-version":[{"id":7457,"href":"https:\/\/teegro.gob.mx\/sitio2025\/wp-json\/wp\/v2\/posts\/7452\/revisions\/7457"}],"wp:attachment":[{"href":"https:\/\/teegro.gob.mx\/sitio2025\/wp-json\/wp\/v2\/media?parent=7452"}],"wp:term":[{"taxonomy":"category","embeddable":true,"href":"https:\/\/teegro.gob.mx\/sitio2025\/wp-json\/wp\/v2\/categories?post=7452"},{"taxonomy":"post_tag","embeddable":true,"href":"https:\/\/teegro.gob.mx\/sitio2025\/wp-json\/wp\/v2\/tags?post=7452"}],"curies":[{"name":"wp","href":"https:\/\/api.w.org\/{rel}","templated":true}]}}