{"id":7459,"date":"2019-03-07T15:45:18","date_gmt":"2019-03-07T21:45:18","guid":{"rendered":"http:\/\/teegro.gob.mx\/inicio\/?p=7459"},"modified":"2019-11-12T11:56:40","modified_gmt":"2019-11-12T17:56:40","slug":"celebra-el-tribunal-electoral-y-la-uagro-el-primer-convenio-de-colaboracion-institucional","status":"publish","type":"post","link":"https:\/\/teegro.gob.mx\/sitio2025\/celebra-el-tribunal-electoral-y-la-uagro-el-primer-convenio-de-colaboracion-institucional\/","title":{"rendered":"Celebra el Tribunal Electoral y la UaGro el primer convenio de colaboraci\u00f3n institucional"},"content":{"rendered":"<p><!-- VideographyWP Plugin Message: Automatic video embedding prevented by plugin options. --><br \/>\n*Destaca el Magistrado Presidente, Ram\u00f3n Ramos Piedra que el acuerdo permitir\u00e1 que los especialistas acad\u00e9micos con los que cuenta el \u00f3rgano jurisdiccional, analicen cada caso con la profundidad necesaria y apegados al derecho.<\/p>\n<p><a href=\"http:\/\/teegro.gob.mx\/inicio\/wp-content\/uploads\/2019\/03\/foto.jpg\"><img fetchpriority=\"high\" decoding=\"async\" class=\"aligncenter wp-image-7460\" src=\"http:\/\/teegro.gob.mx\/inicio\/wp-content\/uploads\/2019\/03\/foto.jpg\" alt=\"\" width=\"500\" height=\"269\" srcset=\"https:\/\/teegro.gob.mx\/sitio2025\/wp-content\/uploads\/2019\/03\/foto.jpg 1095w, https:\/\/teegro.gob.mx\/sitio2025\/wp-content\/uploads\/2019\/03\/foto-300x161.jpg 300w, https:\/\/teegro.gob.mx\/sitio2025\/wp-content\/uploads\/2019\/03\/foto-768x413.jpg 768w, https:\/\/teegro.gob.mx\/sitio2025\/wp-content\/uploads\/2019\/03\/foto-1024x551.jpg 1024w\" sizes=\"(max-width: 500px) 100vw, 500px\" \/><\/a><\/p>\n<p>Chilpancingo, Gro., 07 de marzo de 2019.- Fortaleciendo las actividades que promueven la cultura de la legalidad y valores que se transmiten a los j\u00f3venes guerrerenses mientras cursan la licenciatura, el Magistrado Presidente del Tribunal Electoral, Ram\u00f3n Ramos Piedra y el Rector de la Universidad Aut\u00f3noma de Guerrero, Javier Salda\u00f1a Almaz\u00e1n celebraron este jueves la firma del primer convenio de colaboraci\u00f3n entre las instituciones que representan.<\/p>\n<p>Durante el evento realizado en las instalaciones del \u00f3rgano jurisdiccional, el Magistrado Ram\u00f3n Ramos Piedra destac\u00f3 que con esta alianza se permitir\u00e1 acercar a los estudiantes de la universidad al quehacer institucional, promoviendo estancias, servicio social y pr\u00e1cticas profesionales, as\u00ed como organizar cursos de actualizaci\u00f3n, seminarios, congresos, conferencias, mesas de estudio y cualquier otra modalidad de inter\u00e9s mutuo.<\/p>\n<p>Dijo que este acuerdo tambi\u00e9n permitir\u00e1 que los especialistas acad\u00e9micos con los que cuenta el \u00f3rgano jurisdiccional, analicen cada caso con la profundidad necesaria, resolviendo con los criterios m\u00e1s congruentes y apegados al derecho<\/p>\n<p>Por su parte, el Rector de la Universidad, Javier Salda\u00f1a Almaz\u00e1n reconoci\u00f3 la rectitud del quehacer del Tribunal Electoral y dijo que la universidad hace un esfuerzo permanente para que los estudiantes logren la excelencia durante su preparaci\u00f3n acad\u00e9mica.<\/p>\n","protected":false},"excerpt":{"rendered":"<p>*Destaca el Magistrado Presidente, Ram\u00f3n Ramos Piedra que el acuerdo permitir\u00e1 que los especialistas acad\u00e9micos con los que cuenta el \u00f3rgano jurisdiccional, analicen cada caso con la profundidad necesaria y apegados al derecho. Chilpancingo, Gro., 07 de marzo de 2019.- Fortaleciendo las actividades que promueven la cultura de la legalidad y valores que se transmiten [&hellip;]<\/p>\n","protected":false},"author":1,"featured_media":7460,"comment_status":"open","ping_status":"open","sticky":false,"template":"","format":"standard","meta":{"_acf_changed":false,"footnotes":""},"categories":[48,213],"tags":[],"class_list":["post-7459","post","type-post","status-publish","format-standard","has-post-thumbnail","hentry","category-comunicacion-social","category-eventos"],"acf":[],"_links":{"self":[{"href":"https:\/\/teegro.gob.mx\/sitio2025\/wp-json\/wp\/v2\/posts\/7459","targetHints":{"allow":["GET"]}}],"collection":[{"href":"https:\/\/teegro.gob.mx\/sitio2025\/wp-json\/wp\/v2\/posts"}],"about":[{"href":"https:\/\/teegro.gob.mx\/sitio2025\/wp-json\/wp\/v2\/types\/post"}],"author":[{"embeddable":true,"href":"https:\/\/teegro.gob.mx\/sitio2025\/wp-json\/wp\/v2\/users\/1"}],"replies":[{"embeddable":true,"href":"https:\/\/teegro.gob.mx\/sitio2025\/wp-json\/wp\/v2\/comments?post=7459"}],"version-history":[{"count":1,"href":"https:\/\/teegro.gob.mx\/sitio2025\/wp-json\/wp\/v2\/posts\/7459\/revisions"}],"predecessor-version":[{"id":7461,"href":"https:\/\/teegro.gob.mx\/sitio2025\/wp-json\/wp\/v2\/posts\/7459\/revisions\/7461"}],"wp:featuredmedia":[{"embeddable":true,"href":"https:\/\/teegro.gob.mx\/sitio2025\/wp-json\/wp\/v2\/media\/7460"}],"wp:attachment":[{"href":"https:\/\/teegro.gob.mx\/sitio2025\/wp-json\/wp\/v2\/media?parent=7459"}],"wp:term":[{"taxonomy":"category","embeddable":true,"href":"https:\/\/teegro.gob.mx\/sitio2025\/wp-json\/wp\/v2\/categories?post=7459"},{"taxonomy":"post_tag","embeddable":true,"href":"https:\/\/teegro.gob.mx\/sitio2025\/wp-json\/wp\/v2\/tags?post=7459"}],"curies":[{"name":"wp","href":"https:\/\/api.w.org\/{rel}","templated":true}]}}