{"id":8071,"date":"2019-10-24T13:23:59","date_gmt":"2019-10-24T18:23:59","guid":{"rendered":"http:\/\/teegro.gob.mx\/inicio\/?p=8071"},"modified":"2019-11-12T11:56:21","modified_gmt":"2019-11-12T17:56:21","slug":"el-tee-restituye-a-su-cargo-a-consejero-estatal-del-pan","status":"publish","type":"post","link":"https:\/\/teegro.gob.mx\/sitio2025\/el-tee-restituye-a-su-cargo-a-consejero-estatal-del-pan\/","title":{"rendered":"El TEE restituye a su cargo a Consejero Estatal del PAN"},"content":{"rendered":"<p><!-- VideographyWP Plugin Message: Automatic video embedding prevented by plugin options. --><br \/>\n<em><strong>+En otro juicio electoral ciudadano, el Pleno restituye los derechos partidistas de un militante de MORENA. <\/strong><\/em><\/p>\n<div id='gallery-1' class='gallery galleryid-8071 gallery-columns-2 gallery-size-medium'><figure class='gallery-item'>\n\t\t\t<div class='gallery-icon landscape'>\n\t\t\t\t<a href='https:\/\/teegro.gob.mx\/sitio2025\/wp-content\/uploads\/2019\/10\/sesion-241019-04.jpeg'><img fetchpriority=\"high\" decoding=\"async\" width=\"300\" height=\"200\" src=\"https:\/\/teegro.gob.mx\/sitio2025\/wp-content\/uploads\/2019\/10\/sesion-241019-04-300x200.jpeg\" class=\"attachment-medium size-medium\" alt=\"\" srcset=\"https:\/\/teegro.gob.mx\/sitio2025\/wp-content\/uploads\/2019\/10\/sesion-241019-04-300x200.jpeg 300w, https:\/\/teegro.gob.mx\/sitio2025\/wp-content\/uploads\/2019\/10\/sesion-241019-04-768x512.jpeg 768w, https:\/\/teegro.gob.mx\/sitio2025\/wp-content\/uploads\/2019\/10\/sesion-241019-04-1024x682.jpeg 1024w, https:\/\/teegro.gob.mx\/sitio2025\/wp-content\/uploads\/2019\/10\/sesion-241019-04.jpeg 1280w\" sizes=\"(max-width: 300px) 100vw, 300px\" \/><\/a>\n\t\t\t<\/div><\/figure><figure class='gallery-item'>\n\t\t\t<div class='gallery-icon landscape'>\n\t\t\t\t<a href='https:\/\/teegro.gob.mx\/sitio2025\/wp-content\/uploads\/2019\/10\/sesion-241019-01.jpeg'><img decoding=\"async\" width=\"300\" height=\"200\" src=\"https:\/\/teegro.gob.mx\/sitio2025\/wp-content\/uploads\/2019\/10\/sesion-241019-01-300x200.jpeg\" class=\"attachment-medium size-medium\" alt=\"\" srcset=\"https:\/\/teegro.gob.mx\/sitio2025\/wp-content\/uploads\/2019\/10\/sesion-241019-01-300x200.jpeg 300w, https:\/\/teegro.gob.mx\/sitio2025\/wp-content\/uploads\/2019\/10\/sesion-241019-01-768x512.jpeg 768w, https:\/\/teegro.gob.mx\/sitio2025\/wp-content\/uploads\/2019\/10\/sesion-241019-01-1024x682.jpeg 1024w, https:\/\/teegro.gob.mx\/sitio2025\/wp-content\/uploads\/2019\/10\/sesion-241019-01.jpeg 1280w\" sizes=\"(max-width: 300px) 100vw, 300px\" \/><\/a>\n\t\t\t<\/div><\/figure><figure class='gallery-item'>\n\t\t\t<div class='gallery-icon landscape'>\n\t\t\t\t<a href='https:\/\/teegro.gob.mx\/sitio2025\/wp-content\/uploads\/2019\/10\/sesion-241019-03.jpeg'><img decoding=\"async\" width=\"300\" height=\"200\" src=\"https:\/\/teegro.gob.mx\/sitio2025\/wp-content\/uploads\/2019\/10\/sesion-241019-03-300x200.jpeg\" class=\"attachment-medium size-medium\" alt=\"\" srcset=\"https:\/\/teegro.gob.mx\/sitio2025\/wp-content\/uploads\/2019\/10\/sesion-241019-03-300x200.jpeg 300w, https:\/\/teegro.gob.mx\/sitio2025\/wp-content\/uploads\/2019\/10\/sesion-241019-03-768x512.jpeg 768w, https:\/\/teegro.gob.mx\/sitio2025\/wp-content\/uploads\/2019\/10\/sesion-241019-03-1024x682.jpeg 1024w, https:\/\/teegro.gob.mx\/sitio2025\/wp-content\/uploads\/2019\/10\/sesion-241019-03.jpeg 1280w\" sizes=\"(max-width: 300px) 100vw, 300px\" \/><\/a>\n\t\t\t<\/div><\/figure><figure class='gallery-item'>\n\t\t\t<div class='gallery-icon landscape'>\n\t\t\t\t<a href='https:\/\/teegro.gob.mx\/sitio2025\/wp-content\/uploads\/2019\/10\/sesion-241019-02.jpeg'><img loading=\"lazy\" decoding=\"async\" width=\"300\" height=\"200\" src=\"https:\/\/teegro.gob.mx\/sitio2025\/wp-content\/uploads\/2019\/10\/sesion-241019-02-300x200.jpeg\" class=\"attachment-medium size-medium\" alt=\"\" srcset=\"https:\/\/teegro.gob.mx\/sitio2025\/wp-content\/uploads\/2019\/10\/sesion-241019-02-300x200.jpeg 300w, https:\/\/teegro.gob.mx\/sitio2025\/wp-content\/uploads\/2019\/10\/sesion-241019-02-768x512.jpeg 768w, https:\/\/teegro.gob.mx\/sitio2025\/wp-content\/uploads\/2019\/10\/sesion-241019-02-1024x682.jpeg 1024w, https:\/\/teegro.gob.mx\/sitio2025\/wp-content\/uploads\/2019\/10\/sesion-241019-02.jpeg 1280w\" sizes=\"(max-width: 300px) 100vw, 300px\" \/><\/a>\n\t\t\t<\/div><\/figure>\n\t\t<\/div>\n\n<p>Chilpancingo, Guerrero a 24 de octubre de 2019.- En la sesi\u00f3n de este jueves, al resolver el juicio electoral ciudadano 31 de este a\u00f1o, promovido contra la resoluci\u00f3n emitida por la Comisi\u00f3n de Justicia del Consejo Nacional del PAN que declara infundados los agravios del actor y separa del cargo a quienes fueron electos con anterioridad como integrantes de la Comisi\u00f3n Permanente del Consejo Estatal del Partido Acci\u00f3n Nacional en Guerrero para el periodo 2018-2021, el Tribunal Electoral revoc\u00f3 dicho acuerdo y restableci\u00f3 el cargo del actor como integrante de la citada Comisi\u00f3n ya que, al celebrarse la Sesi\u00f3n Ordinaria, privaron al promovente del ejercicio del cargo para el que fue electo sin realizar un procedimiento previo en el que haya quedado demostrada alguna causa que ameritara la separaci\u00f3n del puesto que desempe\u00f1aba. A esta circunstancia debe aunarse que no se respet\u00f3 la garant\u00eda de audiencia para la destituci\u00f3n del cargo partidista que desempe\u00f1aba, pues la convocatoria que ahora se impugna constituye uno de los actos de ejecuci\u00f3n de lo acordado por el Consejo Estatal al designar nuevos integrantes de la Comisi\u00f3n Permanente.<\/p>\n<p>Respecto al juicio electoral ciudadano 38 del a\u00f1o en curso, promovido contra la Comisi\u00f3n Nacional de Honestidad y Justicia del partido pol\u00edtico MORENA, el Pleno revoc\u00f3 la resoluci\u00f3n emitida por la citada Comisi\u00f3n y orden\u00f3 la restituci\u00f3n de los derechos partidistas del actor al considerar que dicha resoluci\u00f3n carece de la debida fundamentaci\u00f3n y motivaci\u00f3n legal. Asimismo, la autoridad responsable omiti\u00f3 realizar la individualizaci\u00f3n de la sanci\u00f3n y exponer las razones para la calificaci\u00f3n y graduaci\u00f3n de la falta.<\/p>\n<p>Por otra parte, en el Juicio Ciudadano 121 del 2018, promovido por la regidora del Ayuntamiento de Leonardo Bravo por la retenci\u00f3n del pago de las remuneraciones a las que ten\u00eda derecho, el Pleno requiri\u00f3 a la responsable para que, en un plazo de 15 d\u00edas h\u00e1biles, realice las gestiones necesarias para el pago de las remuneraciones a la actora; mientras que el Juicio Electoral Ciudadano 122\/2018, el \u00f3rgano jurisdiccional requiri\u00f3 a la Secretaria de Finanzas y Administraci\u00f3n del Gobierno del Estado, para que en termino de 15 d\u00edas h\u00e1biles, retenga presupuesto del Ayuntamiento de Juan R. Escudero, y en forma sustituta, realice el pago de las remuneraciones de la regidora de dicho municipio.<\/p>\n<p>Respecto al juicio electoral ciudadano 39 de este a\u00f1o, promovido contra la resoluci\u00f3n de Comisi\u00f3n Nacional de Honestidad y Justicia del partido pol\u00edtico MORENA que absuelve a la persona que denuncian las actoras por denostaci\u00f3n, calumnias y violencia de g\u00e9nero en su contra, el Tribunal Electoral confirmo la resoluci\u00f3n que impugnan ya que las promoventes, no aportaron las pruebas id\u00f3neas para acreditar la existencia de dichos agravios.<\/p>\n<p>En el juicio electoral ciudadano 43 del a\u00f1o que transcurre, el \u00f3rgano jurisdiccional revoc\u00f3 la resoluci\u00f3n de la Comisi\u00f3n de Justicia del Consejo Nacional del PAN que declara extempor\u00e1nea la demanda que los actores presentan en la Comisi\u00f3n del PAN y orden\u00f3 a la responsable emita una nueva ya que, que en la anterior, no expone, ni fundamenta los motivos por los cuales declara la improcedencia de la demanda que origina el juicio electoral que se resuelve.<\/p>\n<p>Finalmente, en los juicios electorales ciudadanos 35, 36 y 37 acumulados del 2019, iniciados en contra de la Comisi\u00f3n Nacional de Honestidad y Justicia de MORENA, la Magistrado y los Magistrados decretaron el cumplimiento de la sentencia dictada por este Tribunal el 1 de octubre del presente a\u00f1o, as\u00ed como el archivo del asunto como concluido.<\/p>\n","protected":false},"excerpt":{"rendered":"<p>+En otro juicio electoral ciudadano, el Pleno restituye los derechos partidistas de un militante de MORENA. Chilpancingo, Guerrero a 24 de octubre de 2019.- En la sesi\u00f3n de este jueves, al resolver el juicio electoral ciudadano 31 de este a\u00f1o, promovido contra la resoluci\u00f3n emitida por la Comisi\u00f3n de Justicia del Consejo Nacional del PAN [&hellip;]<\/p>\n","protected":false},"author":1,"featured_media":8073,"comment_status":"open","ping_status":"open","sticky":false,"template":"","format":"standard","meta":{"_acf_changed":false,"footnotes":""},"categories":[48],"tags":[],"class_list":["post-8071","post","type-post","status-publish","format-standard","has-post-thumbnail","hentry","category-comunicacion-social"],"acf":[],"_links":{"self":[{"href":"https:\/\/teegro.gob.mx\/sitio2025\/wp-json\/wp\/v2\/posts\/8071","targetHints":{"allow":["GET"]}}],"collection":[{"href":"https:\/\/teegro.gob.mx\/sitio2025\/wp-json\/wp\/v2\/posts"}],"about":[{"href":"https:\/\/teegro.gob.mx\/sitio2025\/wp-json\/wp\/v2\/types\/post"}],"author":[{"embeddable":true,"href":"https:\/\/teegro.gob.mx\/sitio2025\/wp-json\/wp\/v2\/users\/1"}],"replies":[{"embeddable":true,"href":"https:\/\/teegro.gob.mx\/sitio2025\/wp-json\/wp\/v2\/comments?post=8071"}],"version-history":[{"count":2,"href":"https:\/\/teegro.gob.mx\/sitio2025\/wp-json\/wp\/v2\/posts\/8071\/revisions"}],"predecessor-version":[{"id":8077,"href":"https:\/\/teegro.gob.mx\/sitio2025\/wp-json\/wp\/v2\/posts\/8071\/revisions\/8077"}],"wp:featuredmedia":[{"embeddable":true,"href":"https:\/\/teegro.gob.mx\/sitio2025\/wp-json\/wp\/v2\/media\/8073"}],"wp:attachment":[{"href":"https:\/\/teegro.gob.mx\/sitio2025\/wp-json\/wp\/v2\/media?parent=8071"}],"wp:term":[{"taxonomy":"category","embeddable":true,"href":"https:\/\/teegro.gob.mx\/sitio2025\/wp-json\/wp\/v2\/categories?post=8071"},{"taxonomy":"post_tag","embeddable":true,"href":"https:\/\/teegro.gob.mx\/sitio2025\/wp-json\/wp\/v2\/tags?post=8071"}],"curies":[{"name":"wp","href":"https:\/\/api.w.org\/{rel}","templated":true}]}}