{"id":8183,"date":"2019-10-30T15:39:10","date_gmt":"2019-10-30T21:39:10","guid":{"rendered":"http:\/\/teegro.gob.mx\/inicio\/?p=8183"},"modified":"2019-11-12T11:54:48","modified_gmt":"2019-11-12T17:54:48","slug":"tee-declara-improcedente-juicio-electoral-promovido-contra-la-comision-nacional-de-morena","status":"publish","type":"post","link":"https:\/\/teegro.gob.mx\/sitio2025\/tee-declara-improcedente-juicio-electoral-promovido-contra-la-comision-nacional-de-morena\/","title":{"rendered":"TEE declara improcedente juicio electoral promovido contra la Comisi\u00f3n Nacional de MORENA"},"content":{"rendered":"<p><!-- VideographyWP Plugin Message: Automatic video embedding prevented by plugin options. --><br \/>\n*El Pleno reencauz\u00f3 el medio de impugnaci\u00f3n y lo env\u00eda a la Comisi\u00f3n Nacional de Honestidad y Justicia de MORENA.<\/p>\n<p><img fetchpriority=\"high\" decoding=\"async\" class=\"aligncenter size-large wp-image-8184\" src=\"http:\/\/teegro.gob.mx\/inicio\/wp-content\/uploads\/2019\/10\/sesion-301019-1024x682.jpeg\" alt=\"\" width=\"1024\" height=\"682\" srcset=\"https:\/\/teegro.gob.mx\/sitio2025\/wp-content\/uploads\/2019\/10\/sesion-301019-1024x682.jpeg 1024w, https:\/\/teegro.gob.mx\/sitio2025\/wp-content\/uploads\/2019\/10\/sesion-301019-300x200.jpeg 300w, https:\/\/teegro.gob.mx\/sitio2025\/wp-content\/uploads\/2019\/10\/sesion-301019-768x512.jpeg 768w, https:\/\/teegro.gob.mx\/sitio2025\/wp-content\/uploads\/2019\/10\/sesion-301019.jpeg 1280w\" sizes=\"(max-width: 1024px) 100vw, 1024px\" \/><br \/>\nChilpancingo, Guerrero, 30 de octubre de 2019.- En la sesi\u00f3n de este mi\u00e9rcoles, al resolver el juicio electoral ciudadano 46 de este a\u00f1o, promovido contra la Comisi\u00f3n Nacional de Elecciones de MORENA, el Tribunal Electoral declar\u00f3 improcedente el medio de impugnaci\u00f3n ya que, al actor, no agot\u00f3 todas las instancias para que el \u00f3rgano jurisdiccional conociera el juicio por esta v\u00eda y reencauz\u00f3 el mismo a la Comisi\u00f3n Nacional de Honestidad y Justicia de MORENA.<\/p>\n","protected":false},"excerpt":{"rendered":"<p>*El Pleno reencauz\u00f3 el medio de impugnaci\u00f3n y lo env\u00eda a la Comisi\u00f3n Nacional de Honestidad y Justicia de MORENA. Chilpancingo, Guerrero, 30 de octubre de 2019.- En la sesi\u00f3n de este mi\u00e9rcoles, al resolver el juicio electoral ciudadano 46 de este a\u00f1o, promovido contra la Comisi\u00f3n Nacional de Elecciones de MORENA, el Tribunal Electoral [&hellip;]<\/p>\n","protected":false},"author":1,"featured_media":8184,"comment_status":"open","ping_status":"open","sticky":false,"template":"","format":"standard","meta":{"_acf_changed":false,"footnotes":""},"categories":[48],"tags":[],"class_list":["post-8183","post","type-post","status-publish","format-standard","has-post-thumbnail","hentry","category-comunicacion-social"],"acf":[],"_links":{"self":[{"href":"https:\/\/teegro.gob.mx\/sitio2025\/wp-json\/wp\/v2\/posts\/8183","targetHints":{"allow":["GET"]}}],"collection":[{"href":"https:\/\/teegro.gob.mx\/sitio2025\/wp-json\/wp\/v2\/posts"}],"about":[{"href":"https:\/\/teegro.gob.mx\/sitio2025\/wp-json\/wp\/v2\/types\/post"}],"author":[{"embeddable":true,"href":"https:\/\/teegro.gob.mx\/sitio2025\/wp-json\/wp\/v2\/users\/1"}],"replies":[{"embeddable":true,"href":"https:\/\/teegro.gob.mx\/sitio2025\/wp-json\/wp\/v2\/comments?post=8183"}],"version-history":[{"count":1,"href":"https:\/\/teegro.gob.mx\/sitio2025\/wp-json\/wp\/v2\/posts\/8183\/revisions"}],"predecessor-version":[{"id":8185,"href":"https:\/\/teegro.gob.mx\/sitio2025\/wp-json\/wp\/v2\/posts\/8183\/revisions\/8185"}],"wp:featuredmedia":[{"embeddable":true,"href":"https:\/\/teegro.gob.mx\/sitio2025\/wp-json\/wp\/v2\/media\/8184"}],"wp:attachment":[{"href":"https:\/\/teegro.gob.mx\/sitio2025\/wp-json\/wp\/v2\/media?parent=8183"}],"wp:term":[{"taxonomy":"category","embeddable":true,"href":"https:\/\/teegro.gob.mx\/sitio2025\/wp-json\/wp\/v2\/categories?post=8183"},{"taxonomy":"post_tag","embeddable":true,"href":"https:\/\/teegro.gob.mx\/sitio2025\/wp-json\/wp\/v2\/tags?post=8183"}],"curies":[{"name":"wp","href":"https:\/\/api.w.org\/{rel}","templated":true}]}}