{"id":8669,"date":"2019-11-12T12:08:52","date_gmt":"2019-11-12T18:08:52","guid":{"rendered":"https:\/\/teegro.gob.mx\/inicio\/?p=8669"},"modified":"2019-11-12T12:12:36","modified_gmt":"2019-11-12T18:12:36","slug":"participa-el-teegro-en-el-encuentro-regional-de-institutos-tribunales-electorales-e-ine","status":"publish","type":"post","link":"https:\/\/teegro.gob.mx\/sitio2025\/participa-el-teegro-en-el-encuentro-regional-de-institutos-tribunales-electorales-e-ine\/","title":{"rendered":"Participa el TEEGro, en el Encuentro Regional de Institutos, Tribunales Electorales e INE"},"content":{"rendered":"<p><!-- VideographyWP Plugin Message: Automatic video embedding prevented by plugin options. --><br \/>\n<img fetchpriority=\"high\" decoding=\"async\" class=\"aligncenter wp-image-8676\" src=\"https:\/\/teegro.gob.mx\/inicio\/wp-content\/uploads\/2019\/11\/encuentro01.jpg\" alt=\"\" width=\"650\" height=\"421\" srcset=\"https:\/\/teegro.gob.mx\/sitio2025\/wp-content\/uploads\/2019\/11\/encuentro01.jpg 960w, https:\/\/teegro.gob.mx\/sitio2025\/wp-content\/uploads\/2019\/11\/encuentro01-300x194.jpg 300w, https:\/\/teegro.gob.mx\/sitio2025\/wp-content\/uploads\/2019\/11\/encuentro01-768x498.jpg 768w\" sizes=\"(max-width: 650px) 100vw, 650px\" \/><\/p>\n<p>Asiste la Magistrada, Alma Delia Eugenio Alcaraz; la Magistrada, Evelyn Rodr\u00edguez Xinol y el Magistrado Presidente del Tribunal Electoral del Estado de Guerrero, Ram\u00f3n Ramos Piedra, al Encuentro Regional de Institutos, Tribunales Electorales e INE, para contar con herramientas de an\u00e1lisis que se traduzcan en acciones para mejorar la labor de las autoridades electorales.<\/p>\n<p>Durante el Encuentro que realiza este lunes la SRCDMX del TEPJF, el Magistrado, Ram\u00f3n Ramos Piedra, expone sobre las sentencias y criterios relevantes del Tribuna lElectoral, haciendo \u00e9nfasis en logros, retos y presentar propuestas para mejorar la labor de las autoridades electorales.<\/p>\n","protected":false},"excerpt":{"rendered":"<p>Asiste la Magistrada, Alma Delia Eugenio Alcaraz; la Magistrada, Evelyn Rodr\u00edguez Xinol y el Magistrado Presidente del Tribunal Electoral del Estado de Guerrero, Ram\u00f3n Ramos Piedra, al Encuentro Regional de Institutos, Tribunales Electorales e INE, para contar con herramientas de an\u00e1lisis que se traduzcan en acciones para mejorar la labor de las autoridades electorales. Durante [&hellip;]<\/p>\n","protected":false},"author":1,"featured_media":8676,"comment_status":"open","ping_status":"open","sticky":false,"template":"","format":"standard","meta":{"_acf_changed":false,"footnotes":""},"categories":[48,213],"tags":[],"class_list":["post-8669","post","type-post","status-publish","format-standard","has-post-thumbnail","hentry","category-comunicacion-social","category-eventos"],"acf":[],"_links":{"self":[{"href":"https:\/\/teegro.gob.mx\/sitio2025\/wp-json\/wp\/v2\/posts\/8669","targetHints":{"allow":["GET"]}}],"collection":[{"href":"https:\/\/teegro.gob.mx\/sitio2025\/wp-json\/wp\/v2\/posts"}],"about":[{"href":"https:\/\/teegro.gob.mx\/sitio2025\/wp-json\/wp\/v2\/types\/post"}],"author":[{"embeddable":true,"href":"https:\/\/teegro.gob.mx\/sitio2025\/wp-json\/wp\/v2\/users\/1"}],"replies":[{"embeddable":true,"href":"https:\/\/teegro.gob.mx\/sitio2025\/wp-json\/wp\/v2\/comments?post=8669"}],"version-history":[{"count":5,"href":"https:\/\/teegro.gob.mx\/sitio2025\/wp-json\/wp\/v2\/posts\/8669\/revisions"}],"predecessor-version":[{"id":8677,"href":"https:\/\/teegro.gob.mx\/sitio2025\/wp-json\/wp\/v2\/posts\/8669\/revisions\/8677"}],"wp:featuredmedia":[{"embeddable":true,"href":"https:\/\/teegro.gob.mx\/sitio2025\/wp-json\/wp\/v2\/media\/8676"}],"wp:attachment":[{"href":"https:\/\/teegro.gob.mx\/sitio2025\/wp-json\/wp\/v2\/media?parent=8669"}],"wp:term":[{"taxonomy":"category","embeddable":true,"href":"https:\/\/teegro.gob.mx\/sitio2025\/wp-json\/wp\/v2\/categories?post=8669"},{"taxonomy":"post_tag","embeddable":true,"href":"https:\/\/teegro.gob.mx\/sitio2025\/wp-json\/wp\/v2\/tags?post=8669"}],"curies":[{"name":"wp","href":"https:\/\/api.w.org\/{rel}","templated":true}]}}