{"id":8678,"date":"2019-11-12T12:16:39","date_gmt":"2019-11-12T18:16:39","guid":{"rendered":"https:\/\/teegro.gob.mx\/inicio\/?p=8678"},"modified":"2019-11-12T19:31:52","modified_gmt":"2019-11-13T01:31:52","slug":"asiste-el-teegro-a-la-toma-de-protesta-del-colegio-de-abogados-vicente-guerrero-saldana-a-c","status":"publish","type":"post","link":"https:\/\/teegro.gob.mx\/sitio2025\/asiste-el-teegro-a-la-toma-de-protesta-del-colegio-de-abogados-vicente-guerrero-saldana-a-c\/","title":{"rendered":"Asiste el TEEGro a la toma de protesta del Colegio de Abogados \u201cVicente Guerrero Salda\u00f1a A.C.\u201d"},"content":{"rendered":"<p><!-- VideographyWP Plugin Message: Automatic video embedding prevented by plugin options. --><br \/>\n<img fetchpriority=\"high\" decoding=\"async\" class=\"aligncenter wp-image-8679\" src=\"https:\/\/teegro.gob.mx\/inicio\/wp-content\/uploads\/2019\/11\/toma-prot.jpg\" alt=\"\" width=\"650\" height=\"433\" srcset=\"https:\/\/teegro.gob.mx\/sitio2025\/wp-content\/uploads\/2019\/11\/toma-prot.jpg 960w, https:\/\/teegro.gob.mx\/sitio2025\/wp-content\/uploads\/2019\/11\/toma-prot-300x200.jpg 300w, https:\/\/teegro.gob.mx\/sitio2025\/wp-content\/uploads\/2019\/11\/toma-prot-768x512.jpg 768w\" sizes=\"(max-width: 650px) 100vw, 650px\" \/><\/p>\n<p>Asiste el Magistrado Presidente del Tribunal Electoral del Estado de Guerrero, Ram\u00f3n Ramos Piedra, la Magistrada Alma Delia Eugenio Alcaraz y la Magistrada, Evelyn Rodr\u00edguez Xinol, a la toma de protesta del Colegio de Abogados \u201cVicente Guerrero Salda\u00f1a A.C.\u201d, una organizaci\u00f3n sin fines de lucro y comprometida con el desarrollo jur\u00eddico, acad\u00e9mico y profesional del derecho.<\/p>\n","protected":false},"excerpt":{"rendered":"<p>Asiste el Magistrado Presidente del Tribunal Electoral del Estado de Guerrero, Ram\u00f3n Ramos Piedra, la Magistrada Alma Delia Eugenio Alcaraz y la Magistrada, Evelyn Rodr\u00edguez Xinol, a la toma de protesta del Colegio de Abogados \u201cVicente Guerrero Salda\u00f1a A.C.\u201d, una organizaci\u00f3n sin fines de lucro y comprometida con el desarrollo jur\u00eddico, acad\u00e9mico y profesional del [&hellip;]<\/p>\n","protected":false},"author":1,"featured_media":8679,"comment_status":"open","ping_status":"open","sticky":false,"template":"","format":"standard","meta":{"_acf_changed":false,"footnotes":""},"categories":[213],"tags":[],"class_list":["post-8678","post","type-post","status-publish","format-standard","has-post-thumbnail","hentry","category-eventos"],"acf":[],"_links":{"self":[{"href":"https:\/\/teegro.gob.mx\/sitio2025\/wp-json\/wp\/v2\/posts\/8678","targetHints":{"allow":["GET"]}}],"collection":[{"href":"https:\/\/teegro.gob.mx\/sitio2025\/wp-json\/wp\/v2\/posts"}],"about":[{"href":"https:\/\/teegro.gob.mx\/sitio2025\/wp-json\/wp\/v2\/types\/post"}],"author":[{"embeddable":true,"href":"https:\/\/teegro.gob.mx\/sitio2025\/wp-json\/wp\/v2\/users\/1"}],"replies":[{"embeddable":true,"href":"https:\/\/teegro.gob.mx\/sitio2025\/wp-json\/wp\/v2\/comments?post=8678"}],"version-history":[{"count":1,"href":"https:\/\/teegro.gob.mx\/sitio2025\/wp-json\/wp\/v2\/posts\/8678\/revisions"}],"predecessor-version":[{"id":8680,"href":"https:\/\/teegro.gob.mx\/sitio2025\/wp-json\/wp\/v2\/posts\/8678\/revisions\/8680"}],"wp:featuredmedia":[{"embeddable":true,"href":"https:\/\/teegro.gob.mx\/sitio2025\/wp-json\/wp\/v2\/media\/8679"}],"wp:attachment":[{"href":"https:\/\/teegro.gob.mx\/sitio2025\/wp-json\/wp\/v2\/media?parent=8678"}],"wp:term":[{"taxonomy":"category","embeddable":true,"href":"https:\/\/teegro.gob.mx\/sitio2025\/wp-json\/wp\/v2\/categories?post=8678"},{"taxonomy":"post_tag","embeddable":true,"href":"https:\/\/teegro.gob.mx\/sitio2025\/wp-json\/wp\/v2\/tags?post=8678"}],"curies":[{"name":"wp","href":"https:\/\/api.w.org\/{rel}","templated":true}]}}